{"id":2012,"date":"2019-04-17T09:21:43","date_gmt":"2019-04-17T12:21:43","guid":{"rendered":"http:\/\/www.ifbaiano.edu.br\/unidades\/alagoinhas\/?p=2012"},"modified":"2022-06-30T11:36:12","modified_gmt":"2022-06-30T14:36:12","slug":"curso-de-especializacao-em-ensino-de-ciencias-naturais-e-matematica","status":"publish","type":"post","link":"https:\/\/www.ifbaiano.edu.br\/unidades\/alagoinhas\/curso-de-especializacao-em-ensino-de-ciencias-naturais-e-matematica\/","title":{"rendered":"Confira o resultado preliminar."},"content":{"rendered":"\n<p>O Campus Alagoinhas do Instituto Federal Baiano abre Curso de P\u00f3s-Gradua\u00e7\u00e3o Lato Sensu em Ensino de Ci\u00eancias Naturais e Matem\u00e1tica.<\/p>\n\n\n\n<p>Consulte o <a href=\"http:\/\/concurso.ifbaiano.edu.br\/portal\/por-graduacao-ensino-ciencias-naturais-matematica-abril-2019\/wp-content\/uploads\/sites\/252\/2019\/06\/RESULTADO-PRELIMINAR.pdf\" target=\"_blank\" rel=\"noreferrer noopener\" aria-label=\"resultado preliminar (abre numa nova aba)\">resultado preliminar<\/a>, o <a rel=\"noreferrer noopener\" aria-label=\"resultado dos recursos da 2\u00aa Fase (abre numa nova aba)\" href=\"http:\/\/concurso.ifbaiano.edu.br\/portal\/por-graduacao-ensino-ciencias-naturais-matematica-abril-2019\/wp-content\/uploads\/sites\/252\/2019\/06\/Resultado-dos-recursos-da-2%C2%AA-fase.pdf\" target=\"_blank\">resultado dos recursos da 2\u00aa Fase<\/a>, a <a rel=\"noreferrer noopener\" aria-label=\"retifica\u00e7\u00e3o do edital (abre numa nova aba)\" href=\"http:\/\/concurso.ifbaiano.edu.br\/portal\/por-graduacao-ensino-ciencias-naturais-matematica-abril-2019\/wp-content\/uploads\/sites\/252\/2019\/06\/Retifica%C3%A7%C3%A3o-de-Edital-02-Novo-Cronograma.pdf\" target=\"_blank\">retifica\u00e7\u00e3o do edital<\/a> (5\/6\/19), a  <a rel=\"noreferrer noopener\" aria-label=\"homologa\u00e7\u00e3o das inscri\u00e7\u00f5es p\u00f3s recursos (abre numa nova aba)\" href=\"http:\/\/concurso.ifbaiano.edu.br\/portal\/por-graduacao-ensino-ciencias-naturais-matematica-abril-2019\/wp-content\/uploads\/sites\/252\/2019\/05\/HOMOLOGA%C3%87%C3%83O-FINAL-DAS-INSCRI%C3%87%C3%95ES.pdf\" target=\"_blank\">homologa\u00e7\u00e3o das inscri\u00e7\u00f5es p\u00f3s recursos<\/a>, o <a rel=\"noreferrer noopener\" aria-label=\"resultado dos recursos (abre numa nova aba)\" href=\"http:\/\/concurso.ifbaiano.edu.br\/portal\/por-graduacao-ensino-ciencias-naturais-matematica-abril-2019\/wp-content\/uploads\/sites\/252\/2019\/05\/RESULTADO-DOS-RECURSOS.pdf\" target=\"_blank\">resultado dos recursos<\/a>, o <a rel=\"noreferrer noopener\" aria-label=\"resultado da primeira fase (abre numa nova aba)\" href=\"http:\/\/concurso.ifbaiano.edu.br\/portal\/por-graduacao-ensino-ciencias-naturais-matematica-abril-2019\/wp-content\/uploads\/sites\/252\/2019\/05\/PONTUA%C3%87%C3%83O-DOS-CANDIDATOS.pdf\" target=\"_blank\">resultado da primeira fase<\/a> (an\u00e1lise de carta de interesse) e a <a rel=\"noreferrer noopener\" aria-label=\"convoca\u00e7\u00e3o e o cronograma de entrevistas (abre numa nova aba)\" href=\"http:\/\/concurso.ifbaiano.edu.br\/portal\/por-graduacao-ensino-ciencias-naturais-matematica-abril-2019\/wp-content\/uploads\/sites\/252\/2019\/05\/Cronograma-de-entrevistas.pdf\" target=\"_blank\">convoca\u00e7\u00e3o e o cronograma de entrevistas<\/a>.<\/p>\n\n\n\n<p>As aulas do curso ser\u00e3o ofertadas quinzenalmente aos s\u00e1bados, sendo ministradas nos turnos matutino e vespertino, com a seguinte distribui\u00e7\u00e3o de carga hor\u00e1ria: S\u00e1bado das 8 \u00e0s 12 hs e das 13 \u00e0s 17 horas.<\/p>\n\n\n\n<p>A Matriz Curricular do Curso pode ser visualizada <a rel=\"noreferrer noopener\" aria-label=\"aqui (abre numa nova aba)\" href=\"http:\/\/concurso.ifbaiano.edu.br\/portal\/por-graduacao-ensino-ciencias-naturais-matematica-abril-2019\/wp-content\/uploads\/sites\/252\/2019\/05\/MATRIZ-CURRICULAR.pdf\" target=\"_blank\">aqui<\/a> e demais informa\u00e7\u00f5es poder\u00e3o ser obtidas <a rel=\"noreferrer noopener\" aria-label=\"aqui (abre numa nova aba)\" href=\"http:\/\/concurso.ifbaiano.edu.br\/portal\/por-graduacao-ensino-ciencias-naturais-matematica-abril-2019\/\" target=\"_blank\">aqui<\/a> ou pelo endere\u00e7o eletr\u00f4nico: especializacao.ecnm@alagoinhas.ifbaiano.edu.br , pelo WhatsApp (75) 9916-4941 ou diretamente no Campus Alagoinhas, no endere\u00e7o Rua Manoel Rom\u00e3o, N\u00b0 150, Bairro Alagoinhas Velhas, CEP \u2013 48030-530, Alagoinhas, Bahia. Tel.: (75) 3422-6122 e (75) 3421-4511.<\/p>\n","protected":false},"excerpt":{"rendered":"<p>Curso de Especializa\u00e7\u00e3o em Ensino de Ci\u00eancias Naturais e Matem\u00e1tica<\/p>\n","protected":false},"author":117,"featured_media":2146,"comment_status":"open","ping_status":"open","sticky":false,"template":"","format":"standard","meta":[],"categories":[7],"tags":[],"_links":{"self":[{"href":"https:\/\/www.ifbaiano.edu.br\/unidades\/alagoinhas\/wp-json\/wp\/v2\/posts\/2012"}],"collection":[{"href":"https:\/\/www.ifbaiano.edu.br\/unidades\/alagoinhas\/wp-json\/wp\/v2\/posts"}],"about":[{"href":"https:\/\/www.ifbaiano.edu.br\/unidades\/alagoinhas\/wp-json\/wp\/v2\/types\/post"}],"author":[{"embeddable":true,"href":"https:\/\/www.ifbaiano.edu.br\/unidades\/alagoinhas\/wp-json\/wp\/v2\/users\/117"}],"replies":[{"embeddable":true,"href":"https:\/\/www.ifbaiano.edu.br\/unidades\/alagoinhas\/wp-json\/wp\/v2\/comments?post=2012"}],"version-history":[{"count":26,"href":"https:\/\/www.ifbaiano.edu.br\/unidades\/alagoinhas\/wp-json\/wp\/v2\/posts\/2012\/revisions"}],"predecessor-version":[{"id":2367,"href":"https:\/\/www.ifbaiano.edu.br\/unidades\/alagoinhas\/wp-json\/wp\/v2\/posts\/2012\/revisions\/2367"}],"wp:featuredmedia":[{"embeddable":true,"href":"https:\/\/www.ifbaiano.edu.br\/unidades\/alagoinhas\/wp-json\/wp\/v2\/media\/2146"}],"wp:attachment":[{"href":"https:\/\/www.ifbaiano.edu.br\/unidades\/alagoinhas\/wp-json\/wp\/v2\/media?parent=2012"}],"wp:term":[{"taxonomy":"category","embeddable":true,"href":"https:\/\/www.ifbaiano.edu.br\/unidades\/alagoinhas\/wp-json\/wp\/v2\/categories?post=2012"},{"taxonomy":"post_tag","embeddable":true,"href":"https:\/\/www.ifbaiano.edu.br\/unidades\/alagoinhas\/wp-json\/wp\/v2\/tags?post=2012"}],"curies":[{"name":"wp","href":"https:\/\/api.w.org\/{rel}","templated":true}]}}