{"id":4439,"date":"2022-08-22T12:25:04","date_gmt":"2022-08-22T15:25:04","guid":{"rendered":"https:\/\/www.ifbaiano.edu.br\/unidades\/alagoinhas\/?p=4439"},"modified":"2024-08-28T10:40:23","modified_gmt":"2024-08-28T13:40:23","slug":"edital-n10-de-19-08-22-paise","status":"publish","type":"post","link":"https:\/\/www.ifbaiano.edu.br\/unidades\/alagoinhas\/edital-n10-de-19-08-22-paise\/","title":{"rendered":"PROGRAMA DE ASSIST\u00caNCIA E INCLUS\u00c3O SOCIAL DO ESTUDANTE \u2013 PAISE 2022"},"content":{"rendered":"\n<p class=\"has-medium-font-size\">O Diretor Geral do Instituto Federal de Educa\u00e7\u00e3o, Ci\u00eancia e Tecnologia Baiano \u2013 IF Baiano, campus Alagoinhas , no uso de suas atribui\u00e7\u00f5es legais na forma do que disp\u00f5e a Lei n\u00ba. 11.892\/2008, considerando ainda o Decreto n\u00b0 7.234\/2010 e a Resolu\u00e7\u00e3o N\u00ba 01, de 29 de janeiro de 2019, que institui a <strong>Pol\u00edtica de Assist\u00eancia Estudantil<\/strong> no \u00e2mbito do IF Baiano, torna p\u00fablico o presente Edital que estabelece as normas e crit\u00e9rios para sele\u00e7\u00e3o de estudantes em vulnerabilidade socioecon\u00f4mica, de cursos presenciais e \u00e0 dist\u00e2ncia, com a finalidade de participa\u00e7\u00e3o na Pol\u00edtica de Assist\u00eancia Estudantil deste Instituto, por meio do<strong> PAISE.<\/strong><\/p>\n\n\n\n<p><\/p>\n\n\n\n<p class=\"has-medium-font-size\">Acesse o Edital no link abaixo, para obter as informa\u00e7\u00f5es completas.<\/p>\n\n\n\n<div class=\"wp-block-file\"><a id=\"wp-block-file--media-4db193a6-78af-41bc-a213-fc34d78e1fe9\" href=\"https:\/\/www.ifbaiano.edu.br\/unidades\/alagoinhas\/files\/2022\/09\/Resultado-Final-Paise-1.pdf\">Resultado Final &#8211; Paise &#8211; 2022 <\/a><\/div>\n\n\n\n<div class=\"wp-block-file\"><a id=\"wp-block-file--media-b1f3963f-5abc-461b-9377-ef2d79527890\" href=\"https:\/\/www.ifbaiano.edu.br\/unidades\/alagoinhas\/files\/2022\/09\/Resultado-dos-pre-selecionados-PAISE-2022.pdf\">Resultado dos pr\u00e9-selecionados &#8211; PAISE &#8211; 2022<\/a><\/div>\n\n\n\n<div class=\"wp-block-file\"><a id=\"wp-block-file--media-c6ca783f-9936-4258-886f-bc1e4c1ef9b2\" href=\"https:\/\/www.ifbaiano.edu.br\/unidades\/alagoinhas\/files\/2022\/08\/Edital-Paise-2022.pdf\"><strong>Edital Paise 2022<\/strong><\/a><\/div>\n\n\n\n<div class=\"wp-block-file\"><a id=\"wp-block-file--media-f260b937-61ab-49aa-94f9-5649081cb77f\" href=\"https:\/\/www.ifbaiano.edu.br\/unidades\/alagoinhas\/files\/2022\/09\/Retifica\u00e7\u00e3o-do-Edital-PAISE-2022.pdf\"><mark class=\"has-inline-color has-vivid-red-color\"><strong>Retifica\u00e7\u00e3o-do-Edital-PAISE-2022<\/strong><\/mark><\/a><\/div>\n\n\n\n<div class=\"wp-block-file\"><a id=\"wp-block-file--media-645ed42a-e122-49c0-9264-4e3a55641a16\" href=\"https:\/\/www.ifbaiano.edu.br\/unidades\/alagoinhas\/files\/2022\/09\/Cronograma-de-Entrevistas.pdf\"><strong>Cronograma-de-Entrevistas<\/strong><\/a><\/div>\n\n\n\n<p class=\"has-medium-font-size\"><strong>Aux\u00edlios: <\/strong><\/p>\n\n\n\n<ul class=\"has-medium-font-size\">\n<li>Transporte Municipal<\/li>\n\n\n\n<li>Transporte (curso noturno)<\/li>\n\n\n\n<li>Transporte (intermunicipal)<\/li>\n\n\n\n<li>Moradia<\/li>\n\n\n\n<li>Perman\u00eancia<\/li>\n\n\n\n<li>Creche para cursos presenciais<\/li>\n\n\n\n<li>Creche para cursos EAD &#8211; Mensal<\/li>\n\n\n\n<li>Transporte para cursos EAD- Mensal<br><br><strong>Per\u00edodo de inscri\u00e7\u00e3o: <\/strong>31\/08\/2022 a 02\/09\/2022 e de 05\/09\/22 a 08\/09\/2022<\/li>\n<\/ul>\n","protected":false},"excerpt":{"rendered":"<p>O Diretor Geral do Instituto Federal de Educa\u00e7\u00e3o, Ci\u00eancia e Tecnologia Baiano \u2013 IF Baiano, campus Alagoinhas , no uso de suas atribui\u00e7\u00f5es legais na forma do que disp\u00f5e a Lei n\u00ba. 11.892\/2008, considerando ainda o Decreto n\u00b0 7.234\/2010 e a Resolu\u00e7\u00e3o N\u00ba 01, de 29 de janeiro de 2019, que institui a Pol\u00edtica de [&hellip;]<\/p>\n","protected":false},"author":133,"featured_media":0,"comment_status":"open","ping_status":"open","sticky":false,"template":"","format":"standard","meta":[],"categories":[8,34,7],"tags":[],"_links":{"self":[{"href":"https:\/\/www.ifbaiano.edu.br\/unidades\/alagoinhas\/wp-json\/wp\/v2\/posts\/4439"}],"collection":[{"href":"https:\/\/www.ifbaiano.edu.br\/unidades\/alagoinhas\/wp-json\/wp\/v2\/posts"}],"about":[{"href":"https:\/\/www.ifbaiano.edu.br\/unidades\/alagoinhas\/wp-json\/wp\/v2\/types\/post"}],"author":[{"embeddable":true,"href":"https:\/\/www.ifbaiano.edu.br\/unidades\/alagoinhas\/wp-json\/wp\/v2\/users\/133"}],"replies":[{"embeddable":true,"href":"https:\/\/www.ifbaiano.edu.br\/unidades\/alagoinhas\/wp-json\/wp\/v2\/comments?post=4439"}],"version-history":[{"count":9,"href":"https:\/\/www.ifbaiano.edu.br\/unidades\/alagoinhas\/wp-json\/wp\/v2\/posts\/4439\/revisions"}],"predecessor-version":[{"id":5932,"href":"https:\/\/www.ifbaiano.edu.br\/unidades\/alagoinhas\/wp-json\/wp\/v2\/posts\/4439\/revisions\/5932"}],"wp:attachment":[{"href":"https:\/\/www.ifbaiano.edu.br\/unidades\/alagoinhas\/wp-json\/wp\/v2\/media?parent=4439"}],"wp:term":[{"taxonomy":"category","embeddable":true,"href":"https:\/\/www.ifbaiano.edu.br\/unidades\/alagoinhas\/wp-json\/wp\/v2\/categories?post=4439"},{"taxonomy":"post_tag","embeddable":true,"href":"https:\/\/www.ifbaiano.edu.br\/unidades\/alagoinhas\/wp-json\/wp\/v2\/tags?post=4439"}],"curies":[{"name":"wp","href":"https:\/\/api.w.org\/{rel}","templated":true}]}}