{"id":5288,"date":"2023-09-28T19:17:27","date_gmt":"2023-09-28T22:17:27","guid":{"rendered":"https:\/\/www.ifbaiano.edu.br\/unidades\/alagoinhas\/?p=5288"},"modified":"2025-07-29T22:48:55","modified_gmt":"2025-07-30T01:48:55","slug":"paeepropac2023","status":"publish","type":"post","link":"https:\/\/www.ifbaiano.edu.br\/unidades\/alagoinhas\/paeepropac2023\/","title":{"rendered":"Programa de Aux\u00edlios Eventuais \u2013 PAE e Programa de Incentivo \u00e0 Participa\u00e7\u00e3o Pol\u00edtico Acad\u00eamica &#8211; PROPAC 2023"},"content":{"rendered":"\n<div class=\"wp-block-file\"><a id=\"wp-block-file--media-64cfc1d2-5708-4e94-982e-214ef582980a\" href=\"https:\/\/www.ifbaiano.edu.br\/unidades\/alagoinhas\/files\/2023\/09\/PAE.pdf\" target=\"_blank\" rel=\"noreferrer noopener\">PAE -Programa de Aux\u00edlios Eventuais &#8211; Edital 19\/2023<\/a><a href=\"https:\/\/www.ifbaiano.edu.br\/unidades\/alagoinhas\/files\/2023\/09\/PAE.pdf\" class=\"wp-block-file__button wp-element-button\" download aria-describedby=\"wp-block-file--media-64cfc1d2-5708-4e94-982e-214ef582980a\">Baixar<\/a><\/div>\n\n\n\n<p class=\"has-text-align-center has-black-color has-light-green-cyan-to-vivid-green-cyan-gradient-background has-text-color has-background has-medium-font-size\"><strong>Veja alguns pontos altos do Edital 19\/2023:<\/strong><\/p>\n\n\n\n<p><strong>1. DO PROGRAMA E DAS SUAS MODALIDADES<\/strong><br>1.1&nbsp;O Programa de Aux\u00edlios Eventuais \u2013 PAE, integrante da Pol\u00edtica de Assist\u00eancia Estudantil do IF Baiano, visa contribuir para o atendimento de diferentes demandas apresentadas pelos(as) estudantes e\/ou identificadas pela equipe de profissionais da assist\u00eancia estudantil ou demais servidores, sendo estas situa\u00e7\u00f5es eventuais.<br>Par\u00e1grafo \u00danico. Entende-se por situa\u00e7\u00f5es eventuais aquelas inesperadas e que tenham car\u00e1ter tempor\u00e1rio que tendem a interferir diretamente nos processos de ensino e aprendizagem do(a) estudante.<br>1.2 A concess\u00e3o de aux\u00edlios eventuais se dar\u00e1 atrav\u00e9s de repasse financeiro a estudantes em situa\u00e7\u00e3o de vulnerabilidade socioecon\u00f4mica, caracterizado como ajuda de custo para necessidades espec\u00edficas, relativas a demandas emergenciais, para apoiar as despesas referentes a:<br><strong>a. exames m\u00e9dicos e odontol\u00f3gicos;<br>b. acompanhamento psicoterap\u00eautico;<br>c. compra de medica\u00e7\u00f5es prescritas por m\u00e9dico ou dentista;<br>d. aquisi\u00e7\u00e3o de \u00f3culos de grau;<br>e. tratamento dent\u00e1rio;<br>f. compra de cama e colch\u00e3o;<\/strong><br>g. outras demandas, a serem avaliadas pela Comiss\u00e3o Local de Assist\u00eancia Estudantil (CLAE).<br><em>1.2.1&nbsp;\u00c9&nbsp;vedada a concess\u00e3o de aux\u00edlio eventual para as demandas que s\u00e3o cobertas pelo&nbsp;Campus&nbsp;ou de natureza meramente est\u00e9tica.<\/em><\/p>\n\n\n\n<div class=\"wp-block-file\"><a id=\"wp-block-file--media-a6fa5a82-6b05-4caf-a1f6-968bcb612b5b\" href=\"https:\/\/www.ifbaiano.edu.br\/unidades\/alagoinhas\/files\/2023\/09\/PROPAC-1.pdf\" target=\"_blank\" rel=\"noreferrer noopener\">ProPAc &#8211; Programa de Incentivo \u00e0 Participa\u00e7\u00e3o  Pol\u00edtico &#8211; Acad\u00eamica &#8211; Edital 28.2023<\/a><a href=\"https:\/\/www.ifbaiano.edu.br\/unidades\/alagoinhas\/files\/2023\/09\/PROPAC-1.pdf\" class=\"wp-block-file__button wp-element-button\" download aria-describedby=\"wp-block-file--media-a6fa5a82-6b05-4caf-a1f6-968bcb612b5b\">Baixar<\/a><\/div>\n\n\n\n<p class=\"has-text-align-center has-black-color has-light-green-cyan-to-vivid-green-cyan-gradient-background has-text-color has-background has-medium-font-size\"><strong>Veja alguns pontos altos do Edital 28\/2023:<\/strong><\/p>\n\n\n\n<p><br>1.1 O Programa de Incentivo \u00e0 Participa\u00e7\u00e3o Pol\u00edtico-Acad\u00eamica &#8211; PROPAC visa apoiar&nbsp;a&nbsp;realiza\u00e7\u00e3o de a\u00e7\u00f5es que contribuam para a produ\u00e7\u00e3o cient\u00edfica, acad\u00eamica e tecnol\u00f3gica, o exerc\u00edcio da cidadania e o direito de organiza\u00e7\u00e3o pol\u00edtica do(a) estudante.<br>1.2 O PROPAC \u00e9 composto por tr\u00eas aux\u00edlios especificados abaixo:<br><strong>1.2.1 Aux\u00edlio Participa\u00e7\u00e3o em Eventos de Car\u00e1ter Cient\u00edfico, Acad\u00eamico ou Tecnol\u00f3gico.<\/strong>&nbsp;Tem como finalidade <strong>apoiar financeiramente a participa\u00e7\u00e3o de discentes do IF Baiano em simp\u00f3sios, semin\u00e1rios, encontros, workshops, e congressos, visando&nbsp;\u00e0&nbsp;apresenta\u00e7\u00e3o de trabalhos cient\u00edficos, acad\u00eamicos ou tecnol\u00f3gicos<\/strong>, entendendo-se por:<br>I. Eventos Cient\u00edficos e Acad\u00eamicos, aqueles cujo foco seja a difus\u00e3o\/discuss\u00e3o\/compara\u00e7\u00e3o do conhecimento cient\u00edfico e valoriza\u00e7\u00e3o dos saberes tradicionais;<br>II. Eventos Tecnol\u00f3gicos,&nbsp;aqueles cujo foco seja a aplica\u00e7\u00e3o de conhecimento t\u00e9cnico-cient\u00edfico e as ferramentas, processos e materiais criados e\/ou utilizados a partir de tal conhecimento, que propiciem o encontro entre as ci\u00eancias b\u00e1sicas e as ci\u00eancias aplicadas.<br>1.2.1.1 <strong>Somente ser\u00e1 apoiada a participa\u00e7\u00e3o de estudantes em eventos de car\u00e1ter cient\u00edfico, acad\u00eamico e tecnol\u00f3gico para apresenta\u00e7\u00e3o de trabalhos.<\/strong><br>1.2.1.1.1 N\u00e3o ser\u00e1 concedido aux\u00edlio \u00e0 participa\u00e7\u00e3o de estudantes como ouvintes ou visitantes em eventos de natureza cient\u00edfica, acad\u00eamica ou tecnol\u00f3gica.<br>1.2.1.1.2 S\u00f3 ser\u00e1 concedido aux\u00edlio para evento cient\u00edfico,&nbsp;acad\u00eamico ou tecnol\u00f3gico ao principal autor do trabalho a ser apresentado, salvo quando houver demanda expressa pelo(a) orientador(a).<br>1.2.1.1.3 No caso de qualquer impedimento do autor principal, este poder\u00e1 ser substitu\u00eddo ou representado por um coautor.<\/p>\n","protected":false},"excerpt":{"rendered":"<p>Veja alguns pontos altos do Edital 19\/2023: 1. DO PROGRAMA E DAS SUAS MODALIDADES1.1&nbsp;O Programa de Aux\u00edlios Eventuais \u2013 PAE, integrante da Pol\u00edtica de Assist\u00eancia Estudantil do IF Baiano, visa contribuir para o atendimento de diferentes demandas apresentadas pelos(as) estudantes e\/ou identificadas pela equipe de profissionais da assist\u00eancia estudantil ou demais servidores, sendo estas situa\u00e7\u00f5es [&hellip;]<\/p>\n","protected":false},"author":156,"featured_media":0,"comment_status":"open","ping_status":"open","sticky":false,"template":"","format":"standard","meta":[],"categories":[8,34,7],"tags":[45,54,57,38,58],"_links":{"self":[{"href":"https:\/\/www.ifbaiano.edu.br\/unidades\/alagoinhas\/wp-json\/wp\/v2\/posts\/5288"}],"collection":[{"href":"https:\/\/www.ifbaiano.edu.br\/unidades\/alagoinhas\/wp-json\/wp\/v2\/posts"}],"about":[{"href":"https:\/\/www.ifbaiano.edu.br\/unidades\/alagoinhas\/wp-json\/wp\/v2\/types\/post"}],"author":[{"embeddable":true,"href":"https:\/\/www.ifbaiano.edu.br\/unidades\/alagoinhas\/wp-json\/wp\/v2\/users\/156"}],"replies":[{"embeddable":true,"href":"https:\/\/www.ifbaiano.edu.br\/unidades\/alagoinhas\/wp-json\/wp\/v2\/comments?post=5288"}],"version-history":[{"count":10,"href":"https:\/\/www.ifbaiano.edu.br\/unidades\/alagoinhas\/wp-json\/wp\/v2\/posts\/5288\/revisions"}],"predecessor-version":[{"id":6785,"href":"https:\/\/www.ifbaiano.edu.br\/unidades\/alagoinhas\/wp-json\/wp\/v2\/posts\/5288\/revisions\/6785"}],"wp:attachment":[{"href":"https:\/\/www.ifbaiano.edu.br\/unidades\/alagoinhas\/wp-json\/wp\/v2\/media?parent=5288"}],"wp:term":[{"taxonomy":"category","embeddable":true,"href":"https:\/\/www.ifbaiano.edu.br\/unidades\/alagoinhas\/wp-json\/wp\/v2\/categories?post=5288"},{"taxonomy":"post_tag","embeddable":true,"href":"https:\/\/www.ifbaiano.edu.br\/unidades\/alagoinhas\/wp-json\/wp\/v2\/tags?post=5288"}],"curies":[{"name":"wp","href":"https:\/\/api.w.org\/{rel}","templated":true}]}}