{"id":5927,"date":"2024-08-28T10:27:53","date_gmt":"2024-08-28T13:27:53","guid":{"rendered":"https:\/\/www.ifbaiano.edu.br\/unidades\/alagoinhas\/?p=5927"},"modified":"2025-06-06T18:43:11","modified_gmt":"2025-06-06T21:43:11","slug":"paise2024","status":"publish","type":"post","link":"https:\/\/www.ifbaiano.edu.br\/unidades\/alagoinhas\/paise2024\/","title":{"rendered":"PROGRAMA DE ASSIST\u00caNCIA E INCLUS\u00c3O SOCIAL DO ESTUDANTE \u2013 PAISE 2024"},"content":{"rendered":"\n<div class=\"wp-block-file\"><a id=\"wp-block-file--media-d1e309ac-12ec-4b64-865e-b030357b4788\" href=\"https:\/\/www.ifbaiano.edu.br\/unidades\/alagoinhas\/files\/2024\/08\/Edital-no-13-de-27-de-agosto-de-2024.pdf\" target=\"_blank\" rel=\"noreferrer noopener\"><strong>Edital N\u00ba 13 de 27 de agosto de 2024<\/strong><\/a><a href=\"https:\/\/www.ifbaiano.edu.br\/unidades\/alagoinhas\/files\/2024\/08\/Edital-no-13-de-27-de-agosto-de-2024.pdf\" class=\"wp-block-file__button wp-element-button\" download aria-describedby=\"wp-block-file--media-d1e309ac-12ec-4b64-865e-b030357b4788\">Baixar<\/a><\/div>\n\n\n\n<div class=\"wp-block-file\"><a id=\"wp-block-file--media-72cdd419-650a-4a97-91fa-6daeda27207d\" href=\"https:\/\/www.ifbaiano.edu.br\/unidades\/alagoinhas\/files\/2024\/09\/Cronograma-Retificado-PAISE-2024.pdf\" target=\"_blank\" rel=\"noreferrer noopener\">Cronograma Retificado &#8211; Anexo I &#8211; PAISE 2024<\/a><a href=\"https:\/\/www.ifbaiano.edu.br\/unidades\/alagoinhas\/files\/2024\/09\/Cronograma-Retificado-PAISE-2024.pdf\" class=\"wp-block-file__button wp-element-button\" download aria-describedby=\"wp-block-file--media-72cdd419-650a-4a97-91fa-6daeda27207d\">Baixar<\/a><\/div>\n\n\n\n<div class=\"wp-block-file\"><a id=\"wp-block-file--media-a3a2a83e-29ea-4cf4-8570-fa70da0d97e2\" href=\"https:\/\/www.ifbaiano.edu.br\/unidades\/alagoinhas\/files\/2024\/10\/Divulgacao-dos-pre-selecionados-por-auxilio.pdf\">Divulgacao-dos-pre-selecionados-por-auxilio<\/a><a href=\"https:\/\/www.ifbaiano.edu.br\/unidades\/alagoinhas\/files\/2024\/10\/Divulgacao-dos-pre-selecionados-por-auxilio.pdf\" class=\"wp-block-file__button wp-element-button\" download aria-describedby=\"wp-block-file--media-a3a2a83e-29ea-4cf4-8570-fa70da0d97e2\">Baixar<\/a><\/div>\n\n\n\n<div class=\"wp-block-file\"><a id=\"wp-block-file--media-f0101770-3fd0-4668-987f-9fa7856b219b\" href=\"https:\/\/www.ifbaiano.edu.br\/unidades\/alagoinhas\/files\/2024\/10\/RESULTADO-FINAL.pdf\">RESULTADO FINAL CAMPUS ALAGOINHAS<\/a><a href=\"https:\/\/www.ifbaiano.edu.br\/unidades\/alagoinhas\/files\/2024\/10\/RESULTADO-FINAL.pdf\" class=\"wp-block-file__button wp-element-button\" download aria-describedby=\"wp-block-file--media-f0101770-3fd0-4668-987f-9fa7856b219b\">Baixar<\/a><\/div>\n\n\n\n<div class=\"wp-block-file\"><a id=\"wp-block-file--media-b5f73b73-8fef-4449-8276-78571d47bc83\" href=\"https:\/\/www.ifbaiano.edu.br\/unidades\/alagoinhas\/files\/2024\/10\/2a-lista-de-discentes-contemplados-no-PAISE-2024.pdf\">2a-lista-de-discentes-contemplados-no-PAISE-2024<\/a><a href=\"https:\/\/www.ifbaiano.edu.br\/unidades\/alagoinhas\/files\/2024\/10\/2a-lista-de-discentes-contemplados-no-PAISE-2024.pdf\" class=\"wp-block-file__button wp-element-button\" download aria-describedby=\"wp-block-file--media-b5f73b73-8fef-4449-8276-78571d47bc83\">Baixar<\/a><\/div>\n\n\n\n<p>O REITOR DO INSTITUTO FEDERAL DE EDUCA\u00c7\u00c3O, CI\u00caNCIA E TECNOLOGIA BAIANO &#8211; IF BAIANO, nomeado pelo Decreto de 26\/04\/2022, publicado no DOU de 27\/04\/2022, Se\u00e7\u00e3o 2, p\u00e1gina 01, e de acordo com as disposi\u00e7\u00f5es contidas na Lei n\u00ba 11.892, de 29\/12\/2008, e na Lei n\u00ba 8.112, de 11\/12\/1990, considerando ainda o Decreto n\u00b0 7.234\/2010 e a Resolu\u00e7\u00e3o N\u00ba 01, de 29 de janeiro de 2019, que institui a Pol\u00edtica de Assist\u00eancia Estudantil no \u00e2mbito do IF Baiano, torna p\u00fablico o presente Edital de Fluxo Cont\u00ednuo que estabelece as normas e crit\u00e9rios para sele\u00e7\u00e3o de estudantes em vulnerabilidade socioecon\u00f4mica, de cursos presenciais e \u00e0 dist\u00e2ncia, com a finalidade de participa\u00e7\u00e3o na Pol\u00edtica de Assist\u00eancia Estudantil deste Instituto, por meio do PAISE.<\/p>\n\n\n\n<div class=\"wp-block-file\"><a id=\"wp-block-file--media-1b7372bb-e852-4184-bd95-0ace3901c7c6\" href=\"https:\/\/www.ifbaiano.edu.br\/unidades\/alagoinhas\/files\/2024\/09\/Tutorial-Estudantes-PAISE-no-SUAP.pdf\" target=\"_blank\" rel=\"noreferrer noopener\"><strong>Tutorial para Inscri\u00e7\u00e3o no SUAP<\/strong><\/a><a href=\"https:\/\/www.ifbaiano.edu.br\/unidades\/alagoinhas\/files\/2024\/09\/Tutorial-Estudantes-PAISE-no-SUAP.pdf\" class=\"wp-block-file__button wp-element-button\" download aria-describedby=\"wp-block-file--media-1b7372bb-e852-4184-bd95-0ace3901c7c6\">Baixar<\/a><\/div>\n\n\n\n<p><strong>Inscri\u00e7\u00f5es at\u00e9 o dia 10\/09\/2024<\/strong><\/p>\n\n\n\n<p>Quadro 1. Limites m\u00e1ximos dos aux\u00edlios a serem praticados no \u00e2mbito do PAISE. (Adaptado para os aux\u00edlios dispon\u00edveis no <em>Campus<\/em>)<\/p>\n\n\n\n<figure class=\"wp-block-table\"><table><thead><tr><th>AUX\u00cdLIO\/BENEF\u00cdCIO<\/th><th>VALOR (R$)<\/th><\/tr><\/thead><tbody><tr><td>Aux\u00edlio Moradia \u2013 Mensal<\/td><td>350,00<\/td><\/tr><tr><td>Aux\u00edlio Uniforme \u2013 \u00danico<\/td><td>100,00<\/td><\/tr><tr><td>Aux\u00edlio C\u00f3pia e Impress\u00e3o \u2013 Mensal<\/td><td>20,00<\/td><\/tr><tr><td>Aux\u00edlio Perman\u00eancia \u2013 Mensal<\/td><td>300,00<\/td><\/tr><tr><td>Aux\u00edlio Transporte para Cursos Presenciais intermunicipal e noturno \u2013 Mensal<\/td><td>250,00<\/td><\/tr><tr><td>Aux\u00edlio Creche para Cursos Presenciais \u2013 Mensal<\/td><td>300,00<\/td><\/tr><tr><td>Aux\u00edlio Creche para Cursos \u00e0 Dist\u00e2ncia \u2013 Mensal<\/td><td>150,00<\/td><\/tr><tr><td>Aux\u00edlio Transporte para Cursos Presenciais Municipal \u2013 Mensal<\/td><td>250,00<\/td><\/tr><tr><td>Aux\u00edlio Transporte para Cursos \u00e0 Dist\u00e2ncia \u2013 Mensal<\/td><td>80,00<\/td><\/tr><\/tbody><\/table><\/figure>\n","protected":false},"excerpt":{"rendered":"<p>O REITOR DO INSTITUTO FEDERAL DE EDUCA\u00c7\u00c3O, CI\u00caNCIA E TECNOLOGIA BAIANO &#8211; IF BAIANO, nomeado pelo Decreto de 26\/04\/2022, publicado no DOU de 27\/04\/2022, Se\u00e7\u00e3o 2, p\u00e1gina 01, e de acordo com as disposi\u00e7\u00f5es contidas na Lei n\u00ba 11.892, de 29\/12\/2008, e na Lei n\u00ba 8.112, de 11\/12\/1990, considerando ainda o Decreto n\u00b0 7.234\/2010 e [&hellip;]<\/p>\n","protected":false},"author":156,"featured_media":5959,"comment_status":"open","ping_status":"open","sticky":false,"template":"","format":"standard","meta":[],"categories":[8,34,1,7],"tags":[],"_links":{"self":[{"href":"https:\/\/www.ifbaiano.edu.br\/unidades\/alagoinhas\/wp-json\/wp\/v2\/posts\/5927"}],"collection":[{"href":"https:\/\/www.ifbaiano.edu.br\/unidades\/alagoinhas\/wp-json\/wp\/v2\/posts"}],"about":[{"href":"https:\/\/www.ifbaiano.edu.br\/unidades\/alagoinhas\/wp-json\/wp\/v2\/types\/post"}],"author":[{"embeddable":true,"href":"https:\/\/www.ifbaiano.edu.br\/unidades\/alagoinhas\/wp-json\/wp\/v2\/users\/156"}],"replies":[{"embeddable":true,"href":"https:\/\/www.ifbaiano.edu.br\/unidades\/alagoinhas\/wp-json\/wp\/v2\/comments?post=5927"}],"version-history":[{"count":12,"href":"https:\/\/www.ifbaiano.edu.br\/unidades\/alagoinhas\/wp-json\/wp\/v2\/posts\/5927\/revisions"}],"predecessor-version":[{"id":6123,"href":"https:\/\/www.ifbaiano.edu.br\/unidades\/alagoinhas\/wp-json\/wp\/v2\/posts\/5927\/revisions\/6123"}],"wp:featuredmedia":[{"embeddable":true,"href":"https:\/\/www.ifbaiano.edu.br\/unidades\/alagoinhas\/wp-json\/wp\/v2\/media\/5959"}],"wp:attachment":[{"href":"https:\/\/www.ifbaiano.edu.br\/unidades\/alagoinhas\/wp-json\/wp\/v2\/media?parent=5927"}],"wp:term":[{"taxonomy":"category","embeddable":true,"href":"https:\/\/www.ifbaiano.edu.br\/unidades\/alagoinhas\/wp-json\/wp\/v2\/categories?post=5927"},{"taxonomy":"post_tag","embeddable":true,"href":"https:\/\/www.ifbaiano.edu.br\/unidades\/alagoinhas\/wp-json\/wp\/v2\/tags?post=5927"}],"curies":[{"name":"wp","href":"https:\/\/api.w.org\/{rel}","templated":true}]}}