{"id":5939,"date":"2024-08-28T10:56:43","date_gmt":"2024-08-28T13:56:43","guid":{"rendered":"https:\/\/www.ifbaiano.edu.br\/unidades\/alagoinhas\/?p=5939"},"modified":"2024-08-28T10:57:09","modified_gmt":"2024-08-28T13:57:09","slug":"pincel2024","status":"publish","type":"post","link":"https:\/\/www.ifbaiano.edu.br\/unidades\/alagoinhas\/pincel2024\/","title":{"rendered":"PROGRAMA DE INCENTIVO \u00c0 CULTURA, ESPORTE E LAZER \u2013 PINCEL 2024"},"content":{"rendered":"\n<div class=\"wp-block-file\"><a id=\"wp-block-file--media-7dad49d3-da97-41dc-9597-502d7793a1d4\" href=\"https:\/\/www.ifbaiano.edu.br\/unidades\/alagoinhas\/files\/2024\/08\/Edital-no-12-de-27-de-Agosto-de-2024.pdf\">Edital N\u00ba12 de 27 de Agosto de 2024<\/a><a href=\"https:\/\/www.ifbaiano.edu.br\/unidades\/alagoinhas\/files\/2024\/08\/Edital-no-12-de-27-de-Agosto-de-2024.pdf\" class=\"wp-block-file__button wp-element-button\" download aria-describedby=\"wp-block-file--media-7dad49d3-da97-41dc-9597-502d7793a1d4\">Baixar<\/a><\/div>\n\n\n\n<p>O REITOR DO INSTITUTO FEDERAL DE EDUCA\u00c7\u00c3O, CI\u00caNCIA E TECNOLOGIA BAIANO &#8211; IF BAIANO nomeado pelo Decreto de 26\/04\/2022, publicado no DOU de 27\/04\/2022, Se\u00e7\u00e3o 2, p\u00e1gina 01, e de acordo com as disposi\u00e7\u00f5es contidas na Lei n\u00ba 11.892, de 29\/12\/2008, e na Lei n\u00ba 8.112, de 11\/12\/1990, considerando ainda o Decreto n\u00b0 7.234\/2010 e a Resolu\u00e7\u00e3o N\u00ba 01, de 29 de janeiro de 2019, que institui a Pol\u00edtica de Assist\u00eancia Estudantil no \u00e2mbito do IF Baiano, torna p\u00fablico o presente Edital de Fluxo Cont\u00ednuo que estabelece as normas e crit\u00e9rios para sele\u00e7\u00e3o priorit\u00e1ria de estudantes em vulnerabilidade socioecon\u00f4mica, de cursos presenciais e a dist\u00e2ncia, com a finalidade de participa\u00e7\u00e3o na Pol\u00edtica de Assist\u00eancia Estudantil deste Instituto, por meio do Programa de Incentivo \u00e0 Cultura, Esporte e Lazer (PINCEL).<\/p>\n","protected":false},"excerpt":{"rendered":"<p>O REITOR DO INSTITUTO FEDERAL DE EDUCA\u00c7\u00c3O, CI\u00caNCIA E TECNOLOGIA BAIANO &#8211; IF BAIANO nomeado pelo Decreto de 26\/04\/2022, publicado no DOU de 27\/04\/2022, Se\u00e7\u00e3o 2, p\u00e1gina 01, e de acordo com as disposi\u00e7\u00f5es contidas na Lei n\u00ba 11.892, de 29\/12\/2008, e na Lei n\u00ba 8.112, de 11\/12\/1990, considerando ainda o Decreto n\u00b0 7.234\/2010 e [&hellip;]<\/p>\n","protected":false},"author":157,"featured_media":0,"comment_status":"open","ping_status":"open","sticky":false,"template":"","format":"standard","meta":[],"categories":[34,1],"tags":[],"_links":{"self":[{"href":"https:\/\/www.ifbaiano.edu.br\/unidades\/alagoinhas\/wp-json\/wp\/v2\/posts\/5939"}],"collection":[{"href":"https:\/\/www.ifbaiano.edu.br\/unidades\/alagoinhas\/wp-json\/wp\/v2\/posts"}],"about":[{"href":"https:\/\/www.ifbaiano.edu.br\/unidades\/alagoinhas\/wp-json\/wp\/v2\/types\/post"}],"author":[{"embeddable":true,"href":"https:\/\/www.ifbaiano.edu.br\/unidades\/alagoinhas\/wp-json\/wp\/v2\/users\/157"}],"replies":[{"embeddable":true,"href":"https:\/\/www.ifbaiano.edu.br\/unidades\/alagoinhas\/wp-json\/wp\/v2\/comments?post=5939"}],"version-history":[{"count":1,"href":"https:\/\/www.ifbaiano.edu.br\/unidades\/alagoinhas\/wp-json\/wp\/v2\/posts\/5939\/revisions"}],"predecessor-version":[{"id":5941,"href":"https:\/\/www.ifbaiano.edu.br\/unidades\/alagoinhas\/wp-json\/wp\/v2\/posts\/5939\/revisions\/5941"}],"wp:attachment":[{"href":"https:\/\/www.ifbaiano.edu.br\/unidades\/alagoinhas\/wp-json\/wp\/v2\/media?parent=5939"}],"wp:term":[{"taxonomy":"category","embeddable":true,"href":"https:\/\/www.ifbaiano.edu.br\/unidades\/alagoinhas\/wp-json\/wp\/v2\/categories?post=5939"},{"taxonomy":"post_tag","embeddable":true,"href":"https:\/\/www.ifbaiano.edu.br\/unidades\/alagoinhas\/wp-json\/wp\/v2\/tags?post=5939"}],"curies":[{"name":"wp","href":"https:\/\/api.w.org\/{rel}","templated":true}]}}