{"id":5979,"date":"2024-09-30T16:56:43","date_gmt":"2024-09-30T19:56:43","guid":{"rendered":"https:\/\/www.ifbaiano.edu.br\/unidades\/alagoinhas\/?p=5979"},"modified":"2025-01-27T11:49:51","modified_gmt":"2025-01-27T14:49:51","slug":"tecnicosintegrados2025","status":"publish","type":"post","link":"https:\/\/www.ifbaiano.edu.br\/unidades\/alagoinhas\/tecnicosintegrados2025\/","title":{"rendered":"Processo Seletivo dos Cursos Integrados 2025 &#8211; RESULTADO FINAL"},"content":{"rendered":"\n<p class=\"has-text-align-center\"><a href=\"https:\/\/www.ifbaiano.edu.br\/unidades\/alagoinhas\/edital-de-matricula-processo-seletivo-para-ingresso-de-estudantes-2025\/\">CLIQUE AQUI<\/a> <strong>PARA VISUALIZAR AS CHAMADAS PARA MATR\u00cdCULA<\/strong><\/p>\n\n\n\n<figure class=\"wp-block-table is-style-stripes\"><table class=\"has-vivid-green-cyan-background-color has-background\"><tbody><tr><td><\/td><td class=\"has-text-align-center\" data-align=\"center\">Mais recente publica\u00e7\u00e3o do processo seletivo segundo o cronograma <\/td><td><\/td><td><\/td><td><\/td><\/tr><tr><td><\/td><td class=\"has-text-align-center\" data-align=\"center\"><strong>RESULTADO FINAL <\/strong><\/td><td><\/td><td><\/td><td><\/td><\/tr><\/tbody><\/table><\/figure>\n\n\n\n<figure class=\"wp-block-table\"><table><tbody><tr><td><a href=\"https:\/\/www.ifbaiano.edu.br\/unidades\/alagoinhas\/files\/2024\/12\/RESULTADO-FINAL-INFORMATICA.pdf\">I<\/a><a href=\"https:\/\/www.ifbaiano.edu.br\/unidades\/alagoinhas\/files\/2024\/12\/RESULTADO-FINAL-INFORMATICA.pdf\">nform\u00e1tica &#8211; clique aqui<\/a><\/td><td><a href=\"https:\/\/www.ifbaiano.edu.br\/unidades\/alagoinhas\/files\/2024\/12\/RESULTADO-FINAL-AGROINDUSTRIA.pdf\">Agroind\u00fastria &#8211; clique aqui<\/a><\/td><td><a href=\"https:\/\/www.ifbaiano.edu.br\/unidades\/alagoinhas\/files\/2024\/12\/RESULTADO-FINAL-AGROECOLOGIA.pdf\">Agroecologia &#8211; clique aqui<\/a><\/td><\/tr><\/tbody><\/table><\/figure>\n\n\n\n<figure class=\"wp-block-table is-style-stripes\"><table class=\"has-vivid-green-cyan-background-color has-background\"><tbody><tr><td><\/td><td class=\"has-text-align-center\" data-align=\"center\"><\/td><td><\/td><td><\/td><td><\/td><\/tr><tr><td><\/td><td class=\"has-text-align-center\" data-align=\"center\"><strong>PRIMEIRA CHAMADA PARA MATR\u00cdCULA<\/strong><\/td><td><\/td><td><\/td><td><\/td><\/tr><\/tbody><\/table><\/figure>\n\n\n\n<figure class=\"wp-block-table\"><table><tbody><tr><td><a href=\"https:\/\/www.ifbaiano.edu.br\/unidades\/alagoinhas\/files\/2024\/12\/Primeira-Chamada-para-Matricula-INFORMATICA.pdf\">Inform\u00e1tica &#8211; clique aqui<\/a><\/td><td><a href=\"https:\/\/www.ifbaiano.edu.br\/unidades\/alagoinhas\/files\/2024\/12\/Primeira-Chamada-para-Matricula-AGROINDUSTRIA.pdf\">Agroind\u00fastria &#8211; clique aqui<\/a><\/td><td><a href=\"https:\/\/www.ifbaiano.edu.br\/unidades\/alagoinhas\/files\/2024\/12\/Primeira-Chamada-para-Matricula-AGROECOLOGIA.pdf\">Agroecologia &#8211; clique aqui<\/a><\/td><\/tr><\/tbody><\/table><\/figure>\n\n\n\n<figure class=\"wp-block-table is-style-stripes\"><table><tbody><tr><td><\/td><td class=\"has-text-align-center\" data-align=\"center\">Mais informa\u00e7\u00f5es sobre a matricula: <a href=\"https:\/\/www.ifbaiano.edu.br\/unidades\/alagoinhas\/edital-de-matricula-processo-seletivo-para-ingresso-de-estudantes-2025\/\">https:\/\/www.ifbaiano.edu.br\/unidades\/alagoinhas\/edital-de-matricula-processo-seletivo-para-ingresso-de-estudantes-2025\/<\/a><\/td><td><\/td><td><\/td><td><\/td><\/tr><tr><td><\/td><td class=\"has-text-align-center\" data-align=\"center\"><strong>RESULTADO FINAL  DA BANCA DE HETEROIDENTIFICA\u00c7\u00c3O<\/strong><\/td><td><\/td><td><\/td><td><\/td><\/tr><\/tbody><\/table><\/figure>\n\n\n\n<figure class=\"wp-block-table\"><table><tbody><tr><td><a href=\"https:\/\/www.ifbaiano.edu.br\/unidades\/alagoinhas\/files\/2024\/12\/Resultado-final-pos-recursos-da-Banca-de-Verificacao-de-Auto-Declaracao-Etnico-Racial-informatica.pdf\">Inform\u00e1tica &#8211; clique aqui<\/a><\/td><td><a href=\"https:\/\/www.ifbaiano.edu.br\/unidades\/alagoinhas\/files\/2024\/12\/Resultado-final-pos-recursos-da-Banca-de-Verificacao-de-Auto-Declaracao-Etnico-Racial-agroindustria.pdf\">Agroind\u00fastria &#8211; clique aqui<\/a><\/td><td><a href=\"https:\/\/www.ifbaiano.edu.br\/unidades\/alagoinhas\/files\/2024\/12\/Resultado-final-pos-recursos-da-Banca-de-Verificacao-de-Auto-Declaracao-Etnico-Racial-agroecologia.pdf\">Agroecologia &#8211; clique aqui<\/a><\/td><\/tr><\/tbody><\/table><\/figure>\n\n\n\n<figure class=\"wp-block-table is-style-stripes\"><table><tbody><tr><td><\/td><td class=\"has-text-align-center\" data-align=\"center\"><\/td><td><\/td><td><\/td><td><\/td><\/tr><tr><td><\/td><td class=\"has-text-align-center\" data-align=\"center\"><strong>RESULTADO RECURSOS CONTRA A BANCA DE HETEROIDENTIFICA\u00c7\u00c3O<\/strong><\/td><td><\/td><td><\/td><td><\/td><\/tr><\/tbody><\/table><\/figure>\n\n\n\n<figure class=\"wp-block-table\"><table><tbody><tr><td><a href=\"https:\/\/www.ifbaiano.edu.br\/unidades\/alagoinhas\/files\/2024\/12\/PUBLICACAO-DO-RESULTADO-DOS-RECURSOS-INFORMATICA.pdf\">Inform\u00e1tica &#8211; clique aqui<\/a><\/td><td><a href=\"https:\/\/www.ifbaiano.edu.br\/unidades\/alagoinhas\/files\/2024\/12\/PUBLICACAO-DO-RESULTADO-DOS-RECURSOS-AGROINDUSTRIA.pdf\">Agroind\u00fastria &#8211; clique aqui<\/a><\/td><td><a href=\"https:\/\/www.ifbaiano.edu.br\/unidades\/alagoinhas\/files\/2024\/12\/PUBLICACAO-DO-RESULTADO-DOS-RECURSOS-AGROECOLOGIA.pdf\">Agroecologia &#8211; clique aqui<\/a><\/td><\/tr><\/tbody><\/table><\/figure>\n\n\n\n<figure class=\"wp-block-table is-style-stripes\"><table><tbody><tr><td><\/td><td class=\"has-text-align-center\" data-align=\"center\"><\/td><td><\/td><td><\/td><td><\/td><\/tr><tr><td><\/td><td class=\"has-text-align-center\" data-align=\"center\"><strong>RESULTADO PRELIMINAR DA BANCA DE HETEROIDENTIFICA\u00c7\u00c3O<\/strong><\/td><td><\/td><td><\/td><td><\/td><\/tr><\/tbody><\/table><\/figure>\n\n\n\n<figure class=\"wp-block-table\"><table><tbody><tr><td><a href=\"https:\/\/www.ifbaiano.edu.br\/unidades\/alagoinhas\/files\/2024\/12\/INFORMATICA-Resultado-Parcial-Banca-de-Heteroidentificacao.pdf\">Inform\u00e1tica-clique aqui<\/a><\/td><td><a href=\"https:\/\/www.ifbaiano.edu.br\/unidades\/alagoinhas\/files\/2024\/12\/AGROINDUSTRIA-Resultado-Parcial-Banca-de-Heteroidentificacao-.pdf\">Agroind\u00fastria &#8211; clique aqui<\/a><\/td><td><a href=\"https:\/\/www.ifbaiano.edu.br\/unidades\/alagoinhas\/files\/2024\/12\/AGROECOLOGIA-Resultado-Parcial-Banca-de-Heteroidentificacao.pdf\">Agroecologia &#8211; clique aqui<\/a><\/td><\/tr><\/tbody><\/table><\/figure>\n\n\n\n<figure class=\"wp-block-table is-style-stripes\"><table><tbody><tr><td><\/td><td class=\"has-text-align-center\" data-align=\"center\"><\/td><td><\/td><td><\/td><td><\/td><\/tr><tr><td><\/td><td class=\"has-text-align-center\" data-align=\"center\"><strong>CONVOCA\u00c7\u00c3O DE CANDIDATOS PARA A BANCA DE HETEROIDENTIFICA\u00c7\u00c3O<\/strong><\/td><td><\/td><td><\/td><td><\/td><\/tr><\/tbody><\/table><\/figure>\n\n\n\n<figure class=\"wp-block-table\"><table><tbody><tr><td><a href=\"https:\/\/www.ifbaiano.edu.br\/unidades\/alagoinhas\/files\/2024\/12\/CONVOCACAO-DE-CANDIDATOS-PARA-A-BANCA-DE-HETEROIDENTIFICACAO-INFORMATICA.pdf\">Inform\u00e1tica &#8211; clique aqui<\/a><\/td><td><a href=\"https:\/\/www.ifbaiano.edu.br\/unidades\/alagoinhas\/files\/2024\/12\/documento.pdf\">Agroind\u00fastria &#8211; clique aqui (retificado)<\/a><\/td><td><a href=\"https:\/\/www.ifbaiano.edu.br\/unidades\/alagoinhas\/files\/2024\/12\/CONVOCACAO-DE-CANDIDATOS-PARA-A-BANCA-DE-HETEROIDENTIFICACAO-AGROECOLOGIA.pdf\">Agroecologia &#8211; clique aqui<\/a><\/td><\/tr><\/tbody><\/table><\/figure>\n\n\n\n<figure class=\"wp-block-table is-style-stripes\"><table><tbody><tr><td><\/td><td class=\"has-text-align-center\" data-align=\"center\"><\/td><td><\/td><td><\/td><td><\/td><\/tr><tr><td><\/td><td class=\"has-text-align-center\" data-align=\"center\"><strong>PUBLICA\u00c7\u00c3O DO RESULTADO FINAL DA AN\u00c1LISE DO HIST\u00d3RICO ESCOLAR<\/strong><\/td><td><\/td><td><\/td><td><\/td><\/tr><\/tbody><\/table><\/figure>\n\n\n\n<figure class=\"wp-block-table\"><table><tbody><tr><td><a href=\"https:\/\/www.ifbaiano.edu.br\/unidades\/alagoinhas\/files\/2024\/12\/RESULTADO-FINAL-DA-ANALISE-DO-HISTORICO-ESCOLAR-INFORMATICA.pdf\">Inform\u00e1tica- clique aqui<\/a><\/td><td><a href=\"https:\/\/www.ifbaiano.edu.br\/unidades\/alagoinhas\/files\/2024\/12\/RESULTADO-FINAL-DA-ANALISE-DO-HISTORICO-ESCOLAR-AGROINDUSTRIA.pdf\">Agroind\u00fastria &#8211; clique aqui<\/a><\/td><td><a href=\"https:\/\/www.ifbaiano.edu.br\/unidades\/alagoinhas\/files\/2024\/12\/RESULTADO-FINAL-DA-ANALISE-DO-HISTORICO-ESCOLAR-AGROECOLOGIA.pdf\">Agroecologia &#8211; clique aqui<\/a><\/td><\/tr><\/tbody><\/table><\/figure>\n\n\n\n<figure class=\"wp-block-table is-style-stripes\"><table><tbody><tr><td><\/td><td class=\"has-text-align-center\" data-align=\"center\"><\/td><td><\/td><td><\/td><td><\/td><\/tr><tr><td><\/td><td class=\"has-text-align-center\" data-align=\"center\"><strong>PUBLICA\u00c7\u00c3O DO RESULTADO DOS RECURSOS CONTRA A AN\u00c1LISE DO HIST\u00d3RICO ESCOLAR<\/strong><\/td><td><\/td><td><\/td><td><\/td><\/tr><\/tbody><\/table><\/figure>\n\n\n\n<figure class=\"wp-block-table\"><table><tbody><tr><td><a href=\"https:\/\/www.ifbaiano.edu.br\/unidades\/alagoinhas\/files\/2024\/12\/PUBLICACAO-DO-RESULTADO-DOS-RECURSOS-CONTRA-A-ANALISE-DO-HISTORICO-ESCOLAR-INFORMATICA.pdf\">Inform\u00e1tica &#8211; clique aqui<\/a><\/td><td><a href=\"https:\/\/www.ifbaiano.edu.br\/unidades\/alagoinhas\/files\/2024\/12\/PUBLICACAO-DO-RESULTADO-DOS-RECURSOS-CONTRA-A-ANALISE-DO-HISTORICO-ESCOLAR-AGROINDUSTRIA.pdf\">Agroind\u00fastria &#8211; clique aqui<\/a><\/td><td><a href=\"https:\/\/www.ifbaiano.edu.br\/unidades\/alagoinhas\/files\/2024\/12\/PUBLICACAO-DO-RESULTADO-DOS-RECURSOS-CONTRA-A-ANALISE-DO-HISTORICO-ESCOLAR-AGROECOLOGIA.pdf\">Agroecologia &#8211; clique aqui<\/a><\/td><\/tr><\/tbody><\/table><\/figure>\n\n\n\n<figure class=\"wp-block-table is-style-stripes\"><table><tbody><tr><td><\/td><td class=\"has-text-align-center\" data-align=\"center\"><\/td><td><\/td><td><\/td><td><\/td><\/tr><tr><td><\/td><td class=\"has-text-align-center\" data-align=\"center\"><strong>RESULTADO PRELIMINAR DA AN\u00c1LISE DO HIST\u00d3RICO ESCOLAR<\/strong><\/td><td><\/td><td><\/td><td><\/td><\/tr><\/tbody><\/table><\/figure>\n\n\n\n<figure class=\"wp-block-table\"><table><tbody><tr><td><a href=\"https:\/\/www.ifbaiano.edu.br\/unidades\/alagoinhas\/files\/2024\/11\/RESULTADO-PRELIMINAR-DA-ANALISE-DO-HISTORICO-ESCOLAR-INFORMATICA.pdf\">Inform\u00e1tica &#8211; clique aqui<\/a><\/td><td><a href=\"https:\/\/www.ifbaiano.edu.br\/unidades\/alagoinhas\/files\/2024\/11\/RESULTADO-PRELIMINAR-DA-ANALISE-DO-HISTORICO-ESCOLAR-AGROINDUSTRIA.pdf\">Agroind\u00fastria &#8211; clique aqui<\/a><\/td><td><a href=\"https:\/\/www.ifbaiano.edu.br\/unidades\/alagoinhas\/files\/2024\/11\/RESULTADO-PRELIMINAR-DA-ANALISE-DO-HISTORICO-ESCOLAR-AGROECOLOGIA.pdf\">Agroecologia &#8211; clique aqui<\/a><\/td><\/tr><\/tbody><\/table><\/figure>\n\n\n\n<figure class=\"wp-block-table is-style-stripes\"><table><tbody><tr><td><\/td><td class=\"has-text-align-center\" data-align=\"center\"><\/td><td><\/td><td><\/td><td><\/td><\/tr><tr><td><\/td><td class=\"has-text-align-center\" data-align=\"center\"><strong>LISTA FINAL DE INSCRI\u00c7\u00d5ES HOMOLOGADAS<\/strong><\/td><td><\/td><td><\/td><td><\/td><\/tr><\/tbody><\/table><\/figure>\n\n\n\n<figure class=\"wp-block-table\"><table><tbody><tr><td><a href=\"https:\/\/www.ifbaiano.edu.br\/unidades\/alagoinhas\/files\/2024\/11\/Lista-final-de-inscricoes-homologadas-informatica.pdf\">Inform\u00e1tica &#8211; clique aqui<\/a><\/td><td><a href=\"https:\/\/www.ifbaiano.edu.br\/unidades\/alagoinhas\/files\/2024\/11\/Lista-final-de-inscricoes-homologadas-agroindustria.pdf\">Agroind\u00fastria &#8211; clique aqui<\/a><\/td><td><a href=\"https:\/\/www.ifbaiano.edu.br\/unidades\/alagoinhas\/files\/2024\/11\/Lista-final-de-inscricoes-homologadas-agroecologia.pdf\">Agroecologia &#8211; clique aqui<\/a><\/td><\/tr><\/tbody><\/table><\/figure>\n\n\n\n<figure class=\"wp-block-table is-style-stripes\"><table><tbody><tr><td><\/td><td class=\"has-text-align-center\" data-align=\"center\"><\/td><td><\/td><td><\/td><td><\/td><\/tr><tr><td><\/td><td class=\"has-text-align-center\" data-align=\"center\"><strong>RESULTADO DOS RECURSOS<\/strong><\/td><td><\/td><td><\/td><td><\/td><\/tr><\/tbody><\/table><\/figure>\n\n\n\n<figure class=\"wp-block-table\"><table><tbody><tr><td><a href=\"https:\/\/www.ifbaiano.edu.br\/unidades\/alagoinhas\/files\/2024\/11\/RESULTADO-DOS-RECURSOS-INFORMATICA.pdf\">Inform\u00e1tica &#8211; clique aqui <\/a><\/td><td><a href=\"https:\/\/www.ifbaiano.edu.br\/unidades\/alagoinhas\/files\/2024\/11\/RESULTADO-DOS-RECURSOS-AGROINDUSTRIA.pdf\">Agroind\u00fastria &#8211; clique aqui<\/a><\/td><td><a href=\"https:\/\/www.ifbaiano.edu.br\/unidades\/alagoinhas\/files\/2024\/11\/RESULTADO-DOS-RECURSOS-AGROECOLOGIA.pdf\">Agroecologia &#8211; clique aqui<\/a><\/td><\/tr><\/tbody><\/table><\/figure>\n\n\n\n<figure class=\"wp-block-table is-style-stripes\"><table><tbody><tr><td><\/td><td class=\"has-text-align-center\" data-align=\"center\"><\/td><td><\/td><td><\/td><td><\/td><\/tr><tr><td><\/td><td class=\"has-text-align-center\" data-align=\"center\"><strong>LISTA PRELIMINAR DE INSCRI\u00c7\u00d5ES HOMOLOGADAS<\/strong><br><\/td><td><\/td><td><\/td><td><\/td><\/tr><\/tbody><\/table><\/figure>\n\n\n\n<figure class=\"wp-block-table\"><table><tbody><tr><td><a rel=\"noreferrer noopener\" href=\"https:\/\/www.ifbaiano.edu.br\/unidades\/alagoinhas\/files\/2024\/11\/INFORMATICA-PUBLICACAO-DA-RETIFICACAO-DA-LISTA-PRELIMINAR-DE-INSCRICOES-HOMOLOGADAS.pdf\" data-type=\"URL\" data-id=\"https:\/\/www.ifbaiano.edu.br\/unidades\/alagoinhas\/files\/2024\/11\/INFORMATICA-PUBLICACAO-DA-RETIFICACAO-DA-LISTA-PRELIMINAR-DE-INSCRICOES-HOMOLOGADAS.pdf\" target=\"_blank\">Inform\u00e1tica &#8211; clique aqui<\/a> (Retificado)<\/td><td><a href=\"https:\/\/www.ifbaiano.edu.br\/unidades\/alagoinhas\/files\/2024\/11\/AGROINDUSTRIA-LISTA-PRELIMINAR-DE-INSCRICOES-HOMOLOGADAS.pdf\" data-type=\"URL\" data-id=\"https:\/\/www.ifbaiano.edu.br\/unidades\/alagoinhas\/files\/2024\/11\/AGROINDUSTRIA-LISTA-PRELIMINAR-DE-INSCRICOES-HOMOLOGADAS.pdf\">Agroind\u00fastria &#8211; clique aqui<\/a><\/td><td><a href=\"https:\/\/www.ifbaiano.edu.br\/unidades\/alagoinhas\/files\/2024\/11\/AGROECOLOGIA-LISTA-PRELIMINAR-DE-INSCRICOES-HOMOLOGADAS.pdf\" data-type=\"URL\" data-id=\"https:\/\/www.ifbaiano.edu.br\/unidades\/alagoinhas\/files\/2024\/11\/AGROECOLOGIA-LISTA-PRELIMINAR-DE-INSCRICOES-HOMOLOGADAS.pdf\">Agroecologia &#8211; clique aqui<\/a><\/td><\/tr><\/tbody><\/table><\/figure>\n\n\n\n<p class=\"has-text-align-center has-background\" style=\"background-color:#ffffffd1\">Seu nome n\u00e3o apareceu na lista ou est\u00e1 como &#8220;N\u00e3o Homologado&#8221;? Voc\u00ea pode preencher o <strong>Anexo IV<\/strong> e entrar com <strong>Recurso<\/strong>:<\/p>\n\n\n\n<ul>\n<li>Preencher o Anexo IV &#8211; Formul\u00e1rio para Recurso;<\/li>\n\n\n\n<li><strong>Anexar o formul\u00e1rio<\/strong> ao e-mail junto com os <strong>documentos<\/strong> que faltaram escritos em \u201dJustificativa\u201d;<\/li>\n\n\n\n<li>Enviar para o e-mail: prosel@alagoinhas.ifbaiano.edu.br <\/li>\n\n\n\n<li>No e-mail o <strong>assunto <\/strong>deve ser <strong>&#8220;Recurso &#8211; homologa\u00e7\u00e3o das inscri\u00e7\u00f5es&#8221;<\/strong> e no <strong>corpo do e-mail<\/strong>, o(a) candidato(a) deve colocar o<strong> nome completo e CPF<\/strong><\/li>\n\n\n\n<li>Os recursos somente ser\u00e3o aceitos se enviados entre os dias <strong>21\/11\/2024 e 22\/11\/2024<\/strong>.<\/li>\n<\/ul>\n\n\n\n<p class=\"has-text-align-center\">Ponto de <strong>apoio presencial<\/strong> para os recursos no IF Baiano <em>Campus <\/em>Alagoinhas<br><strong>Segunda a Sexta &#8211; 09h as 16h<\/strong> de <strong>21\/11\/2024 e 22\/11\/2024<\/strong>.<\/p>\n\n\n\n<div class=\"wp-block-file\"><a id=\"wp-block-file--media-9f41eee7-b1c9-4d88-aafd-0c91b7e72cda\" href=\"https:\/\/www.ifbaiano.edu.br\/unidades\/alagoinhas\/files\/2024\/09\/ANEXO-IV-FORMULARIO-PARA-RECURSO.pdf\" target=\"_blank\" rel=\"noreferrer noopener\">ANEXO IV FORMUL\u00c1RIO PARA RECURSO<\/a><a href=\"https:\/\/www.ifbaiano.edu.br\/unidades\/alagoinhas\/files\/2024\/09\/ANEXO-IV-FORMULARIO-PARA-RECURSO.pdf\" class=\"wp-block-file__button wp-element-button\" download aria-describedby=\"wp-block-file--media-9f41eee7-b1c9-4d88-aafd-0c91b7e72cda\">Baixar<\/a><\/div>\n\n\n\n<p class=\"has-text-align-center has-black-color has-text-color has-background\" style=\"background:radial-gradient(rgb(255,245,203) 0%,rgb(182,227,212) 50%,rgb(51,167,181) 100%)\"><strong>Prazo para as inscri\u00e7\u00f5es online: 07\/10\/2024 a 08\/11\/2024.<\/strong> <br>\ud83d\udeabEncerrado\ud83d\udeab<\/p>\n\n\n\n<p><\/p>\n\n\n\n<div class=\"wp-block-group is-nowrap is-layout-flex wp-container-7\">\n<div class=\"wp-block-columns is-layout-flex wp-container-6\">\n<div class=\"wp-block-column is-layout-flow\">\n<p class=\"has-text-align-left\"><strong>Leia atentamente o edital<\/strong>&nbsp;<strong>e suas poss\u00edveis retifica\u00e7\u00f5es<\/strong>&nbsp;e em caso de d\u00favidas entre em contato <strong>presencialmente na institui\u00e7\u00e3o,<\/strong> conforme datas e hor\u00e1rios previstos em edital ou utilize um dos seguintes canais:<\/p>\n\n\n\n<ul>\n<li>e-mail&nbsp;<strong>prosel@alagoinhas.ifbaiano.edu.br<\/strong><\/li>\n\n\n\n<li>Instagram <strong>@ifbaiano_alagoinhas<\/strong><\/li>\n\n\n\n<li>WhatsApp <strong>75 99101-0632<\/strong><\/li>\n<\/ul>\n\n\n\n<p class=\"has-text-align-left\">Os cursos T\u00e9cnicos de N\u00edvel M\u00e9dio na forma Integrada na modalidade presencial s\u00e3o destinados aos (\u00e0s) candidatos(as) que<strong>&nbsp;j\u00e1 conclu\u00edram<\/strong>&nbsp;ou <strong>est\u00e3o concluindo<\/strong> o&nbsp;<strong>Ensino Fundamental<\/strong>&nbsp;(9\u00ba ano) ou equivalente.<br>O Processo Seletivo ter\u00e1 car\u00e1ter classificat\u00f3rio e eliminat\u00f3rio e ser\u00e1 realizado por meio de an\u00e1lise do <strong>hist\u00f3rico escolar<\/strong>.<\/p>\n<\/div>\n\n\n\n<div class=\"wp-block-column is-layout-flow\">\n<div class=\"wp-block-gutena-accordion gutena-accordion-block gutena-accordion-block-47f2d2-5d is-layout-flow\" data-single=\"true\">\n<div class=\"wp-block-gutena-accordion-panel gutena-accordion-block__panel\">\n<div class=\"wp-block-gutena-accordion-panel-title gutena-accordion-block__panel-title\"><div class=\"gutena-accordion-block__panel-title-inner\">\n<h6 class=\"wp-block-heading has-text-align-left\" style=\"margin-top:0px;margin-right:0px;margin-bottom:0px;margin-left:0px\"><strong>Edital<\/strong> &#8211; clique aqui para ver<\/h6>\n<div class=\"trigger-up-down\"><div class=\"horizontal\"><\/div><div class=\"vertical\"><\/div><\/div><\/div><\/div>\n\n\n\n<div class=\"wp-block-gutena-accordion-panel-content gutena-accordion-block__panel-content\"><div class=\"gutena-accordion-block__panel-content-inner\">\n<div class=\"wp-block-file\"><a id=\"wp-block-file--media-d6852f2c-88f5-45e3-b424-e5afef43ee9b\" href=\"https:\/\/www.ifbaiano.edu.br\/unidades\/alagoinhas\/files\/2024\/09\/Edital-No-17-de-30-de-Setembro-de-2024-Processo-Seletivo-do-cursos-integrados-ao-Ensino-Medio-para-ingresso-em-2025.pdf\" target=\"_blank\" rel=\"noreferrer noopener\">Edital N\u00ba 17, de 30 de Setembro de 2024 &#8211; Processo Seletivo do cursos integrados ao Ensino M\u00e9dio para ingresso em 2025<\/a><a href=\"https:\/\/www.ifbaiano.edu.br\/unidades\/alagoinhas\/files\/2024\/09\/Edital-No-17-de-30-de-Setembro-de-2024-Processo-Seletivo-do-cursos-integrados-ao-Ensino-Medio-para-ingresso-em-2025.pdf\" class=\"wp-block-file__button wp-element-button\" download aria-describedby=\"wp-block-file--media-d6852f2c-88f5-45e3-b424-e5afef43ee9b\">Baixar<\/a><\/div>\n\n\n\n<div class=\"wp-block-file\"><a id=\"wp-block-file--media-1acbbd3d-77f6-45a0-900b-252a79b22b03\" href=\"https:\/\/www.ifbaiano.edu.br\/unidades\/alagoinhas\/files\/2024\/10\/1a-RETIFICACAO-DO-EDITAL-No-17-DE-30-DE-SETEMBRO-DE-2024.pdf\" target=\"_blank\" rel=\"noreferrer noopener\"><strong>1\u00aa RETIFICA\u00c7\u00c3O DO EDITAL N\u00ba 17, DE 30 DE SETEMBRO DE 202<\/strong>4<\/a><a href=\"https:\/\/www.ifbaiano.edu.br\/unidades\/alagoinhas\/files\/2024\/10\/1a-RETIFICACAO-DO-EDITAL-No-17-DE-30-DE-SETEMBRO-DE-2024.pdf\" class=\"wp-block-file__button wp-element-button\" download aria-describedby=\"wp-block-file--media-1acbbd3d-77f6-45a0-900b-252a79b22b03\">Baixar<\/a><\/div>\n<\/div><\/div>\n<\/div>\n\n\n\n<div class=\"wp-block-gutena-accordion-panel gutena-accordion-block__panel\">\n<div class=\"wp-block-gutena-accordion-panel-title gutena-accordion-block__panel-title\"><div class=\"gutena-accordion-block__panel-title-inner\">\n<h6 class=\"wp-block-heading has-text-align-left\" style=\"margin-top:0px;margin-right:0px;margin-bottom:0px;margin-left:0px\"><strong>Anexos<\/strong> &#8211; clique aqui<\/h6>\n<div class=\"trigger-up-down\"><div class=\"horizontal\"><\/div><div class=\"vertical\"><\/div><\/div><\/div><\/div>\n\n\n\n<div class=\"wp-block-gutena-accordion-panel-content gutena-accordion-block__panel-content\"><div class=\"gutena-accordion-block__panel-content-inner\">\n<p style=\"margin-top:0;margin-bottom:0\"><\/p>\n\n\n\n<div class=\"wp-block-file\"><a id=\"wp-block-file--media-89b5dcf3-5e08-46bd-a350-2865f3f74721\" href=\"https:\/\/www.ifbaiano.edu.br\/unidades\/alagoinhas\/files\/2024\/09\/ANEXO-I-Equivalencia-de-conceitos-e-notas.pdf\" target=\"_blank\" rel=\"noreferrer noopener\">ANEXO I &#8211; Equival\u00eancia de conceitos e notas<\/a><a href=\"https:\/\/www.ifbaiano.edu.br\/unidades\/alagoinhas\/files\/2024\/09\/ANEXO-I-Equivalencia-de-conceitos-e-notas.pdf\" class=\"wp-block-file__button wp-element-button\" download aria-describedby=\"wp-block-file--media-89b5dcf3-5e08-46bd-a350-2865f3f74721\">Baixar<\/a><\/div>\n\n\n\n<div class=\"wp-block-file\"><a id=\"wp-block-file--media-9a5f51dc-97fe-44e3-8f29-e1415f8309c2\" href=\"https:\/\/www.ifbaiano.edu.br\/unidades\/alagoinhas\/files\/2024\/09\/ANEXO-II-DECLARACAO-ESCOLAR-DE-ENSINO-FUNDAMENTAL.pdf\" target=\"_blank\" rel=\"noreferrer noopener\">ANEXO II DECLARA\u00c7\u00c3O ESCOLAR DE ENSINO FUNDAMENTAL<\/a><a href=\"https:\/\/www.ifbaiano.edu.br\/unidades\/alagoinhas\/files\/2024\/09\/ANEXO-II-DECLARACAO-ESCOLAR-DE-ENSINO-FUNDAMENTAL.pdf\" class=\"wp-block-file__button wp-element-button\" download aria-describedby=\"wp-block-file--media-9a5f51dc-97fe-44e3-8f29-e1415f8309c2\">Baixar<\/a><\/div>\n\n\n\n<div class=\"wp-block-file\"><a id=\"wp-block-file--media-a31ab72f-ab5a-457b-92f7-2299cf990837\" href=\"https:\/\/www.ifbaiano.edu.br\/unidades\/alagoinhas\/files\/2024\/09\/ANEXO-III-AUTODECLARACAO-DE-RENDA.pdf\" target=\"_blank\" rel=\"noreferrer noopener\">ANEXO III AUTODECLARA\u00c7\u00c3O DE RENDA<\/a><a href=\"https:\/\/www.ifbaiano.edu.br\/unidades\/alagoinhas\/files\/2024\/09\/ANEXO-III-AUTODECLARACAO-DE-RENDA.pdf\" class=\"wp-block-file__button wp-element-button\" download aria-describedby=\"wp-block-file--media-a31ab72f-ab5a-457b-92f7-2299cf990837\">Baixar<\/a><\/div>\n\n\n\n<div class=\"wp-block-file\"><a id=\"wp-block-file--media-3a0a08c7-f8c6-4a1e-849c-a29c26f1ca1d\" href=\"https:\/\/www.ifbaiano.edu.br\/unidades\/alagoinhas\/files\/2024\/09\/ANEXO-IV-FORMULARIO-PARA-RECURSO.pdf\" target=\"_blank\" rel=\"noreferrer noopener\">ANEXO IV FORMUL\u00c1RIO PARA RECURSO<\/a><a href=\"https:\/\/www.ifbaiano.edu.br\/unidades\/alagoinhas\/files\/2024\/09\/ANEXO-IV-FORMULARIO-PARA-RECURSO.pdf\" class=\"wp-block-file__button wp-element-button\" download aria-describedby=\"wp-block-file--media-3a0a08c7-f8c6-4a1e-849c-a29c26f1ca1d\">Baixar<\/a><\/div>\n\n\n\n<div class=\"wp-block-file\"><a id=\"wp-block-file--media-f85fae3b-8ec4-42a4-95ff-4b4a5be9312c\" href=\"https:\/\/www.ifbaiano.edu.br\/unidades\/alagoinhas\/files\/2024\/09\/ANEXO-V-DECLARACAO-DE-RECONHECIMENTO-DE-PERTENCIMENTO-E-DE-VINCULO-COM-COMUNIDADE-QUILOMBOLA.pdf\" target=\"_blank\" rel=\"noreferrer noopener\">ANEXO V &#8211; DECLARA\u00c7\u00c3O DE RECONHECIMENTO DE PERTENCIMENTO E DE V\u00cdNCULO COM COMUNIDADE QUILOMBOLA<\/a><a href=\"https:\/\/www.ifbaiano.edu.br\/unidades\/alagoinhas\/files\/2024\/09\/ANEXO-V-DECLARACAO-DE-RECONHECIMENTO-DE-PERTENCIMENTO-E-DE-VINCULO-COM-COMUNIDADE-QUILOMBOLA.pdf\" class=\"wp-block-file__button wp-element-button\" download aria-describedby=\"wp-block-file--media-f85fae3b-8ec4-42a4-95ff-4b4a5be9312c\">Baixar<\/a><\/div>\n<\/div><\/div>\n<\/div>\n\n\n\n<div class=\"wp-block-gutena-accordion-panel gutena-accordion-block__panel\">\n<div class=\"wp-block-gutena-accordion-panel-title gutena-accordion-block__panel-title\"><div class=\"gutena-accordion-block__panel-title-inner\">\n<h6 class=\"wp-block-heading has-text-align-left\" style=\"margin-top:0px;margin-right:0px;margin-bottom:0px;margin-left:0px\"><strong>Inscri\u00e7\u00f5es<\/strong> &#8211; clique aqui<\/h6>\n<div class=\"trigger-up-down\"><div class=\"horizontal\"><\/div><div class=\"vertical\"><\/div><\/div><\/div><\/div>\n\n\n\n<div class=\"wp-block-gutena-accordion-panel-content gutena-accordion-block__panel-content\"><div class=\"gutena-accordion-block__panel-content-inner\">\n<p><\/p>\n\n\n\n<div class=\"wp-block-buttons is-layout-flex\">\n<div class=\"wp-block-button\"><a class=\"wp-block-button__link wp-element-button\" href=\"http:\/\/opinanovo.ifbaiano.edu.br\/index.php\/818484?lang=pt-BR\" target=\"_blank\" rel=\"noreferrer noopener\">Inscri\u00e7\u00e3o \ud83d\udeab encerrada<\/a><\/div>\n<\/div>\n<\/div><\/div>\n<\/div>\n<\/div>\n\n\n\n<div class=\"wp-block-gutena-accordion gutena-accordion-block gutena-accordion-block-dce91c-7b is-layout-flow\" data-single=\"true\">\n<div class=\"wp-block-gutena-accordion-panel gutena-accordion-block__panel\">\n<div class=\"wp-block-gutena-accordion-panel-title gutena-accordion-block__panel-title\"><div class=\"gutena-accordion-block__panel-title-inner\">\n<h6 class=\"wp-block-heading has-text-align-center\" style=\"margin-top:0px;margin-right:0px;margin-bottom:0px;margin-left:0px\"><strong><strong><strong><strong>Publica\u00e7\u00f5es segundo o cronograma<\/strong><\/strong><\/strong><\/strong><br>clique aqui para ver<\/h6>\n<div class=\"trigger-up-down\"><div class=\"horizontal\"><\/div><div class=\"vertical\"><\/div><\/div><\/div><\/div>\n\n\n\n<div class=\"wp-block-gutena-accordion-panel-content gutena-accordion-block__panel-content\"><div class=\"gutena-accordion-block__panel-content-inner\">\n<p style=\"margin-top:0;margin-bottom:0\"><\/p>\n\n\n\n<div class=\"wp-block-file\"><a id=\"wp-block-file--media-cd0ad86c-8302-45c2-b1e2-0b863f086663\" href=\"https:\/\/www.ifbaiano.edu.br\/unidades\/alagoinhas\/files\/2024\/12\/RESULTADO-FINAL-AGROECOLOGIA.pdf\">RESULTADO-FINAL-AGROECOLOGIA<\/a><a href=\"https:\/\/www.ifbaiano.edu.br\/unidades\/alagoinhas\/files\/2024\/12\/RESULTADO-FINAL-AGROECOLOGIA.pdf\" class=\"wp-block-file__button wp-element-button\" download aria-describedby=\"wp-block-file--media-cd0ad86c-8302-45c2-b1e2-0b863f086663\">Baixar<\/a><\/div>\n\n\n\n<div class=\"wp-block-file\"><a id=\"wp-block-file--media-0e1cd15e-bb86-44e5-93b1-f82be49810ec\" href=\"https:\/\/www.ifbaiano.edu.br\/unidades\/alagoinhas\/files\/2024\/12\/RESULTADO-FINAL-AGROINDUSTRIA.pdf\">RESULTADO-FINAL-AGROINDUSTRIA<\/a><a href=\"https:\/\/www.ifbaiano.edu.br\/unidades\/alagoinhas\/files\/2024\/12\/RESULTADO-FINAL-AGROINDUSTRIA.pdf\" class=\"wp-block-file__button wp-element-button\" download aria-describedby=\"wp-block-file--media-0e1cd15e-bb86-44e5-93b1-f82be49810ec\">Baixar<\/a><\/div>\n\n\n\n<div class=\"wp-block-file\"><a id=\"wp-block-file--media-4126c1f3-40f3-4c34-b773-78f014b1855f\" href=\"https:\/\/www.ifbaiano.edu.br\/unidades\/alagoinhas\/files\/2024\/12\/RESULTADO-FINAL-INFORMATICA.pdf\">RESULTADO-FINAL-INFORMATICA<\/a><a href=\"https:\/\/www.ifbaiano.edu.br\/unidades\/alagoinhas\/files\/2024\/12\/RESULTADO-FINAL-INFORMATICA.pdf\" class=\"wp-block-file__button wp-element-button\" download aria-describedby=\"wp-block-file--media-4126c1f3-40f3-4c34-b773-78f014b1855f\">Baixar<\/a><\/div>\n\n\n\n<div class=\"wp-block-file\"><a id=\"wp-block-file--media-7b628579-566f-4466-9ad5-97dc58f0d8eb\" href=\"https:\/\/www.ifbaiano.edu.br\/unidades\/alagoinhas\/files\/2024\/12\/Resultado-final-pos-recursos-da-Banca-de-Verificacao-de-Auto-Declaracao-Etnico-Racial-agroecologia.pdf\">Resultado-final-pos-recursos-da-Banca-de-Verificacao-de-Auto-Declaracao-Etnico-Racial-agroecologia<\/a><a href=\"https:\/\/www.ifbaiano.edu.br\/unidades\/alagoinhas\/files\/2024\/12\/Resultado-final-pos-recursos-da-Banca-de-Verificacao-de-Auto-Declaracao-Etnico-Racial-agroecologia.pdf\" class=\"wp-block-file__button wp-element-button\" download aria-describedby=\"wp-block-file--media-7b628579-566f-4466-9ad5-97dc58f0d8eb\">Baixar<\/a><\/div>\n\n\n\n<div class=\"wp-block-file\"><a id=\"wp-block-file--media-ffcb1105-97a4-413a-bf81-5c3dc7d4d93e\" href=\"https:\/\/www.ifbaiano.edu.br\/unidades\/alagoinhas\/files\/2024\/12\/Resultado-final-pos-recursos-da-Banca-de-Verificacao-de-Auto-Declaracao-Etnico-Racial-agroindustria.pdf\">Resultado-final-pos-recursos-da-Banca-de-Verificacao-de-Auto-Declaracao-Etnico-Racial-agroindustria<\/a><a href=\"https:\/\/www.ifbaiano.edu.br\/unidades\/alagoinhas\/files\/2024\/12\/Resultado-final-pos-recursos-da-Banca-de-Verificacao-de-Auto-Declaracao-Etnico-Racial-agroindustria.pdf\" class=\"wp-block-file__button wp-element-button\" download aria-describedby=\"wp-block-file--media-ffcb1105-97a4-413a-bf81-5c3dc7d4d93e\">Baixar<\/a><\/div>\n\n\n\n<div class=\"wp-block-file\"><a id=\"wp-block-file--media-464d019e-66a9-40fd-b9c6-5fcadcb77157\" href=\"https:\/\/www.ifbaiano.edu.br\/unidades\/alagoinhas\/files\/2024\/12\/Resultado-final-pos-recursos-da-Banca-de-Verificacao-de-Auto-Declaracao-Etnico-Racial-informatica.pdf\">Resultado-final-pos-recursos-da-Banca-de-Verificacao-de-Auto-Declaracao-Etnico-Racial-informatica<\/a><a href=\"https:\/\/www.ifbaiano.edu.br\/unidades\/alagoinhas\/files\/2024\/12\/Resultado-final-pos-recursos-da-Banca-de-Verificacao-de-Auto-Declaracao-Etnico-Racial-informatica.pdf\" class=\"wp-block-file__button wp-element-button\" download aria-describedby=\"wp-block-file--media-464d019e-66a9-40fd-b9c6-5fcadcb77157\">Baixar<\/a><\/div>\n\n\n\n<div class=\"wp-block-file\"><a id=\"wp-block-file--media-c8ed07d5-db82-4aa8-90db-f3ee878a3142\" href=\"https:\/\/www.ifbaiano.edu.br\/unidades\/alagoinhas\/files\/2024\/12\/PUBLICACAO-DO-RESULTADO-DOS-RECURSOS-AGROECOLOGIA.pdf\">PUBLICACAO-DO-RESULTADO-DOS-RECURSOS-AGROECOLOGIA<\/a><a href=\"https:\/\/www.ifbaiano.edu.br\/unidades\/alagoinhas\/files\/2024\/12\/PUBLICACAO-DO-RESULTADO-DOS-RECURSOS-AGROECOLOGIA.pdf\" class=\"wp-block-file__button wp-element-button\" download aria-describedby=\"wp-block-file--media-c8ed07d5-db82-4aa8-90db-f3ee878a3142\">Baixar<\/a><\/div>\n\n\n\n<div class=\"wp-block-file\"><a id=\"wp-block-file--media-826bf104-4898-4e00-8753-1dc04db03e04\" href=\"https:\/\/www.ifbaiano.edu.br\/unidades\/alagoinhas\/files\/2024\/12\/PUBLICACAO-DO-RESULTADO-DOS-RECURSOS-AGROINDUSTRIA.pdf\">PUBLICACAO-DO-RESULTADO-DOS-RECURSOS-AGROINDUSTRIA<\/a><a href=\"https:\/\/www.ifbaiano.edu.br\/unidades\/alagoinhas\/files\/2024\/12\/PUBLICACAO-DO-RESULTADO-DOS-RECURSOS-AGROINDUSTRIA.pdf\" class=\"wp-block-file__button wp-element-button\" download aria-describedby=\"wp-block-file--media-826bf104-4898-4e00-8753-1dc04db03e04\">Baixar<\/a><\/div>\n\n\n\n<div class=\"wp-block-file\"><a id=\"wp-block-file--media-999c5e88-2abe-4544-b680-8e79e5ef0c17\" href=\"https:\/\/www.ifbaiano.edu.br\/unidades\/alagoinhas\/files\/2024\/12\/PUBLICACAO-DO-RESULTADO-DOS-RECURSOS-INFORMATICA.pdf\">PUBLICACAO-DO-RESULTADO-DOS-RECURSOS-INFORMATICA<\/a><a href=\"https:\/\/www.ifbaiano.edu.br\/unidades\/alagoinhas\/files\/2024\/12\/PUBLICACAO-DO-RESULTADO-DOS-RECURSOS-INFORMATICA.pdf\" class=\"wp-block-file__button wp-element-button\" download aria-describedby=\"wp-block-file--media-999c5e88-2abe-4544-b680-8e79e5ef0c17\">Baixar<\/a><\/div>\n\n\n\n<div class=\"wp-block-file\"><a id=\"wp-block-file--media-1bff925f-87af-4f0c-8ebb-d020c9f01a3b\" href=\"https:\/\/www.ifbaiano.edu.br\/unidades\/alagoinhas\/files\/2024\/12\/RETIFICACAO-DO-RESULTADO-PRELIMINAR-DA-ANALISE-DO-HISTORICO-ESCOLAR-E-DO-RESULTADO-FINAL-DA-ANALISE-DO-HISTORICO-ESCOLAR-agroindustria.pdf\">RETIFICACAO-DO-RESULTADO-PRELIMINAR-DA-ANALISE-DO-HISTORICO-ESCOLAR-E-DO-RESULTADO-FINAL-DA-ANALISE-DO-HISTORICO-ESCOLAR-agroindustria<\/a><a href=\"https:\/\/www.ifbaiano.edu.br\/unidades\/alagoinhas\/files\/2024\/12\/RETIFICACAO-DO-RESULTADO-PRELIMINAR-DA-ANALISE-DO-HISTORICO-ESCOLAR-E-DO-RESULTADO-FINAL-DA-ANALISE-DO-HISTORICO-ESCOLAR-agroindustria.pdf\" class=\"wp-block-file__button wp-element-button\" download aria-describedby=\"wp-block-file--media-1bff925f-87af-4f0c-8ebb-d020c9f01a3b\">Baixar<\/a><\/div>\n\n\n\n<div class=\"wp-block-file\"><a id=\"wp-block-file--media-3df1f096-b54b-45a8-8cfd-05d16794f753\" href=\"https:\/\/www.ifbaiano.edu.br\/unidades\/alagoinhas\/files\/2024\/12\/RETIFICACAO-DO-RESULTADO-PRELIMINAR-DA-ANALISE-DO-HISTORICO-ESCOLAR-E-DO-RESULTADO-FINAL-DA-ANALISE-DO-HISTORICO-ESCOLAR-agroecologia.pdf\">RETIFICACAO-DO-RESULTADO-PRELIMINAR-DA-ANALISE-DO-HISTORICO-ESCOLAR-E-DO-RESULTADO-FINAL-DA-ANALISE-DO-HISTORICO-ESCOLAR-agroecologia<\/a><a href=\"https:\/\/www.ifbaiano.edu.br\/unidades\/alagoinhas\/files\/2024\/12\/RETIFICACAO-DO-RESULTADO-PRELIMINAR-DA-ANALISE-DO-HISTORICO-ESCOLAR-E-DO-RESULTADO-FINAL-DA-ANALISE-DO-HISTORICO-ESCOLAR-agroecologia.pdf\" class=\"wp-block-file__button wp-element-button\" download aria-describedby=\"wp-block-file--media-3df1f096-b54b-45a8-8cfd-05d16794f753\">Baixar<\/a><\/div>\n\n\n\n<div class=\"wp-block-file\"><a id=\"wp-block-file--media-dec7405e-3f67-4dab-ac5a-b542e5860095\" href=\"https:\/\/www.ifbaiano.edu.br\/unidades\/alagoinhas\/files\/2024\/12\/Retificacao-do-resultado-preliminar-da-analise-do-historico-escolar-e-do-resultado-final-da-analise-do-historico-escolar-Informatica.pdf\">Retificacao-do-resultado-preliminar-da-analise-do-historico-escolar-e-do-resultado-final-da-analise-do-historico-escolar-Informatica<\/a><a href=\"https:\/\/www.ifbaiano.edu.br\/unidades\/alagoinhas\/files\/2024\/12\/Retificacao-do-resultado-preliminar-da-analise-do-historico-escolar-e-do-resultado-final-da-analise-do-historico-escolar-Informatica.pdf\" class=\"wp-block-file__button wp-element-button\" download aria-describedby=\"wp-block-file--media-dec7405e-3f67-4dab-ac5a-b542e5860095\">Baixar<\/a><\/div>\n\n\n\n<div class=\"wp-block-file\"><a id=\"wp-block-file--media-7d60599f-064d-4e12-b159-52de9ef466df\" href=\"https:\/\/www.ifbaiano.edu.br\/unidades\/alagoinhas\/files\/2024\/12\/AGROECOLOGIA-Resultado-Parcial-Banca-de-Heteroidentificacao.pdf\">AGROECOLOGIA-Resultado-Parcial-Banca-de-Heteroidentificacao<\/a><a href=\"https:\/\/www.ifbaiano.edu.br\/unidades\/alagoinhas\/files\/2024\/12\/AGROECOLOGIA-Resultado-Parcial-Banca-de-Heteroidentificacao.pdf\" class=\"wp-block-file__button wp-element-button\" download aria-describedby=\"wp-block-file--media-7d60599f-064d-4e12-b159-52de9ef466df\">Baixar<\/a><\/div>\n\n\n\n<div class=\"wp-block-file\"><a id=\"wp-block-file--media-fdfdff23-67e9-4706-a4b5-d1fa9c232a85\" href=\"https:\/\/www.ifbaiano.edu.br\/unidades\/alagoinhas\/files\/2024\/12\/AGROINDUSTRIA-Resultado-Parcial-Banca-de-Heteroidentificacao-.pdf\">AGROINDUSTRIA-Resultado-Parcial-Banca-de-Heteroidentificacao-<\/a><a href=\"https:\/\/www.ifbaiano.edu.br\/unidades\/alagoinhas\/files\/2024\/12\/AGROINDUSTRIA-Resultado-Parcial-Banca-de-Heteroidentificacao-.pdf\" class=\"wp-block-file__button wp-element-button\" download aria-describedby=\"wp-block-file--media-fdfdff23-67e9-4706-a4b5-d1fa9c232a85\">Baixar<\/a><\/div>\n\n\n\n<div class=\"wp-block-file\"><a id=\"wp-block-file--media-17d9d7e5-74da-4b37-9293-c420e94ce9f6\" href=\"https:\/\/www.ifbaiano.edu.br\/unidades\/alagoinhas\/files\/2024\/12\/INFORMATICA-Resultado-Parcial-Banca-de-Heteroidentificacao.pdf\">INFORMATICA-Resultado-Parcial-Banca-de-Heteroidentificacao<\/a><a href=\"https:\/\/www.ifbaiano.edu.br\/unidades\/alagoinhas\/files\/2024\/12\/INFORMATICA-Resultado-Parcial-Banca-de-Heteroidentificacao.pdf\" class=\"wp-block-file__button wp-element-button\" download aria-describedby=\"wp-block-file--media-17d9d7e5-74da-4b37-9293-c420e94ce9f6\">Baixar<\/a><\/div>\n\n\n\n<div class=\"wp-block-file\"><a id=\"wp-block-file--media-f83ce5c3-9993-4e1d-9fba-972edfd85695\" href=\"https:\/\/www.ifbaiano.edu.br\/unidades\/alagoinhas\/files\/2024\/12\/documento.pdf\">RETIFICA\u00c7\u00c3O DA CONVOCA\u00c7\u00c3O DE CANDIDATOS PARA A BANCA DE HETEROIDENTIFICA\u00c7\u00c3O<\/a><a href=\"https:\/\/www.ifbaiano.edu.br\/unidades\/alagoinhas\/files\/2024\/12\/documento.pdf\" class=\"wp-block-file__button wp-element-button\" download aria-describedby=\"wp-block-file--media-f83ce5c3-9993-4e1d-9fba-972edfd85695\">Baixar<\/a><\/div>\n\n\n\n<div class=\"wp-block-file\"><a id=\"wp-block-file--media-8e8a2b0e-504c-44be-9c17-b92baee11f35\" href=\"https:\/\/www.ifbaiano.edu.br\/unidades\/alagoinhas\/files\/2024\/12\/PUBLICACAO-DOS-CURRICULOS-DOSAS-MEMBROSAS-DA-BANCA-DE-HETEROIDENTIFICACAO.pdf\">PUBLICACAO-DOS-CURRICULOS-DOSAS-MEMBROSAS-DA-BANCA-DE-HETEROIDENTIFICACAO<\/a><a href=\"https:\/\/www.ifbaiano.edu.br\/unidades\/alagoinhas\/files\/2024\/12\/PUBLICACAO-DOS-CURRICULOS-DOSAS-MEMBROSAS-DA-BANCA-DE-HETEROIDENTIFICACAO.pdf\" class=\"wp-block-file__button wp-element-button\" download aria-describedby=\"wp-block-file--media-8e8a2b0e-504c-44be-9c17-b92baee11f35\">Baixar<\/a><\/div>\n\n\n\n<div class=\"wp-block-file\"><a id=\"wp-block-file--media-580a46ea-4803-451f-a061-c9d986fad62f\" href=\"https:\/\/www.ifbaiano.edu.br\/unidades\/alagoinhas\/files\/2024\/12\/CONVOCACAO-DE-CANDIDATOS-PARA-A-BANCA-DE-HETEROIDENTIFICACAO-AGROECOLOGIA.pdf\">CONVOCACAO-DE-CANDIDATOS-PARA-A-BANCA-DE-HETEROIDENTIFICACAO-AGROECOLOGIA<\/a><a href=\"https:\/\/www.ifbaiano.edu.br\/unidades\/alagoinhas\/files\/2024\/12\/CONVOCACAO-DE-CANDIDATOS-PARA-A-BANCA-DE-HETEROIDENTIFICACAO-AGROECOLOGIA.pdf\" class=\"wp-block-file__button wp-element-button\" download aria-describedby=\"wp-block-file--media-580a46ea-4803-451f-a061-c9d986fad62f\">Baixar<\/a><\/div>\n\n\n\n<div class=\"wp-block-file\"><a id=\"wp-block-file--media-291123b7-3362-4982-824a-7d0298d04a28\" href=\"https:\/\/www.ifbaiano.edu.br\/unidades\/alagoinhas\/files\/2024\/12\/CONVOCACAO-DE-CANDIDATOS-PARA-A-BANCA-DE-HETEROIDENTIFICACAO-AGROINDUSTRIA.pdf\">CONVOCACAO-DE-CANDIDATOS-PARA-A-BANCA-DE-HETEROIDENTIFICACAO-AGROINDUSTRIA<\/a><a href=\"https:\/\/www.ifbaiano.edu.br\/unidades\/alagoinhas\/files\/2024\/12\/CONVOCACAO-DE-CANDIDATOS-PARA-A-BANCA-DE-HETEROIDENTIFICACAO-AGROINDUSTRIA.pdf\" class=\"wp-block-file__button wp-element-button\" download aria-describedby=\"wp-block-file--media-291123b7-3362-4982-824a-7d0298d04a28\">Baixar<\/a><\/div>\n\n\n\n<div class=\"wp-block-file\"><a id=\"wp-block-file--media-a6fe5be0-b50e-4294-b568-5acb2b4e6419\" href=\"https:\/\/www.ifbaiano.edu.br\/unidades\/alagoinhas\/files\/2024\/12\/CONVOCACAO-DE-CANDIDATOS-PARA-A-BANCA-DE-HETEROIDENTIFICACAO-INFORMATICA.pdf\">CONVOCACAO-DE-CANDIDATOS-PARA-A-BANCA-DE-HETEROIDENTIFICACAO-INFORMATICA<\/a><a href=\"https:\/\/www.ifbaiano.edu.br\/unidades\/alagoinhas\/files\/2024\/12\/CONVOCACAO-DE-CANDIDATOS-PARA-A-BANCA-DE-HETEROIDENTIFICACAO-INFORMATICA.pdf\" class=\"wp-block-file__button wp-element-button\" download aria-describedby=\"wp-block-file--media-a6fe5be0-b50e-4294-b568-5acb2b4e6419\">Baixar<\/a><\/div>\n\n\n\n<div class=\"wp-block-file\"><a id=\"wp-block-file--media-7bee1bf4-f3aa-4a8c-9c66-315d18ea0a3e\" href=\"https:\/\/www.ifbaiano.edu.br\/unidades\/alagoinhas\/files\/2024\/12\/RESULTADO-FINAL-DA-ANALISE-DO-HISTORICO-ESCOLAR-AGROECOLOGIA.pdf\">RESULTADO-FINAL-DA-ANALISE-DO-HISTORICO-ESCOLAR-AGROECOLOGIA<\/a><a href=\"https:\/\/www.ifbaiano.edu.br\/unidades\/alagoinhas\/files\/2024\/12\/RESULTADO-FINAL-DA-ANALISE-DO-HISTORICO-ESCOLAR-AGROECOLOGIA.pdf\" class=\"wp-block-file__button wp-element-button\" download aria-describedby=\"wp-block-file--media-7bee1bf4-f3aa-4a8c-9c66-315d18ea0a3e\">Baixar<\/a><\/div>\n\n\n\n<div class=\"wp-block-file\"><a id=\"wp-block-file--media-b9f9eea0-a751-42ee-b6bf-21cf3006952d\" href=\"https:\/\/www.ifbaiano.edu.br\/unidades\/alagoinhas\/files\/2024\/12\/RESULTADO-FINAL-DA-ANALISE-DO-HISTORICO-ESCOLAR-AGROINDUSTRIA.pdf\">RESULTADO-FINAL-DA-ANALISE-DO-HISTORICO-ESCOLAR-AGROINDUSTRIA<\/a><a href=\"https:\/\/www.ifbaiano.edu.br\/unidades\/alagoinhas\/files\/2024\/12\/RESULTADO-FINAL-DA-ANALISE-DO-HISTORICO-ESCOLAR-AGROINDUSTRIA.pdf\" class=\"wp-block-file__button wp-element-button\" download aria-describedby=\"wp-block-file--media-b9f9eea0-a751-42ee-b6bf-21cf3006952d\">Baixar<\/a><\/div>\n\n\n\n<div class=\"wp-block-file\"><a id=\"wp-block-file--media-a134530f-65c9-474f-b95e-26d2a68df4ab\" href=\"https:\/\/www.ifbaiano.edu.br\/unidades\/alagoinhas\/files\/2024\/12\/RESULTADO-FINAL-DA-ANALISE-DO-HISTORICO-ESCOLAR-INFORMATICA.pdf\">RESULTADO-FINAL-DA-ANALISE-DO-HISTORICO-ESCOLAR-INFORMATICA<\/a><a href=\"https:\/\/www.ifbaiano.edu.br\/unidades\/alagoinhas\/files\/2024\/12\/RESULTADO-FINAL-DA-ANALISE-DO-HISTORICO-ESCOLAR-INFORMATICA.pdf\" class=\"wp-block-file__button wp-element-button\" download aria-describedby=\"wp-block-file--media-a134530f-65c9-474f-b95e-26d2a68df4ab\">Baixar<\/a><\/div>\n\n\n\n<div class=\"wp-block-file\"><a id=\"wp-block-file--media-98b54a77-bd76-41f2-ab43-3e7ef939ccbd\" href=\"https:\/\/www.ifbaiano.edu.br\/unidades\/alagoinhas\/files\/2024\/12\/PUBLICACAO-DO-RESULTADO-DOS-RECURSOS-CONTRA-A-ANALISE-DO-HISTORICO-ESCOLAR-AGROECOLOGIA.pdf\">PUBLICACAO-DO-RESULTADO-DOS-RECURSOS-CONTRA-A-ANALISE-DO-HISTORICO-ESCOLAR-AGROECOLOGIA<\/a><a href=\"https:\/\/www.ifbaiano.edu.br\/unidades\/alagoinhas\/files\/2024\/12\/PUBLICACAO-DO-RESULTADO-DOS-RECURSOS-CONTRA-A-ANALISE-DO-HISTORICO-ESCOLAR-AGROECOLOGIA.pdf\" class=\"wp-block-file__button wp-element-button\" download aria-describedby=\"wp-block-file--media-98b54a77-bd76-41f2-ab43-3e7ef939ccbd\">Baixar<\/a><\/div>\n\n\n\n<div class=\"wp-block-file\"><a id=\"wp-block-file--media-570c031d-79b8-4346-9302-64d7716bade4\" href=\"https:\/\/www.ifbaiano.edu.br\/unidades\/alagoinhas\/files\/2024\/12\/PUBLICACAO-DO-RESULTADO-DOS-RECURSOS-CONTRA-A-ANALISE-DO-HISTORICO-ESCOLAR-AGROINDUSTRIA.pdf\">PUBLICACAO-DO-RESULTADO-DOS-RECURSOS-CONTRA-A-ANALISE-DO-HISTORICO-ESCOLAR-AGROINDUSTRIA<\/a><a href=\"https:\/\/www.ifbaiano.edu.br\/unidades\/alagoinhas\/files\/2024\/12\/PUBLICACAO-DO-RESULTADO-DOS-RECURSOS-CONTRA-A-ANALISE-DO-HISTORICO-ESCOLAR-AGROINDUSTRIA.pdf\" class=\"wp-block-file__button wp-element-button\" download aria-describedby=\"wp-block-file--media-570c031d-79b8-4346-9302-64d7716bade4\">Baixar<\/a><\/div>\n\n\n\n<div class=\"wp-block-file\"><a id=\"wp-block-file--media-85504910-db12-476b-98c5-6defe64ceeba\" href=\"https:\/\/www.ifbaiano.edu.br\/unidades\/alagoinhas\/files\/2024\/12\/PUBLICACAO-DO-RESULTADO-DOS-RECURSOS-CONTRA-A-ANALISE-DO-HISTORICO-ESCOLAR-INFORMATICA.pdf\">PUBLICACAO-DO-RESULTADO-DOS-RECURSOS-CONTRA-A-ANALISE-DO-HISTORICO-ESCOLAR-INFORMATICA<\/a><a href=\"https:\/\/www.ifbaiano.edu.br\/unidades\/alagoinhas\/files\/2024\/12\/PUBLICACAO-DO-RESULTADO-DOS-RECURSOS-CONTRA-A-ANALISE-DO-HISTORICO-ESCOLAR-INFORMATICA.pdf\" class=\"wp-block-file__button wp-element-button\" download aria-describedby=\"wp-block-file--media-85504910-db12-476b-98c5-6defe64ceeba\">Baixar<\/a><\/div>\n\n\n\n<div class=\"wp-block-file\"><a id=\"wp-block-file--media-30646429-1f90-49fa-a994-4d82c15f4771\" href=\"https:\/\/www.ifbaiano.edu.br\/unidades\/alagoinhas\/files\/2024\/11\/RESULTADO-PRELIMINAR-DA-ANALISE-DO-HISTORICO-ESCOLAR-AGROECOLOGIA.pdf\">RESULTADO PRELIMINAR DA AN\u00c1LISE DO HIST\u00d3RICO ESCOLAR-AGROECOLOGIA<\/a><a href=\"https:\/\/www.ifbaiano.edu.br\/unidades\/alagoinhas\/files\/2024\/11\/RESULTADO-PRELIMINAR-DA-ANALISE-DO-HISTORICO-ESCOLAR-AGROECOLOGIA.pdf\" class=\"wp-block-file__button wp-element-button\" download aria-describedby=\"wp-block-file--media-30646429-1f90-49fa-a994-4d82c15f4771\">Baixar<\/a><\/div>\n\n\n\n<div class=\"wp-block-file\"><a id=\"wp-block-file--media-ff97e29c-a075-41a1-9614-0dc708a569fc\" href=\"https:\/\/www.ifbaiano.edu.br\/unidades\/alagoinhas\/files\/2024\/11\/RESULTADO-PRELIMINAR-DA-ANALISE-DO-HISTORICO-ESCOLAR-AGROINDUSTRIA.pdf\">RESULTADO PRELIMINAR DA AN\u00c1LISE DO HIST\u00d3RICO ESCOLAR AGROIND\u00daSTRIA<\/a><a href=\"https:\/\/www.ifbaiano.edu.br\/unidades\/alagoinhas\/files\/2024\/11\/RESULTADO-PRELIMINAR-DA-ANALISE-DO-HISTORICO-ESCOLAR-AGROINDUSTRIA.pdf\" class=\"wp-block-file__button wp-element-button\" download aria-describedby=\"wp-block-file--media-ff97e29c-a075-41a1-9614-0dc708a569fc\">Baixar<\/a><\/div>\n\n\n\n<div class=\"wp-block-file\"><a id=\"wp-block-file--media-fe6a22a0-5d61-45fc-bf89-661abd7b1532\" href=\"https:\/\/www.ifbaiano.edu.br\/unidades\/alagoinhas\/files\/2024\/11\/RESULTADO-PRELIMINAR-DA-ANALISE-DO-HISTORICO-ESCOLAR-INFORMATICA.pdf\">RESULTADO PRELIMINAR DA AN\u00c1LISE DO HISTORICO ESCOLAR -INFORM\u00c1TICA<\/a><a href=\"https:\/\/www.ifbaiano.edu.br\/unidades\/alagoinhas\/files\/2024\/11\/RESULTADO-PRELIMINAR-DA-ANALISE-DO-HISTORICO-ESCOLAR-INFORMATICA.pdf\" class=\"wp-block-file__button wp-element-button\" download aria-describedby=\"wp-block-file--media-fe6a22a0-5d61-45fc-bf89-661abd7b1532\">Baixar<\/a><\/div>\n\n\n\n<div class=\"wp-block-file\"><a id=\"wp-block-file--media-73267c38-84f3-4efb-b05e-07ddeae3582d\" href=\"https:\/\/www.ifbaiano.edu.br\/unidades\/alagoinhas\/files\/2024\/10\/RESULTADO-DA-IMPUGNACAO-DO-EDITAL.pdf\" target=\"_blank\" rel=\"noreferrer noopener\">RESULTADO DA IMPUGNA\u00c7\u00c3O DO EDITAL<\/a><a href=\"https:\/\/www.ifbaiano.edu.br\/unidades\/alagoinhas\/files\/2024\/10\/RESULTADO-DA-IMPUGNACAO-DO-EDITAL.pdf\" class=\"wp-block-file__button wp-element-button\" download aria-describedby=\"wp-block-file--media-73267c38-84f3-4efb-b05e-07ddeae3582d\">Baixar<\/a><\/div>\n\n\n\n<div class=\"wp-block-file\"><a id=\"wp-block-file--media-734f6150-128a-4543-b5a8-c748e692df96\" href=\"https:\/\/www.ifbaiano.edu.br\/unidades\/alagoinhas\/files\/2024\/11\/INFORMATICA-LISTA-PRELIMINAR-DE-INSCRICOES-HOMOLOGADAS.pdf\" target=\"_blank\" rel=\"noreferrer noopener\">INFORM\u00c1TICA &#8211; LISTA PRELIMINAR DE INSCRI\u00c7\u00d5ES HOMOLOGADAS<\/a><a href=\"https:\/\/www.ifbaiano.edu.br\/unidades\/alagoinhas\/files\/2024\/11\/INFORMATICA-LISTA-PRELIMINAR-DE-INSCRICOES-HOMOLOGADAS.pdf\" class=\"wp-block-file__button wp-element-button\" download aria-describedby=\"wp-block-file--media-734f6150-128a-4543-b5a8-c748e692df96\">Baixar<\/a><\/div>\n\n\n\n<div class=\"wp-block-file\"><a id=\"wp-block-file--media-d9758894-981d-4fda-aa79-639192c31d15\" href=\"https:\/\/www.ifbaiano.edu.br\/unidades\/alagoinhas\/files\/2024\/11\/INFORMATICA-PUBLICACAO-DA-RETIFICACAO-DA-LISTA-PRELIMINAR-DE-INSCRICOES-HOMOLOGADAS.pdf\" target=\"_blank\" rel=\"noreferrer noopener\">INFORM\u00c1TICA &#8211; PUBLICA\u00c7\u00c3O DA RETIFICA\u00c7\u00c3O DA LISTA PRELIMINAR DE INSCRI\u00c7\u00d5ES HOMOLOGADAS<\/a><a href=\"https:\/\/www.ifbaiano.edu.br\/unidades\/alagoinhas\/files\/2024\/11\/INFORMATICA-PUBLICACAO-DA-RETIFICACAO-DA-LISTA-PRELIMINAR-DE-INSCRICOES-HOMOLOGADAS.pdf\" class=\"wp-block-file__button wp-element-button\" download aria-describedby=\"wp-block-file--media-d9758894-981d-4fda-aa79-639192c31d15\">Baixar<\/a><\/div>\n\n\n\n<div class=\"wp-block-file\"><a id=\"wp-block-file--media-a0ab6542-29dc-48f0-8b1c-af940b436f61\" href=\"https:\/\/www.ifbaiano.edu.br\/unidades\/alagoinhas\/files\/2024\/11\/AGROECOLOGIA-LISTA-PRELIMINAR-DE-INSCRICOES-HOMOLOGADAS.pdf\">AGROECOLOGIA &#8211; LISTA PRELIMINAR DE INSCRI\u00c7\u00d5ES HOMOLOGADAS<\/a><a href=\"https:\/\/www.ifbaiano.edu.br\/unidades\/alagoinhas\/files\/2024\/11\/AGROECOLOGIA-LISTA-PRELIMINAR-DE-INSCRICOES-HOMOLOGADAS.pdf\" class=\"wp-block-file__button wp-element-button\" download aria-describedby=\"wp-block-file--media-a0ab6542-29dc-48f0-8b1c-af940b436f61\">Baixar<\/a><\/div>\n\n\n\n<div class=\"wp-block-file\"><a id=\"wp-block-file--media-bb6d66a2-ad57-4b90-abcb-665197184d06\" href=\"https:\/\/www.ifbaiano.edu.br\/unidades\/alagoinhas\/files\/2024\/11\/AGROINDUSTRIA-LISTA-PRELIMINAR-DE-INSCRICOES-HOMOLOGADAS.pdf\" target=\"_blank\" rel=\"noreferrer noopener\">AGROIND\u00daSTRIA &#8211; LISTA PRELIMINAR DE INSCRI\u00c7\u00d5ES HOMOLOGADAS<\/a><a href=\"https:\/\/www.ifbaiano.edu.br\/unidades\/alagoinhas\/files\/2024\/11\/AGROINDUSTRIA-LISTA-PRELIMINAR-DE-INSCRICOES-HOMOLOGADAS.pdf\" class=\"wp-block-file__button wp-element-button\" download aria-describedby=\"wp-block-file--media-bb6d66a2-ad57-4b90-abcb-665197184d06\">Baixar<\/a><\/div>\n<\/div><\/div>\n<\/div>\n<\/div>\n<\/div>\n<\/div>\n<\/div>\n\n\n\n<p><\/p>\n\n\n\n<p><\/p>\n\n\n\n<div class=\"wp-block-group is-layout-constrained\"><div class=\"wp-block-group__inner-container\">\n<div class=\"wp-block-columns is-layout-flex wp-container-10\">\n<div class=\"wp-block-column is-layout-flow\" style=\"flex-basis:100%\">\n<div class=\"wp-block-gutena-accordion gutena-accordion-block gutena-accordion-block-019ebb-71 is-layout-flow\" data-single=\"true\">\n<div class=\"wp-block-gutena-accordion-panel gutena-accordion-block__panel\">\n<div class=\"wp-block-gutena-accordion-panel-title gutena-accordion-block__panel-title\"><div class=\"gutena-accordion-block__panel-title-inner\">\n<figure class=\"wp-block-table is-style-stripes\"><table><tbody><tr><td class=\"has-text-align-center\" data-align=\"center\"><strong>Quais s\u00e3o as op\u00e7\u00f5es de Cursos Integrados?<\/strong><\/td><\/tr><\/tbody><tfoot><tr><td class=\"has-text-align-center\" data-align=\"center\">Clique aqui para saber mais<\/td><\/tr><\/tfoot><\/table><\/figure>\n\n\n\n<ul>\n<li><strong>T\u00e9cnico em Agroind\u00fastria \u2013 80 Vagas<\/strong><\/li>\n\n\n\n<li><strong>T\u00e9cnico em Agroecologia \u2013 70 Vagas<\/strong><\/li>\n\n\n\n<li><strong>T\u00e9cnico em Inform\u00e1tica \u2013 30 Vagas<\/strong><\/li>\n<\/ul>\n<div class=\"trigger-up-down\"><div class=\"horizontal\"><\/div><div class=\"vertical\"><\/div><\/div><\/div><\/div>\n\n\n\n<div class=\"wp-block-gutena-accordion-panel-content gutena-accordion-block__panel-content\"><div class=\"gutena-accordion-block__panel-content-inner\">\n<p><strong>T\u00e9cnico em Agroecologia<\/strong>&nbsp;\u2013 O Curso T\u00e9cnico em Agroecologia &nbsp;tem como finalidade consolidar saberes, preparar os estudantes para o exerc\u00edcio profissional e para o exerc\u00edcio da cidadania, sendo profissional capaz de adaptar-se \u00e0s novas condi\u00e7\u00f5es de ocupa\u00e7\u00f5es e aperfei\u00e7oamentos posteriores, de agir de forma \u00e9tica, aut\u00f4noma e cr\u00edtica, compreendendo os fundamentos cient\u00edficos e tecnol\u00f3gicos dos processos produtivos e relacionar teoria e pr\u00e1tica, ao mesmo tempo em que possa reconhecer-se em seu contexto hist\u00f3rico e cultural, comunicar-se, ser criativo, aberto ao novo, protagonista e respons\u00e1vel. Na especificidade do curso, o profissional dever\u00e1 ser capaz de atuar em sistemas de produ\u00e7\u00e3o agropecu\u00e1ria e extrativista fundamentados em princ\u00edpios agroecol\u00f3gicos, t\u00e9cnicas de sistemas org\u00e2nicos de produ\u00e7\u00e3o com foco no desenvolvimento de a\u00e7\u00f5es integradas, unindo a preserva\u00e7\u00e3o e conserva\u00e7\u00e3o de recursos naturais \u00e0 sustentabilidade social e econ\u00f4mica dos sistemas produtivos.<\/p>\n\n\n\n<p><strong>T\u00e9cnico em Inform\u00e1tica<\/strong>&nbsp;\u2013 Trata-se de um curso que, para al\u00e9m da forma\u00e7\u00e3o proped\u00eautica, busca formar profissionais em N\u00edvel M\u00e9dio com compet\u00eancias e habilidades para atuar cr\u00edtica e reflexivamente na sociedade, no mundo do trabalho e nas diversas \u00e1reas de inform\u00e1tica, capazes de desenvolver programas computacionais e realizar manuten\u00e7\u00e3o e suporte de computadores e redes, tanto em hardware quanto software, al\u00e9m de favorecer condi\u00e7\u00f5es ao prosseguimento de estudos posteriores.<\/p>\n\n\n\n<p><strong>T\u00e9cnico em Agroind\u00fastria<\/strong>&nbsp;\u2013 Oportunizar a forma\u00e7\u00e3o de profissionais t\u00e9cnicos de n\u00edvel m\u00e9dio da \u00e1rea profissional de Agroind\u00fastria, com compet\u00eancias e habilidades direcionadas para a aplica\u00e7\u00e3o de tecnologias voltadas ao processamento, conserva\u00e7\u00e3o e controle de qualidade de mat\u00e9rias-primas de origem vegetal e animal, aliado ao desenvolvimento do trabalho em equipe de forma cr\u00edtica, \u00e9tica, criativa, empreendedora e ambientalmente consciente, com forma\u00e7\u00e3o human\u00edstica e cultural integrada \u00e0 forma\u00e7\u00e3o profissional e tecnol\u00f3gica, objetivando a seguran\u00e7a dos&nbsp; alimentos e fortalecendo o desenvolvimento socioecon\u00f4mico territorial.<\/p>\n<\/div><\/div>\n<\/div>\n<\/div>\n<\/div>\n<\/div>\n<\/div><\/div>\n\n\n\n<p class=\"has-text-align-center\"><strong>Documentos para inscri\u00e7\u00e3o por tipo de vaga<\/strong><\/p>\n\n\n\n<p class=\"has-text-align-center\">Informa\u00e7\u00f5es tamb\u00e9m contidas no edital<\/p>\n\n\n\n<div class=\"wp-block-gutena-accordion gutena-accordion-block gutena-accordion-block-41d6fc-fe is-layout-flow\" data-single=\"true\">\n<div class=\"wp-block-gutena-accordion-panel gutena-accordion-block__panel\">\n<div class=\"wp-block-gutena-accordion-panel-title gutena-accordion-block__panel-title\"><div class=\"gutena-accordion-block__panel-title-inner\">\n<h6 class=\"wp-block-heading has-text-align-left\" style=\"margin-top:0px;margin-right:0px;margin-bottom:0px;margin-left:0px\"><strong>AC:<\/strong> Ampla concorr\u00eancia<\/h6>\n<div class=\"trigger-up-down\"><div class=\"horizontal\"><\/div><div class=\"vertical\"><\/div><\/div><\/div><\/div>\n\n\n\n<div class=\"wp-block-gutena-accordion-panel-content gutena-accordion-block__panel-content\"><div class=\"gutena-accordion-block__panel-content-inner\">\n<p>a)&nbsp; CPF &#8211; Documento oficial ou comprovante de situa\u00e7\u00e3o cadastral do site da receita federal;<\/p>\n\n\n\n<p>(<a rel=\"noreferrer noopener\" href=\"https:\/\/servicos.receita.fazenda.gov.br\/Servicos\/CPF\/ConsultaSituacao\/ConsultaPublica.asp\" target=\"_blank\">https:\/\/servicos.receita.fazenda.gov.br\/Servicos\/CPF\/ConsultaSituacao\/ConsultaPublica.asp<\/a>)<\/p>\n\n\n\n<p>b) hist\u00f3rico escolar do ensino fundamental, ou boletins escolares do ensino fundamental devidamente autenticados pela institui\u00e7\u00e3o de ensino (carimbo e assinatura, autentica\u00e7\u00e3o eletr\u00f4nica, c\u00f3digo de autentica\u00e7\u00e3o ou outro meio v\u00e1lido), ou declara\u00e7\u00e3o da escola com as notas de L\u00edngua Portuguesa, de Ci\u00eancias, de Hist\u00f3ria, de Geografia e de Matem\u00e1tica do 8\u00ba ano do Ensino Fundamental II &#8211; ANEXO II ou comprovante de certifica\u00e7\u00e3o do ENCCEJA.<\/p>\n<\/div><\/div>\n<\/div>\n\n\n\n<div class=\"wp-block-gutena-accordion-panel gutena-accordion-block__panel\">\n<div class=\"wp-block-gutena-accordion-panel-title gutena-accordion-block__panel-title\"><div class=\"gutena-accordion-block__panel-title-inner\">\n<div class=\"wp-block-group is-nowrap is-layout-flex wp-container-12\">\n<figure class=\"wp-block-image size-full is-resized\"><img decoding=\"async\" loading=\"lazy\" src=\"https:\/\/www.ifbaiano.edu.br\/unidades\/alagoinhas\/files\/2024\/10\/PCD.png\" alt=\"\" class=\"wp-image-6068\" width=\"46\" height=\"46\" \/><\/figure>\n\n\n\n<h6 class=\"wp-block-heading has-text-align-left\" style=\"margin-top:0px;margin-right:0px;margin-bottom:0px;margin-left:0px\"><strong>Documenta\u00e7\u00e3o para candidatos(as) com defici\u00eancia (V):<\/strong><\/h6>\n<\/div>\n<div class=\"trigger-up-down\"><div class=\"horizontal\"><\/div><div class=\"vertical\"><\/div><\/div><\/div><\/div>\n\n\n\n<div class=\"wp-block-gutena-accordion-panel-content gutena-accordion-block__panel-content\"><div class=\"gutena-accordion-block__panel-content-inner\">\n<p>a)&nbsp; CPF Documento oficial ou comprovante de situa\u00e7\u00e3o cadastral do site da receita federal;<\/p>\n\n\n\n<p>(<a rel=\"noreferrer noopener\" href=\"https:\/\/servicos.receita.fazenda.gov.br\/Servicos\/CPF\/ConsultaSituacao\/ConsultaPublica.asp\" target=\"_blank\">https:\/\/servicos.receita.fazenda.gov.br\/Servicos\/CPF\/ConsultaSituacao\/ConsultaPublica.asp<\/a>)<\/p>\n\n\n\n<p>b) hist\u00f3rico escolar do ensino fundamental, ou boletins escolares do ensino fundamental devidamente autenticados pela institui\u00e7\u00e3o de ensino (carimbo e assinatura, autentica\u00e7\u00e3o eletr\u00f4nica, c\u00f3digo de autentica\u00e7\u00e3o ou outro meio v\u00e1lido), ou declara\u00e7\u00e3o da escola com as notas de L\u00edngua Portuguesa, de Ci\u00eancias, de Hist\u00f3ria, de Geografia e de Matem\u00e1tica do 8\u00ba ano do Ensino Fundamental II &#8211; ANEXO II ou comprovante de certifica\u00e7\u00e3o do ENCCEJA.<\/p>\n\n\n\n<p>c) laudo m\u00e9dico digitalizado, atestando o tipo, o grau ou o n\u00edvel de defici\u00eancia, com expressa refer\u00eancia ao c\u00f3digo correspondente da Classifica\u00e7\u00e3o Internacional de Doen\u00e7as (CID-10).<\/p>\n<\/div><\/div>\n<\/div>\n<\/div>\n\n\n\n<p class=\"has-text-align-center\"><strong>Para Candidatas (os) que estudaram todo Ensino Fundamental em Escola P\u00fablica<\/strong>:<\/p>\n\n\n\n<div class=\"wp-block-gutena-accordion gutena-accordion-block gutena-accordion-block-1da10c-a1 is-layout-flow\" data-single=\"true\">\n<div class=\"wp-block-gutena-accordion-panel gutena-accordion-block__panel\">\n<div class=\"wp-block-gutena-accordion-panel-title gutena-accordion-block__panel-title\"><div class=\"gutena-accordion-block__panel-title-inner\">\n<div class=\"wp-block-group is-nowrap is-layout-flex wp-container-15\">\n<div class=\"wp-block-group is-vertical is-layout-flex wp-container-14\">\n<figure class=\"wp-block-image size-full is-resized\"><img decoding=\"async\" loading=\"lazy\" src=\"https:\/\/www.ifbaiano.edu.br\/unidades\/alagoinhas\/files\/2024\/10\/Reserva-de-Vagas-2024-Agroindustria.png\" alt=\"\" class=\"wp-image-6069\" width=\"185\" height=\"185\" \/><\/figure>\n\n\n\n<figure class=\"wp-block-image size-full\"><img decoding=\"async\" loading=\"lazy\" width=\"106\" height=\"108\" src=\"https:\/\/www.ifbaiano.edu.br\/unidades\/alagoinhas\/files\/2024\/10\/baixa-renda.png\" alt=\"\" class=\"wp-image-6071\" \/><\/figure>\n<\/div>\n\n\n\n<h6 class=\"wp-block-heading has-text-align-left\" style=\"margin-top:0px;margin-right:0px;margin-bottom:0px;margin-left:0px\"><strong>LB_PPI: <\/strong>Candidatos(as) autodeclarados(as) <strong>pretos(as), pardos(as) ou ind\u00edgenas, com renda familiar bruta per capita igual ou inferior a 1 sal\u00e1rio m\u00ednimo <\/strong>e que tenham cursado integralmente o ensino m\u00e9dio em escolas p\u00fablicas (Lei n\u00ba 12.711\/2012), complementada pela Lei 14.723\/2023:&nbsp;<\/h6>\n<\/div>\n<div class=\"trigger-up-down\"><div class=\"horizontal\"><\/div><div class=\"vertical\"><\/div><\/div><\/div><\/div>\n\n\n\n<div class=\"wp-block-gutena-accordion-panel-content gutena-accordion-block__panel-content\"><div class=\"gutena-accordion-block__panel-content-inner\">\n<p>a)&nbsp; CPF &#8211; Documento oficial ou comprovante de situa\u00e7\u00e3o cadastral do site da receita federal;<\/p>\n\n\n\n<p>(<a rel=\"noreferrer noopener\" href=\"https:\/\/servicos.receita.fazenda.gov.br\/Servicos\/CPF\/ConsultaSituacao\/ConsultaPublica.asp\" target=\"_blank\">https:\/\/servicos.receita.fazenda.gov.br\/Servicos\/CPF\/ConsultaSituacao\/ConsultaPublica.asp<\/a>)<\/p>\n\n\n\n<p>b) hist\u00f3rico escolar do ensino fundamental, ou declara\u00e7\u00e3o da escola com as notas de L\u00edngua Portuguesa, de Ci\u00eancias, de Hist\u00f3ria, de Geografia e de Matem\u00e1tica do 8\u00ba ano do Ensino Fundamental II &#8211; <strong>ANEXO II<\/strong> ou comprovante de certifica\u00e7\u00e3o do ENCCEJA.<\/p>\n\n\n\n<p>c) autodeclara\u00e7\u00e3o de renda e consolida\u00e7\u00e3o da renda familiar (ANEXO III);<\/p>\n\n\n\n<p>d) documenta\u00e7\u00e3o comprobat\u00f3ria de renda, conforme item 6.11;<\/p>\n\n\n\n<p>e) Registro Administrativo de Nascimento de Ind\u00edgena (RANI), ou outro documento de comprova\u00e7\u00e3o de origem ind\u00edgena, emitido pela Funda\u00e7\u00e3o Nacional dos Povos Ind\u00edgenas (FUNAI), apenas para candidatos(as) ind\u00edgenas.<\/p>\n<\/div><\/div>\n<\/div>\n<\/div>\n\n\n\n<div class=\"wp-block-gutena-accordion gutena-accordion-block gutena-accordion-block-c0a68a-21 is-layout-flow\" data-single=\"true\">\n<div class=\"wp-block-gutena-accordion-panel gutena-accordion-block__panel\">\n<div class=\"wp-block-gutena-accordion-panel-title gutena-accordion-block__panel-title\"><div class=\"gutena-accordion-block__panel-title-inner\">\n<div class=\"wp-block-group is-nowrap is-layout-flex wp-container-18\">\n<div class=\"wp-block-group is-vertical is-layout-flex wp-container-17\">\n<figure class=\"wp-block-image size-full\"><img decoding=\"async\" loading=\"lazy\" width=\"107\" height=\"107\" src=\"https:\/\/www.ifbaiano.edu.br\/unidades\/alagoinhas\/files\/2024\/10\/PCD.png\" alt=\"\" class=\"wp-image-6068\" \/><\/figure>\n\n\n\n<figure class=\"wp-block-image size-full\"><img decoding=\"async\" loading=\"lazy\" width=\"106\" height=\"108\" src=\"https:\/\/www.ifbaiano.edu.br\/unidades\/alagoinhas\/files\/2024\/10\/baixa-renda.png\" alt=\"\" class=\"wp-image-6071\" \/><\/figure>\n<\/div>\n\n\n\n<h6 class=\"wp-block-heading has-text-align-left\" style=\"margin-top:0px;margin-right:0px;margin-bottom:0px;margin-left:0px\"><strong>LB_PCD: Candidatos(as) com defici\u00eancia, que tenham renda familiar bruta per capita igual ou inferior a 1 sal\u00e1rio m\u00ednimo <\/strong>e que tenham cursado integralmente o ensino m\u00e9dio em escolas p\u00fablicas (Lei n\u00ba 12.711\/2012):<strong>&nbsp;<\/strong><\/h6>\n<\/div>\n<div class=\"trigger-up-down\"><div class=\"horizontal\"><\/div><div class=\"vertical\"><\/div><\/div><\/div><\/div>\n\n\n\n<div class=\"wp-block-gutena-accordion-panel-content gutena-accordion-block__panel-content\"><div class=\"gutena-accordion-block__panel-content-inner\">\n<p>a)&nbsp; CPF &#8211; Documento oficial ou comprovante de situa\u00e7\u00e3o cadastral do site da receita federal;<\/p>\n\n\n\n<p>(<a rel=\"noreferrer noopener\" href=\"https:\/\/servicos.receita.fazenda.gov.br\/Servicos\/CPF\/ConsultaSituacao\/ConsultaPublica.asp\" target=\"_blank\">https:\/\/servicos.receita.fazenda.gov.br\/Servicos\/CPF\/ConsultaSituacao\/ConsultaPublica.asp<\/a>)<\/p>\n\n\n\n<p>b) hist\u00f3rico escolar do ensino fundamental, ou declara\u00e7\u00e3o da escola com as notas de L\u00edngua Portuguesa, de Ci\u00eancias, de Hist\u00f3ria, de Geografia e de Matem\u00e1tica do 8\u00ba ano do Ensino Fundamental II &#8211; <strong>ANEXO II<\/strong> ou comprovante de certifica\u00e7\u00e3o do ENCCEJA.<\/p>\n\n\n\n<p>c) autodeclara\u00e7\u00e3o de renda e consolida\u00e7\u00e3o da renda familiar (ANEXO III);<\/p>\n\n\n\n<p>d) laudo m\u00e9dico, assinado por m\u00e9dico(a), atestando o tipo, o grau ou o n\u00edvel de defici\u00eancia, com expressa refer\u00eancia ao c\u00f3digo correspondente da Classifica\u00e7\u00e3o Internacional de Doen\u00e7as (CID-10);<\/p>\n\n\n\n<p>e) documenta\u00e7\u00e3o comprobat\u00f3ria de renda, conforme item 6.11;<\/p>\n<\/div><\/div>\n<\/div>\n\n\n\n<div class=\"wp-block-gutena-accordion-panel gutena-accordion-block__panel\">\n<div class=\"wp-block-gutena-accordion-panel-title gutena-accordion-block__panel-title\"><div class=\"gutena-accordion-block__panel-title-inner\">\n<div class=\"wp-block-group is-nowrap is-layout-flex wp-container-19\">\n<figure class=\"wp-block-image size-full\"><img decoding=\"async\" loading=\"lazy\" width=\"106\" height=\"108\" src=\"https:\/\/www.ifbaiano.edu.br\/unidades\/alagoinhas\/files\/2024\/10\/baixa-renda.png\" alt=\"\" class=\"wp-image-6071\" \/><\/figure>\n\n\n\n<h6 class=\"wp-block-heading has-text-align-left\" style=\"margin-top:0px;margin-right:0px;margin-bottom:0px;margin-left:0px\"><strong>LB_EP: Candidatos(as) com renda familiar bruta per capita igual ou inferior a 1 sal\u00e1rio m\u00ednimo <\/strong>que tenham cursado integralmente o ensino m\u00e9dio em escolas p\u00fablicas (Lei n\u00ba 12.711\/2012):&nbsp;<\/h6>\n<\/div>\n<div class=\"trigger-up-down\"><div class=\"horizontal\"><\/div><div class=\"vertical\"><\/div><\/div><\/div><\/div>\n\n\n\n<div class=\"wp-block-gutena-accordion-panel-content gutena-accordion-block__panel-content\"><div class=\"gutena-accordion-block__panel-content-inner\">\n<p>a)&nbsp; CPF &#8211; Documento oficial ou comprovante de situa\u00e7\u00e3o cadastral do site da receita federal;<\/p>\n\n\n\n<p>(<a rel=\"noreferrer noopener\" href=\"https:\/\/servicos.receita.fazenda.gov.br\/Servicos\/CPF\/ConsultaSituacao\/ConsultaPublica.asp\" target=\"_blank\">https:\/\/servicos.receita.fazenda.gov.br\/Servicos\/CPF\/ConsultaSituacao\/ConsultaPublica.asp<\/a>)<\/p>\n\n\n\n<p>b) hist\u00f3rico escolar do ensino fundamental, ou declara\u00e7\u00e3o da escola com as notas de L\u00edngua Portuguesa, de Ci\u00eancias, de Hist\u00f3ria, de Geografia e de Matem\u00e1tica do 8\u00ba ano do Ensino Fundamental II &#8211; <strong>ANEXO II<\/strong> ou comprovante de certifica\u00e7\u00e3o do ENCCEJA.<\/p>\n\n\n\n<p>c) autodeclara\u00e7\u00e3o de renda e consolida\u00e7\u00e3o da renda familiar (ANEXO III);<\/p>\n\n\n\n<p>d) documenta\u00e7\u00e3o comprobat\u00f3ria de renda, conforme item 6.11.<\/p>\n<\/div><\/div>\n<\/div>\n\n\n\n<div class=\"wp-block-gutena-accordion-panel gutena-accordion-block__panel\">\n<div class=\"wp-block-gutena-accordion-panel-title gutena-accordion-block__panel-title\"><div class=\"gutena-accordion-block__panel-title-inner\">\n<div class=\"wp-block-group is-nowrap is-layout-flex wp-container-20\">\n<figure class=\"wp-block-image size-full\"><img decoding=\"async\" loading=\"lazy\" width=\"187\" height=\"169\" src=\"https:\/\/www.ifbaiano.edu.br\/unidades\/alagoinhas\/files\/2024\/10\/quilombola.png\" alt=\"\" class=\"wp-image-6072\" \/><\/figure>\n\n\n\n<h6 class=\"wp-block-heading has-text-align-left\" style=\"margin-top:0px;margin-right:0px;margin-bottom:0px;margin-left:0px\"><strong>LB_Q: Candidatos(as) autodeclarados(as) quilombolas,<\/strong> com renda familiar bruta per capita <strong>igual ou inferior a 1 sal\u00e1rio m\u00ednimo<\/strong> e que tenham cursado integralmente o ensino m\u00e9dio em escolas p\u00fablicas (Lei n\u00ba 12.711\/2012), complementada pela Lei 14.723\/2023:&nbsp;<\/h6>\n<\/div>\n<div class=\"trigger-up-down\"><div class=\"horizontal\"><\/div><div class=\"vertical\"><\/div><\/div><\/div><\/div>\n\n\n\n<div class=\"wp-block-gutena-accordion-panel-content gutena-accordion-block__panel-content\"><div class=\"gutena-accordion-block__panel-content-inner\">\n<p>a)&nbsp; CPF &#8211; Documento oficial ou comprovante de situa\u00e7\u00e3o cadastral do site da receita federal;<\/p>\n\n\n\n<p>(<a rel=\"noreferrer noopener\" href=\"https:\/\/servicos.receita.fazenda.gov.br\/Servicos\/CPF\/ConsultaSituacao\/ConsultaPublica.asp\" target=\"_blank\">https:\/\/servicos.receita.fazenda.gov.br\/Servicos\/CPF\/ConsultaSituacao\/ConsultaPublica.asp<\/a>)<\/p>\n\n\n\n<p>b) hist\u00f3rico escolar do ensino fundamental, ou declara\u00e7\u00e3o da escola com as notas de L\u00edngua Portuguesa, de Ci\u00eancias, de Hist\u00f3ria, de Geografia e de Matem\u00e1tica do 8\u00ba ano do Ensino Fundamental II &#8211; <strong>ANEXO II<\/strong> ou comprovante de certifica\u00e7\u00e3o do ENCCEJA.<\/p>\n\n\n\n<p>c) autodeclara\u00e7\u00e3o de renda e consolida\u00e7\u00e3o da renda familiar (ANEXO III);<\/p>\n\n\n\n<p>d) documenta\u00e7\u00e3o comprobat\u00f3ria de renda, conforme item 6.11;<\/p>\n\n\n\n<p>e) Formul\u00e1rio preenchido de declara\u00e7\u00e3o de comunidade quilombola&nbsp; (ANEXO V);&nbsp;<\/p>\n<\/div><\/div>\n<\/div>\n<\/div>\n\n\n\n<div class=\"wp-block-gutena-accordion gutena-accordion-block gutena-accordion-block-0fc0d9-f2 is-layout-flow\" data-single=\"true\">\n<div class=\"wp-block-gutena-accordion-panel gutena-accordion-block__panel\">\n<div class=\"wp-block-gutena-accordion-panel-title gutena-accordion-block__panel-title\"><div class=\"gutena-accordion-block__panel-title-inner\">\n<div class=\"wp-block-group is-nowrap is-layout-flex wp-container-22\">\n<figure class=\"wp-block-image size-full is-resized\"><img decoding=\"async\" loading=\"lazy\" src=\"https:\/\/www.ifbaiano.edu.br\/unidades\/alagoinhas\/files\/2024\/10\/Reserva-de-Vagas-2024-Agroindustria.png\" alt=\"\" class=\"wp-image-6069\" width=\"185\" height=\"185\" \/><\/figure>\n\n\n\n<h6 class=\"wp-block-heading has-text-align-left\" style=\"margin-top:0px;margin-right:0px;margin-bottom:0px;margin-left:0px\"><strong>LI_PPI: Candidatos(as) autodeclarados(as) pretos(as), pardos(as) ou ind\u00edgenas, independentemente da renda, <\/strong>que tenham cursado integralmente o ensino m\u00e9dio em escolas p\u00fablicas (Lei n\u00ba 12.711\/2012, complementada pela Lei 14.723\/2023.)<\/h6>\n<\/div>\n<div class=\"trigger-up-down\"><div class=\"horizontal\"><\/div><div class=\"vertical\"><\/div><\/div><\/div><\/div>\n\n\n\n<div class=\"wp-block-gutena-accordion-panel-content gutena-accordion-block__panel-content\"><div class=\"gutena-accordion-block__panel-content-inner\">\n<p>a)&nbsp; CPF &#8211; Documento oficial ou comprovante de situa\u00e7\u00e3o cadastral do site da receita federal;<\/p>\n\n\n\n<p>(<a rel=\"noreferrer noopener\" href=\"https:\/\/servicos.receita.fazenda.gov.br\/Servicos\/CPF\/ConsultaSituacao\/ConsultaPublica.asp\" target=\"_blank\">https:\/\/servicos.receita.fazenda.gov.br\/Servicos\/CPF\/ConsultaSituacao\/ConsultaPublica.asp<\/a>)<\/p>\n\n\n\n<p>b) hist\u00f3rico escolar do ensino fundamental, ou declara\u00e7\u00e3o da escola com as notas de L\u00edngua Portuguesa, de Ci\u00eancias, de Hist\u00f3ria, de Geografia e de Matem\u00e1tica do 8\u00ba ano do Ensino Fundamental II &#8211; <strong>ANEXO II<\/strong> ou comprovante de certifica\u00e7\u00e3o do ENCCEJA.<\/p>\n\n\n\n<p>c) Registro Administrativo de Nascimento de Ind\u00edgena (RANI), ou outro documento de comprova\u00e7\u00e3o de origem ind\u00edgena, emitido pela Funda\u00e7\u00e3o Nacional dos Povos Ind\u00edgenas (FUNAI), apenas para candidatos(as) ind\u00edgenas.<\/p>\n<\/div><\/div>\n<\/div>\n\n\n\n<div class=\"wp-block-gutena-accordion-panel gutena-accordion-block__panel\">\n<div class=\"wp-block-gutena-accordion-panel-title gutena-accordion-block__panel-title\"><div class=\"gutena-accordion-block__panel-title-inner\">\n<div class=\"wp-block-group is-nowrap is-layout-flex wp-container-23\">\n<figure class=\"wp-block-image size-full\"><img decoding=\"async\" loading=\"lazy\" width=\"107\" height=\"107\" src=\"https:\/\/www.ifbaiano.edu.br\/unidades\/alagoinhas\/files\/2024\/10\/PCD.png\" alt=\"\" class=\"wp-image-6068\" \/><\/figure>\n\n\n\n<h6 class=\"wp-block-heading has-text-align-left\" style=\"margin-top:0px;margin-right:0px;margin-bottom:0px;margin-left:0px\"><strong>LI_PCD: Candidatos(as) com defici\u00eancia, independentemente da renda, <\/strong>que tenham cursado integralmente o ensino m\u00e9dio em escolas p\u00fablicas (Lei n\u00ba 12.711\/2012).:&nbsp;<\/h6>\n<\/div>\n<div class=\"trigger-up-down\"><div class=\"horizontal\"><\/div><div class=\"vertical\"><\/div><\/div><\/div><\/div>\n\n\n\n<div class=\"wp-block-gutena-accordion-panel-content gutena-accordion-block__panel-content\"><div class=\"gutena-accordion-block__panel-content-inner\">\n<p>a)&nbsp; CPF &#8211; Documento oficial ou comprovante de situa\u00e7\u00e3o cadastral do site da receita federal;<\/p>\n\n\n\n<p>(<a rel=\"noreferrer noopener\" href=\"https:\/\/servicos.receita.fazenda.gov.br\/Servicos\/CPF\/ConsultaSituacao\/ConsultaPublica.asp\" target=\"_blank\">https:\/\/servicos.receita.fazenda.gov.br\/Servicos\/CPF\/ConsultaSituacao\/ConsultaPublica.asp<\/a>)<\/p>\n\n\n\n<p>b) hist\u00f3rico escolar do ensino fundamental, ou declara\u00e7\u00e3o da escola com as notas de L\u00edngua Portuguesa, de Ci\u00eancias, de Hist\u00f3ria, de Geografia e de Matem\u00e1tica do 8\u00ba ano do Ensino Fundamental II &#8211; <strong>ANEXO II<\/strong> ou comprovante de certifica\u00e7\u00e3o do ENCCEJA.<\/p>\n\n\n\n<p>c) laudo m\u00e9dico, assinado por m\u00e9dico(a), atestando o tipo, o grau ou o n\u00edvel de defici\u00eancia, com expressa refer\u00eancia ao c\u00f3digo correspondente da Classifica\u00e7\u00e3o Internacional de Doen\u00e7as (CID-10);<\/p>\n<\/div><\/div>\n<\/div>\n\n\n\n<div class=\"wp-block-gutena-accordion-panel gutena-accordion-block__panel\">\n<div class=\"wp-block-gutena-accordion-panel-title gutena-accordion-block__panel-title\"><div class=\"gutena-accordion-block__panel-title-inner\">\n<div class=\"wp-block-group is-nowrap is-layout-flex wp-container-24\">\n<figure class=\"wp-block-image size-full\"><img decoding=\"async\" loading=\"lazy\" width=\"106\" height=\"107\" src=\"https:\/\/www.ifbaiano.edu.br\/unidades\/alagoinhas\/files\/2024\/10\/Escola-Publica.png\" alt=\"\" class=\"wp-image-6070\" \/><\/figure>\n\n\n\n<h6 class=\"wp-block-heading has-text-align-left\" style=\"margin-top:0px;margin-right:0px;margin-bottom:0px;margin-left:0px\"><strong>LI_EP: <\/strong>Candidatos(as) que<strong>, independentemente da renda,<\/strong> tenham cursado integralmente o ensino <strong>fundamental em escolas p\u00fablicas <\/strong>(Lei n\u00ba 12.711\/2012):<\/h6>\n<\/div>\n<div class=\"trigger-up-down\"><div class=\"horizontal\"><\/div><div class=\"vertical\"><\/div><\/div><\/div><\/div>\n\n\n\n<div class=\"wp-block-gutena-accordion-panel-content gutena-accordion-block__panel-content\"><div class=\"gutena-accordion-block__panel-content-inner\">\n<p>a)&nbsp; CPF &#8211; Documento oficial ou comprovante de situa\u00e7\u00e3o cadastral do site da receita federal;<\/p>\n\n\n\n<p>(<a rel=\"noreferrer noopener\" href=\"https:\/\/servicos.receita.fazenda.gov.br\/Servicos\/CPF\/ConsultaSituacao\/ConsultaPublica.asp\" target=\"_blank\">https:\/\/servicos.receita.fazenda.gov.br\/Servicos\/CPF\/ConsultaSituacao\/ConsultaPublica.asp<\/a>)<\/p>\n\n\n\n<p>b) hist\u00f3rico escolar do ensino fundamental, ou declara\u00e7\u00e3o da escola com as notas de L\u00edngua Portuguesa, de Ci\u00eancias, de Hist\u00f3ria, de Geografia e de Matem\u00e1tica do 8\u00ba ano do Ensino Fundamental II &#8211; <strong>ANEXO II<\/strong> ou comprovante de certifica\u00e7\u00e3o do ENCCEJA.<\/p>\n<\/div><\/div>\n<\/div>\n<\/div>\n","protected":false},"excerpt":{"rendered":"<p>CLIQUE AQUI PARA VISUALIZAR AS CHAMADAS PARA MATR\u00cdCULA Mais recente publica\u00e7\u00e3o do processo seletivo segundo o cronograma RESULTADO FINAL Inform\u00e1tica &#8211; clique aqui Agroind\u00fastria &#8211; clique aqui Agroecologia &#8211; clique aqui PRIMEIRA CHAMADA PARA MATR\u00cdCULA Inform\u00e1tica &#8211; clique aqui Agroind\u00fastria &#8211; clique aqui Agroecologia &#8211; clique aqui Mais informa\u00e7\u00f5es sobre a matricula: https:\/\/www.ifbaiano.edu.br\/unidades\/alagoinhas\/edital-de-matricula-processo-seletivo-para-ingresso-de-estudantes-2025\/ RESULTADO FINAL [&hellip;]<\/p>\n","protected":false},"author":156,"featured_media":6034,"comment_status":"open","ping_status":"open","sticky":true,"template":"","format":"standard","meta":[],"categories":[8,34,7],"tags":[45,48,22,44,47,51],"_links":{"self":[{"href":"https:\/\/www.ifbaiano.edu.br\/unidades\/alagoinhas\/wp-json\/wp\/v2\/posts\/5979"}],"collection":[{"href":"https:\/\/www.ifbaiano.edu.br\/unidades\/alagoinhas\/wp-json\/wp\/v2\/posts"}],"about":[{"href":"https:\/\/www.ifbaiano.edu.br\/unidades\/alagoinhas\/wp-json\/wp\/v2\/types\/post"}],"author":[{"embeddable":true,"href":"https:\/\/www.ifbaiano.edu.br\/unidades\/alagoinhas\/wp-json\/wp\/v2\/users\/156"}],"replies":[{"embeddable":true,"href":"https:\/\/www.ifbaiano.edu.br\/unidades\/alagoinhas\/wp-json\/wp\/v2\/comments?post=5979"}],"version-history":[{"count":97,"href":"https:\/\/www.ifbaiano.edu.br\/unidades\/alagoinhas\/wp-json\/wp\/v2\/posts\/5979\/revisions"}],"predecessor-version":[{"id":6272,"href":"https:\/\/www.ifbaiano.edu.br\/unidades\/alagoinhas\/wp-json\/wp\/v2\/posts\/5979\/revisions\/6272"}],"wp:featuredmedia":[{"embeddable":true,"href":"https:\/\/www.ifbaiano.edu.br\/unidades\/alagoinhas\/wp-json\/wp\/v2\/media\/6034"}],"wp:attachment":[{"href":"https:\/\/www.ifbaiano.edu.br\/unidades\/alagoinhas\/wp-json\/wp\/v2\/media?parent=5979"}],"wp:term":[{"taxonomy":"category","embeddable":true,"href":"https:\/\/www.ifbaiano.edu.br\/unidades\/alagoinhas\/wp-json\/wp\/v2\/categories?post=5979"},{"taxonomy":"post_tag","embeddable":true,"href":"https:\/\/www.ifbaiano.edu.br\/unidades\/alagoinhas\/wp-json\/wp\/v2\/tags?post=5979"}],"curies":[{"name":"wp","href":"https:\/\/api.w.org\/{rel}","templated":true}]}}