{"id":6693,"date":"2025-07-03T00:00:00","date_gmt":"2025-07-03T03:00:00","guid":{"rendered":"https:\/\/www.ifbaiano.edu.br\/unidades\/alagoinhas\/?p=6693"},"modified":"2026-03-10T12:53:16","modified_gmt":"2026-03-10T15:53:16","slug":"paise2025","status":"publish","type":"post","link":"https:\/\/www.ifbaiano.edu.br\/unidades\/alagoinhas\/paise2025\/","title":{"rendered":"Programa de Assist\u00eancia e Inclus\u00e3o Social do Estudante \u2013 PAISE 2025"},"content":{"rendered":"\n<p>O Programa de Assist\u00eancia e Inclus\u00e3o Social do Estudante \u2013 PAISE, integrante da pol\u00edtica de assist\u00eancia estudantil do IF Baiano, visa contribuir para o bem-estar biopsicossocial, perman\u00eancia e \u00eaxito nas atividades acad\u00eamicas de estudantes em vulnerabilidade socioecon\u00f4mica.<\/p>\n\n\n\n<div class=\"wp-block-file\"><a id=\"wp-block-file--media-816c8027-f4d5-47fa-8c83-3fbc44fe6686\" href=\"https:\/\/www.ifbaiano.edu.br\/unidades\/alagoinhas\/files\/2026\/03\/4o-Convocacao-do-Cadastro-Reserva.pdf\">4o-Convocacao-do-Cadastro-Reserva<\/a><a href=\"https:\/\/www.ifbaiano.edu.br\/unidades\/alagoinhas\/files\/2026\/03\/4o-Convocacao-do-Cadastro-Reserva.pdf\" class=\"wp-block-file__button wp-element-button\" download aria-describedby=\"wp-block-file--media-816c8027-f4d5-47fa-8c83-3fbc44fe6686\">Baixar<\/a><\/div>\n\n\n\n<div class=\"wp-block-file\"><a id=\"wp-block-file--media-ceefdbf8-9d5f-405a-9d18-b94858ea13bb\" href=\"https:\/\/www.ifbaiano.edu.br\/unidades\/alagoinhas\/files\/2025\/12\/3o-Convocacao-do-Cadastro-Reserva.pdf\">3o-Convocacao-do-Cadastro-Reserva<\/a><a href=\"https:\/\/www.ifbaiano.edu.br\/unidades\/alagoinhas\/files\/2025\/12\/3o-Convocacao-do-Cadastro-Reserva.pdf\" class=\"wp-block-file__button wp-element-button\" download aria-describedby=\"wp-block-file--media-ceefdbf8-9d5f-405a-9d18-b94858ea13bb\">Baixar<\/a><\/div>\n\n\n\n<div class=\"wp-block-file\"><a id=\"wp-block-file--media-33fd40f1-6472-4178-b9a1-cb800d655fc6\" href=\"https:\/\/www.ifbaiano.edu.br\/unidades\/alagoinhas\/files\/2025\/10\/2o-Convocacao-do-Cadastro-Reserva.pdf\">2o-Convocacao-do-Cadastro-Reserva<\/a><a href=\"https:\/\/www.ifbaiano.edu.br\/unidades\/alagoinhas\/files\/2025\/10\/2o-Convocacao-do-Cadastro-Reserva.pdf\" class=\"wp-block-file__button wp-element-button\" download aria-describedby=\"wp-block-file--media-33fd40f1-6472-4178-b9a1-cb800d655fc6\">Baixar<\/a><\/div>\n\n\n\n<div class=\"wp-block-file\"><a id=\"wp-block-file--media-70954ae2-def6-4b9e-940a-1710eb035c15\" href=\"https:\/\/www.ifbaiano.edu.br\/unidades\/alagoinhas\/files\/2025\/09\/Homologacao-do-Resultado-Final-da-Selecao-de-Estudantes-do-PAISE.pdf\">Homologacao do Resultado Final da Selecao de Estudantes do PAISE<\/a><a href=\"https:\/\/www.ifbaiano.edu.br\/unidades\/alagoinhas\/files\/2025\/09\/Homologacao-do-Resultado-Final-da-Selecao-de-Estudantes-do-PAISE.pdf\" class=\"wp-block-file__button wp-element-button\" download aria-describedby=\"wp-block-file--media-70954ae2-def6-4b9e-940a-1710eb035c15\">Baixar<\/a><\/div>\n\n\n\n<div class=\"wp-block-file\"><a id=\"wp-block-file--media-124ef908-57ca-4b43-a64c-6cc7e38b4c14\" href=\"https:\/\/www.ifbaiano.edu.br\/unidades\/alagoinhas\/files\/2025\/08\/Resultado-Preliminar-do-Cadastro-Reserva.pdf\">Resultado-Preliminar-do-Cadastro-Reserva<\/a><a href=\"https:\/\/www.ifbaiano.edu.br\/unidades\/alagoinhas\/files\/2025\/08\/Resultado-Preliminar-do-Cadastro-Reserva.pdf\" class=\"wp-block-file__button wp-element-button\" download aria-describedby=\"wp-block-file--media-124ef908-57ca-4b43-a64c-6cc7e38b4c14\">Baixar<\/a><\/div>\n\n\n\n<div class=\"wp-block-file\"><a id=\"wp-block-file--media-f56b18f5-16f7-451f-a210-926c0fb63cc3\" href=\"https:\/\/www.ifbaiano.edu.br\/unidades\/alagoinhas\/files\/2025\/08\/Resultado-Preliminar-dos-Selecionados.pdf\">Resultado-Preliminar-dos-Selecionados<\/a><a href=\"https:\/\/www.ifbaiano.edu.br\/unidades\/alagoinhas\/files\/2025\/08\/Resultado-Preliminar-dos-Selecionados.pdf\" class=\"wp-block-file__button wp-element-button\" download aria-describedby=\"wp-block-file--media-f56b18f5-16f7-451f-a210-926c0fb63cc3\">Baixar<\/a><\/div>\n\n\n\n<div class=\"wp-block-file\"><a id=\"wp-block-file--media-157c0c7f-c5ab-45f5-89cb-cf82dfb23284\" href=\"https:\/\/www.ifbaiano.edu.br\/unidades\/alagoinhas\/files\/2025\/08\/Resultado-Preliminar-dos-Desclassifcados.pdf\">Resultado-Preliminar-dos-Desclassifcados<\/a><a href=\"https:\/\/www.ifbaiano.edu.br\/unidades\/alagoinhas\/files\/2025\/08\/Resultado-Preliminar-dos-Desclassifcados.pdf\" class=\"wp-block-file__button wp-element-button\" download aria-describedby=\"wp-block-file--media-157c0c7f-c5ab-45f5-89cb-cf82dfb23284\">Baixar<\/a><\/div>\n\n\n\n<div class=\"wp-block-file\"><a id=\"wp-block-file--media-d5f74031-1a2c-4624-824e-c32990b61be0\" href=\"https:\/\/www.ifbaiano.edu.br\/unidades\/alagoinhas\/files\/2025\/08\/Edital-de-Retificacao-no-20-de-28-de-Agosto-de-2025.pdf\">Edital-de-Retificacao-no-20-de-28-de-Agosto-de-2025<\/a><a href=\"https:\/\/www.ifbaiano.edu.br\/unidades\/alagoinhas\/files\/2025\/08\/Edital-de-Retificacao-no-20-de-28-de-Agosto-de-2025.pdf\" class=\"wp-block-file__button wp-element-button\" download aria-describedby=\"wp-block-file--media-d5f74031-1a2c-4624-824e-c32990b61be0\">Baixar<\/a><\/div>\n\n\n\n<div class=\"wp-block-file\"><a id=\"wp-block-file--media-0b8ddd8b-7efc-4158-8bd1-09a8709f1096\" href=\"https:\/\/www.ifbaiano.edu.br\/unidades\/alagoinhas\/files\/2025\/08\/1a-RETIFICACAO-DO-EDITAL-No-14-de-03-de-Julho-de-2025.pdf\">1a RETIFICAC\u00c3O DO EDITAL No 14 de 03 de Julho de 2025<\/a><a href=\"https:\/\/www.ifbaiano.edu.br\/unidades\/alagoinhas\/files\/2025\/08\/1a-RETIFICACAO-DO-EDITAL-No-14-de-03-de-Julho-de-2025.pdf\" class=\"wp-block-file__button wp-element-button\" download aria-describedby=\"wp-block-file--media-0b8ddd8b-7efc-4158-8bd1-09a8709f1096\">Baixar<\/a><\/div>\n\n\n\n<div class=\"wp-block-file\"><a id=\"wp-block-file--media-200eba43-b6b2-496f-8135-e3c5b64f42b2\" href=\"https:\/\/www.ifbaiano.edu.br\/unidades\/alagoinhas\/files\/2025\/08\/Resultado-Final-das-Inscricoes-Homologadas.pdf\">Resultado-Final-das-Inscricoes-Homologadas<\/a><a href=\"https:\/\/www.ifbaiano.edu.br\/unidades\/alagoinhas\/files\/2025\/08\/Resultado-Final-das-Inscricoes-Homologadas.pdf\" class=\"wp-block-file__button wp-element-button\" download aria-describedby=\"wp-block-file--media-200eba43-b6b2-496f-8135-e3c5b64f42b2\">Baixar<\/a><\/div>\n\n\n\n<div class=\"wp-block-file\"><a id=\"wp-block-file--media-8d2ccf0e-d8fa-4b3e-9963-0e54ef48b025\" href=\"https:\/\/www.ifbaiano.edu.br\/unidades\/alagoinhas\/files\/2025\/08\/Resultado-Final-das-Inscricoes-Nao-Homologadas.pdf\">Resultado-Final-das-Inscricoes-Nao-Homologadas<\/a><a href=\"https:\/\/www.ifbaiano.edu.br\/unidades\/alagoinhas\/files\/2025\/08\/Resultado-Final-das-Inscricoes-Nao-Homologadas.pdf\" class=\"wp-block-file__button wp-element-button\" download aria-describedby=\"wp-block-file--media-8d2ccf0e-d8fa-4b3e-9963-0e54ef48b025\">Baixar<\/a><\/div>\n\n\n\n<div class=\"wp-block-file\"><a id=\"wp-block-file--media-579bf9a4-a318-474b-b516-9d7c77c54675\" href=\"https:\/\/www.ifbaiano.edu.br\/unidades\/alagoinhas\/files\/2025\/07\/Resultado-Preliminar-das-Inscricoes-Homologadas.pdf\">Resultado-Preliminar-das-Inscricoes-Homologadas<\/a><a href=\"https:\/\/www.ifbaiano.edu.br\/unidades\/alagoinhas\/files\/2025\/07\/Resultado-Preliminar-das-Inscricoes-Homologadas.pdf\" class=\"wp-block-file__button wp-element-button\" download aria-describedby=\"wp-block-file--media-579bf9a4-a318-474b-b516-9d7c77c54675\">Baixar<\/a><\/div>\n\n\n\n<div class=\"wp-block-file\"><a id=\"wp-block-file--media-b7728dc4-c971-4301-99d2-51c98d2dc75a\" href=\"https:\/\/www.ifbaiano.edu.br\/unidades\/alagoinhas\/files\/2025\/07\/Resultado-Preliminar-das-Inscricoes-Nao-Homologadas.pdf\">Resultado-Preliminar-das-Inscricoes-Nao-Homologadas<\/a><a href=\"https:\/\/www.ifbaiano.edu.br\/unidades\/alagoinhas\/files\/2025\/07\/Resultado-Preliminar-das-Inscricoes-Nao-Homologadas.pdf\" class=\"wp-block-file__button wp-element-button\" download aria-describedby=\"wp-block-file--media-b7728dc4-c971-4301-99d2-51c98d2dc75a\">Baixar<\/a><\/div>\n\n\n\n<div class=\"wp-block-file\"><a id=\"wp-block-file--media-d6c3f258-dcb8-42d6-b4b6-2d388239d113\" href=\"https:\/\/www.ifbaiano.edu.br\/unidades\/alagoinhas\/files\/2025\/07\/Edital-no-14-de-03-de-Julho-de-2025-PAISE.pdf\">Edital no 14 de 03 de Julho de 2025-PAISE<\/a><a href=\"https:\/\/www.ifbaiano.edu.br\/unidades\/alagoinhas\/files\/2025\/07\/Edital-no-14-de-03-de-Julho-de-2025-PAISE.pdf\" class=\"wp-block-file__button wp-element-button\" download aria-describedby=\"wp-block-file--media-d6c3f258-dcb8-42d6-b4b6-2d388239d113\">Baixar<\/a><\/div>\n\n\n\n<p>O PAISE contemplar\u00e1 os seguintes aux\u00edlios:<\/p>\n\n\n\n<figure class=\"wp-block-table\"><table><tbody><tr><td><strong>AUX\u00cdLIO\/BENEF\u00cdCIO<\/strong><\/td><td><strong>VALOR (R$)<\/strong><\/td><\/tr><tr><td>Aux\u00edlio Moradia \u2013 Mensal<\/td><td>350,00<\/td><\/tr><tr><td>Aux\u00edlio Uniforme \u2013 \u00danico<\/td><td>80,00<\/td><\/tr><tr><td>Aux\u00edlio C\u00f3pia e Impress\u00e3o \u2013 Mensal<\/td><td>20,00<\/td><\/tr><tr><td>Aux\u00edlio Perman\u00eancia \u2013 Mensal<\/td><td>280,00<\/td><\/tr><tr><td>Aux\u00edlio Transporte Municipal&nbsp;\u2013 Mensal<\/td><td>200,00<\/td><\/tr><tr><td>Aux\u00edlio Transporte Intermunicipal&nbsp;\u2013 Mensal<\/td><td>250,00<\/td><\/tr><tr><td>Aux\u00edlio Transporte Noturno&nbsp;\u2013 Mensal<\/td><td>250,00<\/td><\/tr><tr><td>Aux\u00edlio Transporte EAD&nbsp;\u2013 Mensal<\/td><td>80,00<\/td><\/tr><tr><td>Aux\u00edlio Creche&nbsp;\u2013 Mensal<\/td><td>300,00<\/td><\/tr><\/tbody><\/table><\/figure>\n\n\n\n<h2 class=\"wp-block-heading has-text-align-center\"><strong>CRONOGRAMA<\/strong><\/h2>\n\n\n\n<figure class=\"wp-block-table\"><table><tbody><tr><td><strong>FASES<\/strong><\/td><td><strong>PER\u00cdODO\/DATA<\/strong><\/td><td class=\"has-text-align-center\" data-align=\"center\">Arquivos<\/td><\/tr><tr><td>Publica\u00e7\u00e3o e divulga\u00e7\u00e3o do Edital<\/td><td>03\/07\/2025<\/td><td class=\"has-text-align-center\" data-align=\"center\"><a href=\"https:\/\/www.ifbaiano.edu.br\/unidades\/alagoinhas\/files\/2025\/07\/Edital-no-14-de-03-de-Julho-de-2025-PAISE.pdf\" data-type=\"attachment\" data-id=\"6725\" target=\"_blank\" rel=\"noreferrer noopener\">Edital N\u00ba 14 de 03 de Julho de 2025<\/a><\/td><\/tr><tr><td>Prazo para Impugna\u00e7\u00e3o ao Edital<\/td><td>04 e 05\/07\/2025<\/td><td class=\"has-text-align-center\" data-align=\"center\">&#8211;<\/td><\/tr><tr><td><strong>Per\u00edodo de inscri\u00e7\u00e3o<\/strong><\/td><td><strong>07 a 18\/07\/2025<\/strong><\/td><td class=\"has-text-align-center\" data-align=\"center\"><\/td><\/tr><tr><td>An\u00e1lise e Julgamento<\/td><td>21\/07 a 08\/08\/2025<\/td><td class=\"has-text-align-center\" data-align=\"center\">&#8211;<\/td><\/tr><tr><td>Divulga\u00e7\u00e3o dos pr\u00e9-selecionados por aux\u00edlio<\/td><td>13\/08\/2025<\/td><td class=\"has-text-align-center\" data-align=\"center\"><\/td><\/tr><tr><td>Solicita\u00e7\u00e3o de recursos sobre o resultado da pr\u00e9-sele\u00e7\u00e3o<\/td><td>14 e 15\/08\/2025<\/td><td class=\"has-text-align-center\" data-align=\"center\"><\/td><\/tr><tr><td>Divulga\u00e7\u00e3o dos resultados dos recursos<\/td><td>18\/08\/2025<\/td><td class=\"has-text-align-center\" data-align=\"center\"><\/td><\/tr><tr><td>Divulga\u00e7\u00e3o da lista dos selecionados<\/td><td>18\/08\/2025<\/td><td class=\"has-text-align-center\" data-align=\"center\"><\/td><\/tr><tr><td>Apresenta\u00e7\u00e3o de documenta\u00e7\u00e3o banc\u00e1ria, por parte do estudante selecionado, necess\u00e1ria para o pagamento\/ recebimento do(s) aux\u00edlio(s), caso n\u00e3o tenha apresentado no ato da inscri\u00e7\u00e3o<\/td><td>18 a 31\/08\/2025<\/td><td class=\"has-text-align-center\" data-align=\"center\"><\/td><\/tr><tr><td>Previs\u00e3o de repasse financeiro da primeira parcela<\/td><td>Setembro 2025<\/td><td class=\"has-text-align-center\" data-align=\"center\"><\/td><\/tr><\/tbody><\/table><\/figure>\n","protected":false},"excerpt":{"rendered":"<p>O Programa de Assist\u00eancia e Inclus\u00e3o Social do Estudante \u2013 PAISE, integrante da pol\u00edtica de assist\u00eancia estudantil do IF Baiano, visa contribuir para o bem-estar biopsicossocial, perman\u00eancia e \u00eaxito nas atividades acad\u00eamicas de estudantes em vulnerabilidade socioecon\u00f4mica. O PAISE contemplar\u00e1 os seguintes aux\u00edlios: AUX\u00cdLIO\/BENEF\u00cdCIO VALOR (R$) Aux\u00edlio Moradia \u2013 Mensal 350,00 Aux\u00edlio Uniforme \u2013 \u00danico [&hellip;]<\/p>\n","protected":false},"author":156,"featured_media":0,"comment_status":"open","ping_status":"open","sticky":false,"template":"","format":"standard","meta":[],"categories":[8,34,1,7],"tags":[45,70,62,39,76,74,44,72,56,75,73,71],"_links":{"self":[{"href":"https:\/\/www.ifbaiano.edu.br\/unidades\/alagoinhas\/wp-json\/wp\/v2\/posts\/6693"}],"collection":[{"href":"https:\/\/www.ifbaiano.edu.br\/unidades\/alagoinhas\/wp-json\/wp\/v2\/posts"}],"about":[{"href":"https:\/\/www.ifbaiano.edu.br\/unidades\/alagoinhas\/wp-json\/wp\/v2\/types\/post"}],"author":[{"embeddable":true,"href":"https:\/\/www.ifbaiano.edu.br\/unidades\/alagoinhas\/wp-json\/wp\/v2\/users\/156"}],"replies":[{"embeddable":true,"href":"https:\/\/www.ifbaiano.edu.br\/unidades\/alagoinhas\/wp-json\/wp\/v2\/comments?post=6693"}],"version-history":[{"count":12,"href":"https:\/\/www.ifbaiano.edu.br\/unidades\/alagoinhas\/wp-json\/wp\/v2\/posts\/6693\/revisions"}],"predecessor-version":[{"id":7039,"href":"https:\/\/www.ifbaiano.edu.br\/unidades\/alagoinhas\/wp-json\/wp\/v2\/posts\/6693\/revisions\/7039"}],"wp:attachment":[{"href":"https:\/\/www.ifbaiano.edu.br\/unidades\/alagoinhas\/wp-json\/wp\/v2\/media?parent=6693"}],"wp:term":[{"taxonomy":"category","embeddable":true,"href":"https:\/\/www.ifbaiano.edu.br\/unidades\/alagoinhas\/wp-json\/wp\/v2\/categories?post=6693"},{"taxonomy":"post_tag","embeddable":true,"href":"https:\/\/www.ifbaiano.edu.br\/unidades\/alagoinhas\/wp-json\/wp\/v2\/tags?post=6693"}],"curies":[{"name":"wp","href":"https:\/\/api.w.org\/{rel}","templated":true}]}}