{"id":6696,"date":"2025-07-15T19:37:50","date_gmt":"2025-07-15T22:37:50","guid":{"rendered":"https:\/\/www.ifbaiano.edu.br\/unidades\/alagoinhas\/?p=6696"},"modified":"2025-10-28T11:39:04","modified_gmt":"2025-10-28T14:39:04","slug":"pincel2025","status":"publish","type":"post","link":"https:\/\/www.ifbaiano.edu.br\/unidades\/alagoinhas\/pincel2025\/","title":{"rendered":"PROGRAMA DE INCENTIVO \u00c0 CULTURA, ESPORTE E LAZER \u2013 PINCEL 2025"},"content":{"rendered":"\n<div class=\"wp-block-file\"><object class=\"wp-block-file__embed\" data=\"https:\/\/www.ifbaiano.edu.br\/unidades\/alagoinhas\/files\/2025\/10\/COMUNICADO-REMARCACAO-DE-REUNIAO.pdf\" type=\"application\/pdf\" style=\"width:100%;height:600px\" aria-label=\"Incorporado de COMUNICADO-REMARCACAO-DE-REUNIAO.\"><\/object><a id=\"wp-block-file--media-f0e14f0d-cf6f-4ac0-bbbe-8648cc125ac8\" href=\"https:\/\/www.ifbaiano.edu.br\/unidades\/alagoinhas\/files\/2025\/10\/COMUNICADO-REMARCACAO-DE-REUNIAO.pdf\">COMUNICADO-REMARCACAO-DE-REUNIAO<\/a><a href=\"https:\/\/www.ifbaiano.edu.br\/unidades\/alagoinhas\/files\/2025\/10\/COMUNICADO-REMARCACAO-DE-REUNIAO.pdf\" class=\"wp-block-file__button wp-element-button\" download aria-describedby=\"wp-block-file--media-f0e14f0d-cf6f-4ac0-bbbe-8648cc125ac8\">Baixar<\/a><\/div>\n\n\n\n<div class=\"wp-block-file\"><a id=\"wp-block-file--media-37858d35-7e3f-4cd8-a20a-5ba7258fa4f0\" href=\"https:\/\/www.ifbaiano.edu.br\/unidades\/alagoinhas\/files\/2025\/09\/Edital-de-Retificacao-no-23-de-29-de-Setembro-de-2025.pdf\">Edital de Retificac\u00e3o no 23 de 29 de Setembro de 2025<\/a><a href=\"https:\/\/www.ifbaiano.edu.br\/unidades\/alagoinhas\/files\/2025\/09\/Edital-de-Retificacao-no-23-de-29-de-Setembro-de-2025.pdf\" class=\"wp-block-file__button wp-element-button\" download aria-describedby=\"wp-block-file--media-37858d35-7e3f-4cd8-a20a-5ba7258fa4f0\">Baixar<\/a><\/div>\n\n\n\n<div class=\"wp-block-file\"><a id=\"wp-block-file--media-4863c843-39d7-4148-a74b-8844bb0aa36b\" href=\"https:\/\/www.ifbaiano.edu.br\/unidades\/alagoinhas\/files\/2025\/07\/PINCEL-Edital-no-16-de-15-de-julho-de-2025.pdf\" target=\"_blank\" rel=\"noreferrer noopener\"><strong>PINCEL Edital n\u00ba 16, de&nbsp;15 de julho de 2025.<\/strong><\/a><a href=\"https:\/\/www.ifbaiano.edu.br\/unidades\/alagoinhas\/files\/2025\/07\/PINCEL-Edital-no-16-de-15-de-julho-de-2025.pdf\" class=\"wp-block-file__button wp-element-button\" download aria-describedby=\"wp-block-file--media-4863c843-39d7-4148-a74b-8844bb0aa36b\">Baixar<\/a><\/div>\n\n\n\n<p>O Programa de Incentivo \u00e0 Cultura, Esporte e Lazer&nbsp;<strong>(PINCEL<\/strong>) prop\u00f5e-se apoiar a participa\u00e7\u00e3o de estudantes em atividades art\u00edsticas, culturais, esportivas e de lazer, com vistas \u00e0 melhoria do desempenho acad\u00eamico, \u00e0 produ\u00e7\u00e3o do conhecimento e \u00e0 plena forma\u00e7\u00e3o cidad\u00e3. Inclui os aux\u00edlios de Participa\u00e7\u00e3o em Atividades Esportivas, Participa\u00e7\u00e3o em Atividades Art\u00edsticas e Culturais e Realiza\u00e7\u00e3o de Atividades Art\u00edsticas e Culturais.<\/p>\n","protected":false},"excerpt":{"rendered":"<p>O Programa de Incentivo \u00e0 Cultura, Esporte e Lazer&nbsp;(PINCEL) prop\u00f5e-se apoiar a participa\u00e7\u00e3o de estudantes em atividades art\u00edsticas, culturais, esportivas e de lazer, com vistas \u00e0 melhoria do desempenho acad\u00eamico, \u00e0 produ\u00e7\u00e3o do conhecimento e \u00e0 plena forma\u00e7\u00e3o cidad\u00e3. Inclui os aux\u00edlios de Participa\u00e7\u00e3o em Atividades Esportivas, Participa\u00e7\u00e3o em Atividades Art\u00edsticas e Culturais e Realiza\u00e7\u00e3o [&hellip;]<\/p>\n","protected":false},"author":156,"featured_media":0,"comment_status":"open","ping_status":"open","sticky":false,"template":"","format":"standard","meta":[],"categories":[8,34,1,7],"tags":[45,39],"_links":{"self":[{"href":"https:\/\/www.ifbaiano.edu.br\/unidades\/alagoinhas\/wp-json\/wp\/v2\/posts\/6696"}],"collection":[{"href":"https:\/\/www.ifbaiano.edu.br\/unidades\/alagoinhas\/wp-json\/wp\/v2\/posts"}],"about":[{"href":"https:\/\/www.ifbaiano.edu.br\/unidades\/alagoinhas\/wp-json\/wp\/v2\/types\/post"}],"author":[{"embeddable":true,"href":"https:\/\/www.ifbaiano.edu.br\/unidades\/alagoinhas\/wp-json\/wp\/v2\/users\/156"}],"replies":[{"embeddable":true,"href":"https:\/\/www.ifbaiano.edu.br\/unidades\/alagoinhas\/wp-json\/wp\/v2\/comments?post=6696"}],"version-history":[{"count":6,"href":"https:\/\/www.ifbaiano.edu.br\/unidades\/alagoinhas\/wp-json\/wp\/v2\/posts\/6696\/revisions"}],"predecessor-version":[{"id":6901,"href":"https:\/\/www.ifbaiano.edu.br\/unidades\/alagoinhas\/wp-json\/wp\/v2\/posts\/6696\/revisions\/6901"}],"wp:attachment":[{"href":"https:\/\/www.ifbaiano.edu.br\/unidades\/alagoinhas\/wp-json\/wp\/v2\/media?parent=6696"}],"wp:term":[{"taxonomy":"category","embeddable":true,"href":"https:\/\/www.ifbaiano.edu.br\/unidades\/alagoinhas\/wp-json\/wp\/v2\/categories?post=6696"},{"taxonomy":"post_tag","embeddable":true,"href":"https:\/\/www.ifbaiano.edu.br\/unidades\/alagoinhas\/wp-json\/wp\/v2\/tags?post=6696"}],"curies":[{"name":"wp","href":"https:\/\/api.w.org\/{rel}","templated":true}]}}