{"id":6911,"date":"2025-11-13T15:48:23","date_gmt":"2025-11-13T18:48:23","guid":{"rendered":"https:\/\/www.ifbaiano.edu.br\/unidades\/alagoinhas\/?p=6911"},"modified":"2025-11-13T15:51:40","modified_gmt":"2025-11-13T18:51:40","slug":"aluna-do-if-baiano-campus-alagoinhas-conquista-medalha-na-olimpiada-nacional-de-nanociencia-e-nanotecnologia","status":"publish","type":"post","link":"https:\/\/www.ifbaiano.edu.br\/unidades\/alagoinhas\/aluna-do-if-baiano-campus-alagoinhas-conquista-medalha-na-olimpiada-nacional-de-nanociencia-e-nanotecnologia\/","title":{"rendered":"TBT! Aluna do IF Baiano \u2013 Campus Alagoinhas conquista medalha na Olimp\u00edada Nacional de Nanoci\u00eancia e Nanotecnologia"},"content":{"rendered":"\n<div class=\"wp-block-group is-layout-flex\">\n<p><br>Alagoinhas, Bahia \u2013 Uma jornada marcada por dedica\u00e7\u00e3o, noites de estudo e supera\u00e7\u00e3o culminou em um resultado memor\u00e1vel para Michele dos Santos da Silva, estudante do 2\u00ba ano do curso t\u00e9cnico integrado em Inform\u00e1tica do Instituto Federal de Educa\u00e7\u00e3o, Ci\u00eancia e Tecnologia Baiano (IF Baiano) \u2013 Campus Alagoinhas. Movida por sua paix\u00e3o por olimp\u00edadas cient\u00edficas, Michele mergulhou no universo da nanoci\u00eancia e conquistou uma medalha na segunda edi\u00e7\u00e3o da Olimp\u00edada Nacional de Nanoci\u00eancia e Nanotecnologia (ONANO), o maior evento brasileiro de divulga\u00e7\u00e3o cient\u00edfica nessas \u00e1reas.<\/p>\n\n\n\n<figure class=\"wp-block-image size-full is-resized\"><img decoding=\"async\" loading=\"lazy\" src=\"https:\/\/www.ifbaiano.edu.br\/unidades\/alagoinhas\/files\/2025\/11\/9653-Imagem-do-WhatsApp-de-2025-11-11-as-08.56.08_2b827ae5.webp\" alt=\"Discente Michele com a medalha numa m\u00e3o e o livro introdu\u00e7\u00e3o \u00e0 nanotecnologia na outra. Ela sorri ao posar pra c\u00e2mera. \" class=\"wp-image-6928\" width=\"638\" height=\"836\" srcset=\"https:\/\/www.ifbaiano.edu.br\/unidades\/alagoinhas\/files\/2025\/11\/9653-Imagem-do-WhatsApp-de-2025-11-11-as-08.56.08_2b827ae5.webp 638w, https:\/\/www.ifbaiano.edu.br\/unidades\/alagoinhas\/files\/2025\/11\/9653-Imagem-do-WhatsApp-de-2025-11-11-as-08.56.08_2b827ae5-229x300.webp 229w, https:\/\/www.ifbaiano.edu.br\/unidades\/alagoinhas\/files\/2025\/11\/9653-Imagem-do-WhatsApp-de-2025-11-11-as-08.56.08_2b827ae5-100x131.webp 100w\" sizes=\"(max-width: 638px) 100vw, 638px\" \/><\/figure>\n<\/div>\n\n\n\n<p>Com mais de 12 mil inscritos em todo o pa\u00eds e apenas mil medalhas distribu\u00eddas, a competi\u00e7\u00e3o foi extremamente acirrada. Michele relata que sua rotina de prepara\u00e7\u00e3o foi intensa, aproveitando cada \u201ctempinho livre\u201d \u2014 inclusive as madrugadas \u2014 para se aprofundar no material disponibilizado pela organiza\u00e7\u00e3o da ONANO, que inclu\u00eda videoaulas, e-books e simulados.<br>\u201cFoi cansativo, mas, gra\u00e7as a Deus, extremamente recompensador!\u201d, conta Michele, encantada pela proposta da olimp\u00edada e pelo tema instigante da nanoci\u00eancia.<br>A emo\u00e7\u00e3o de ver seu nome na lista de medalhistas foi indescrit\u00edvel \u2014 uma mistura de al\u00edvio, alegria e gratid\u00e3o. Michele lembra que, ao finalizar a prova em 1h40min, teve d\u00favidas em algumas quest\u00f5es e chegou a acreditar que n\u00e3o havia se sa\u00eddo bem. \u201cChorei achando que n\u00e3o tinha dado o meu m\u00e1ximo. Quando vi o resultado, foi simplesmente m\u00e1gico\u201d, relembra.<br>A aluna faz quest\u00e3o de ressaltar o papel fundamental do IF Baiano em sua trajet\u00f3ria. A mudan\u00e7a para Alagoinhas com a m\u00e3e, que sempre a apoiou incondicionalmente, foi, segundo ela, uma das melhores decis\u00f5es que j\u00e1 tomou.<br>\u201cSempre via o slogan do IF, \u2018um mundo de possibilidades\u2019, mas s\u00f3 aqui dentro entendi, de fato, o verdadeiro significado\u201d, afirma Michele. \u201cAs oportunidades que encontrei na institui\u00e7\u00e3o, aliadas ao meu esfor\u00e7o e vontade de crescer, me permitiram construir um curr\u00edculo amplo e diversificado.\u201d<br>Michele tamb\u00e9m destaca o incentivo constante do professor Saldanha, que a orientou em diversas competi\u00e7\u00f5es cient\u00edficas. \u201cEssa j\u00e1 \u00e9 a terceira olimp\u00edada com a parceria dele!\u201d, celebra a estudante.<\/p>\n\n\n\n<div class=\"wp-block-group is-content-justification-right is-layout-flex wp-container-2\">\n<figure class=\"wp-block-image size-full\"><img decoding=\"async\" loading=\"lazy\" width=\"861\" height=\"752\" src=\"https:\/\/www.ifbaiano.edu.br\/unidades\/alagoinhas\/files\/2025\/11\/9826-Imagem-do-WhatsApp-de-2025-10-11-as-09.16.42_5487d591.webp\" alt=\"\" class=\"wp-image-6933\" srcset=\"https:\/\/www.ifbaiano.edu.br\/unidades\/alagoinhas\/files\/2025\/11\/9826-Imagem-do-WhatsApp-de-2025-10-11-as-09.16.42_5487d591.webp 861w, https:\/\/www.ifbaiano.edu.br\/unidades\/alagoinhas\/files\/2025\/11\/9826-Imagem-do-WhatsApp-de-2025-10-11-as-09.16.42_5487d591-300x262.webp 300w, https:\/\/www.ifbaiano.edu.br\/unidades\/alagoinhas\/files\/2025\/11\/9826-Imagem-do-WhatsApp-de-2025-10-11-as-09.16.42_5487d591-768x671.webp 768w, https:\/\/www.ifbaiano.edu.br\/unidades\/alagoinhas\/files\/2025\/11\/9826-Imagem-do-WhatsApp-de-2025-10-11-as-09.16.42_5487d591-100x87.webp 100w\" sizes=\"(max-width: 861px) 100vw, 861px\" \/><\/figure>\n\n\n\n<p>A jovem expressa ainda sua gratid\u00e3o \u00e0 professora Ac\u00e1cia Monteiro, coordenadora da Coordena\u00e7\u00e3o de Assist\u00eancia ao Educando (CAE), que acompanhou a aluna durante a cerim\u00f4nia de premia\u00e7\u00e3o em S\u00e3o Paulo, representando o IF Baiano e oferecendo apoio em todo o processo. Michele tamb\u00e9m agradece ao reitor do IF Baiano, pelo incentivo ao protagonismo estudantil e \u00e0 valoriza\u00e7\u00e3o das conquistas acad\u00eamicas.<\/p>\n<\/div>\n\n\n\n<p>A cerim\u00f4nia de premia\u00e7\u00e3o foi um momento inesquec\u00edvel. Subir ao palco e ouvir seu nome ser chamado, confirmando a conquista, foi, para Michele, uma emo\u00e7\u00e3o indescrit\u00edvel. \u201cParecia um sonho\u201d, resume.<br>Mais do que um marco acad\u00eamico, a experi\u00eancia da ONANO representou um aprendizado de vida. Michele refor\u00e7a sua admira\u00e7\u00e3o pelo IF Baiano e lamenta que muitos estudantes n\u00e3o aproveitem as in\u00fameras oportunidades oferecidas pela institui\u00e7\u00e3o.<br>\u201cSempre serei extremamente grata! E sinto orgulho de dizer: #EuSouIFBaiano\u201d, conclui a medalhista.<\/p>\n\n\n\n<figure class=\"wp-block-image size-large\"><img decoding=\"async\" loading=\"lazy\" width=\"1024\" height=\"683\" src=\"https:\/\/www.ifbaiano.edu.br\/unidades\/alagoinhas\/files\/2025\/11\/0123-Imagem-do-WhatsApp-de-2025-11-11-as-08.56.07_31b4f212-1024x683.webp\" alt=\"\" class=\"wp-image-6936\" srcset=\"https:\/\/www.ifbaiano.edu.br\/unidades\/alagoinhas\/files\/2025\/11\/0123-Imagem-do-WhatsApp-de-2025-11-11-as-08.56.07_31b4f212-1024x683.webp 1024w, https:\/\/www.ifbaiano.edu.br\/unidades\/alagoinhas\/files\/2025\/11\/0123-Imagem-do-WhatsApp-de-2025-11-11-as-08.56.07_31b4f212-300x200.webp 300w, https:\/\/www.ifbaiano.edu.br\/unidades\/alagoinhas\/files\/2025\/11\/0123-Imagem-do-WhatsApp-de-2025-11-11-as-08.56.07_31b4f212-768x512.webp 768w, https:\/\/www.ifbaiano.edu.br\/unidades\/alagoinhas\/files\/2025\/11\/0123-Imagem-do-WhatsApp-de-2025-11-11-as-08.56.07_31b4f212-100x67.webp 100w, https:\/\/www.ifbaiano.edu.br\/unidades\/alagoinhas\/files\/2025\/11\/0123-Imagem-do-WhatsApp-de-2025-11-11-as-08.56.07_31b4f212.webp 1188w\" sizes=\"(max-width: 1024px) 100vw, 1024px\" \/><\/figure>\n\n\n\n<p>Fotos: Acervo&nbsp;pessoal&nbsp;\/&nbsp;ONANO<\/p>\n","protected":false},"excerpt":{"rendered":"<p>Alagoinhas, Bahia \u2013 Uma jornada marcada por dedica\u00e7\u00e3o, noites de estudo e supera\u00e7\u00e3o culminou em um resultado memor\u00e1vel para Michele dos Santos da Silva, estudante do 2\u00ba ano do curso t\u00e9cnico integrado em Inform\u00e1tica do Instituto Federal de Educa\u00e7\u00e3o, Ci\u00eancia e Tecnologia Baiano (IF Baiano) \u2013 Campus Alagoinhas. Movida por sua paix\u00e3o por olimp\u00edadas cient\u00edficas, [&hellip;]<\/p>\n","protected":false},"author":156,"featured_media":6915,"comment_status":"open","ping_status":"open","sticky":false,"template":"","format":"standard","meta":[],"categories":[8,34,1,7],"tags":[45,44,87,91,92,88,90,93],"_links":{"self":[{"href":"https:\/\/www.ifbaiano.edu.br\/unidades\/alagoinhas\/wp-json\/wp\/v2\/posts\/6911"}],"collection":[{"href":"https:\/\/www.ifbaiano.edu.br\/unidades\/alagoinhas\/wp-json\/wp\/v2\/posts"}],"about":[{"href":"https:\/\/www.ifbaiano.edu.br\/unidades\/alagoinhas\/wp-json\/wp\/v2\/types\/post"}],"author":[{"embeddable":true,"href":"https:\/\/www.ifbaiano.edu.br\/unidades\/alagoinhas\/wp-json\/wp\/v2\/users\/156"}],"replies":[{"embeddable":true,"href":"https:\/\/www.ifbaiano.edu.br\/unidades\/alagoinhas\/wp-json\/wp\/v2\/comments?post=6911"}],"version-history":[{"count":13,"href":"https:\/\/www.ifbaiano.edu.br\/unidades\/alagoinhas\/wp-json\/wp\/v2\/posts\/6911\/revisions"}],"predecessor-version":[{"id":6941,"href":"https:\/\/www.ifbaiano.edu.br\/unidades\/alagoinhas\/wp-json\/wp\/v2\/posts\/6911\/revisions\/6941"}],"wp:featuredmedia":[{"embeddable":true,"href":"https:\/\/www.ifbaiano.edu.br\/unidades\/alagoinhas\/wp-json\/wp\/v2\/media\/6915"}],"wp:attachment":[{"href":"https:\/\/www.ifbaiano.edu.br\/unidades\/alagoinhas\/wp-json\/wp\/v2\/media?parent=6911"}],"wp:term":[{"taxonomy":"category","embeddable":true,"href":"https:\/\/www.ifbaiano.edu.br\/unidades\/alagoinhas\/wp-json\/wp\/v2\/categories?post=6911"},{"taxonomy":"post_tag","embeddable":true,"href":"https:\/\/www.ifbaiano.edu.br\/unidades\/alagoinhas\/wp-json\/wp\/v2\/tags?post=6911"}],"curies":[{"name":"wp","href":"https:\/\/api.w.org\/{rel}","templated":true}]}}