{"id":6942,"date":"2025-11-19T16:05:57","date_gmt":"2025-11-19T19:05:57","guid":{"rendered":"https:\/\/www.ifbaiano.edu.br\/unidades\/alagoinhas\/?p=6942"},"modified":"2025-11-19T16:09:17","modified_gmt":"2025-11-19T19:09:17","slug":"snct-do-if-baiano-campus-alagoinhas-ganha-nova-data-e-promete-programacao-ampliada-em-fevereiro-de-2026","status":"publish","type":"post","link":"https:\/\/www.ifbaiano.edu.br\/unidades\/alagoinhas\/snct-do-if-baiano-campus-alagoinhas-ganha-nova-data-e-promete-programacao-ampliada-em-fevereiro-de-2026\/","title":{"rendered":"SNCT do IF Baiano \u2013 Campus Alagoinhas ganha nova data e promete programa\u00e7\u00e3o ampliada em fevereiro de 2026"},"content":{"rendered":"\n<p>A Comiss\u00e3o Organizadora da <strong>Semana Nacional de Ci\u00eancia e Tecnologia (SNCT<\/strong>) do IF Baiano<br>\u2013 <em>Campus <\/em><strong>Alagoinhas<\/strong> anunciou a nova data do evento, que agora ser\u00e1 realizado entre <strong>24 e 27<br>de fevereiro de 2026<\/strong>. Antes previsto para novembro deste ano, o encontro foi remarcado em<br>raz\u00e3o de ajustes financeiros e administrativos necess\u00e1rios para garantir a plena execu\u00e7\u00e3o das<br>atividades planejadas.<\/p>\n\n\n\n<p>Segundo a equipe organizadora, a mudan\u00e7a permitir\u00e1 ampliar e qualificar ainda mais a<br>programa\u00e7\u00e3o, fortalecendo o car\u00e1ter formativo, cient\u00edfico e cultural da SNCT. O evento contar\u00e1<br>com palestras tem\u00e1ticas, oficinas pr\u00e1ticas, apresenta\u00e7\u00f5es de projetos, mostra cient\u00edfica,<br>atividades interativas e a\u00e7\u00f5es abertas \u00e0 comunidade, contemplando diferentes \u00e1reas do<br>conhecimento e promovendo o di\u00e1logo entre ci\u00eancia, tecnologia e sociedade.<\/p>\n\n\n\n<p>A Comiss\u00e3o reconhece o impacto da altera\u00e7\u00e3o na agenda de participantes que j\u00e1 se<br>planejavam para as datas originais, mas refor\u00e7a que a decis\u00e3o foi tomada para assegurar um<br>evento mais robusto, estruturado e alinhado aos objetivos pedag\u00f3gicos do campus.<br>Com a nova data, o <strong>IF Baiano \u2013 <em>Campus <\/em>Alagoinhas refor\u00e7a o convite \u00e0 comunidade<br>acad\u00eamica e ao p\u00fablico externo para participar da SNCT 2025<\/strong>. A expectativa \u00e9 de uma edi\u00e7\u00e3o<br>ainda mais colaborativa e din\u00e2mica, reunindo estudantes, pesquisadores, professores e<br>parceiros institucionais em quatro dias de intensa troca de saberes.<\/p>\n\n\n\n<p>A institui\u00e7\u00e3o agradece a compreens\u00e3o de todos e destaca que, em fevereiro, o <em>Campus<\/em><br>Alagoinhas estar\u00e1 pronto para receber o p\u00fablico com uma programa\u00e7\u00e3o diversificada e<br>experi\u00eancias que valorizam a ci\u00eancia e a educa\u00e7\u00e3o como pilares para o desenvolvimento<br>social.<br>Ascom SNCT<\/p>\n","protected":false},"excerpt":{"rendered":"<p>A Comiss\u00e3o Organizadora da Semana Nacional de Ci\u00eancia e Tecnologia (SNCT) do IF Baiano\u2013 Campus Alagoinhas anunciou a nova data do evento, que agora ser\u00e1 realizado entre 24 e 27de fevereiro de 2026. Antes previsto para novembro deste ano, o encontro foi remarcado emraz\u00e3o de ajustes financeiros e administrativos necess\u00e1rios para garantir a plena execu\u00e7\u00e3o [&hellip;]<\/p>\n","protected":false},"author":156,"featured_media":6943,"comment_status":"open","ping_status":"open","sticky":false,"template":"","format":"standard","meta":[],"categories":[8,34,1,7],"tags":[45,37],"_links":{"self":[{"href":"https:\/\/www.ifbaiano.edu.br\/unidades\/alagoinhas\/wp-json\/wp\/v2\/posts\/6942"}],"collection":[{"href":"https:\/\/www.ifbaiano.edu.br\/unidades\/alagoinhas\/wp-json\/wp\/v2\/posts"}],"about":[{"href":"https:\/\/www.ifbaiano.edu.br\/unidades\/alagoinhas\/wp-json\/wp\/v2\/types\/post"}],"author":[{"embeddable":true,"href":"https:\/\/www.ifbaiano.edu.br\/unidades\/alagoinhas\/wp-json\/wp\/v2\/users\/156"}],"replies":[{"embeddable":true,"href":"https:\/\/www.ifbaiano.edu.br\/unidades\/alagoinhas\/wp-json\/wp\/v2\/comments?post=6942"}],"version-history":[{"count":3,"href":"https:\/\/www.ifbaiano.edu.br\/unidades\/alagoinhas\/wp-json\/wp\/v2\/posts\/6942\/revisions"}],"predecessor-version":[{"id":6947,"href":"https:\/\/www.ifbaiano.edu.br\/unidades\/alagoinhas\/wp-json\/wp\/v2\/posts\/6942\/revisions\/6947"}],"wp:featuredmedia":[{"embeddable":true,"href":"https:\/\/www.ifbaiano.edu.br\/unidades\/alagoinhas\/wp-json\/wp\/v2\/media\/6943"}],"wp:attachment":[{"href":"https:\/\/www.ifbaiano.edu.br\/unidades\/alagoinhas\/wp-json\/wp\/v2\/media?parent=6942"}],"wp:term":[{"taxonomy":"category","embeddable":true,"href":"https:\/\/www.ifbaiano.edu.br\/unidades\/alagoinhas\/wp-json\/wp\/v2\/categories?post=6942"},{"taxonomy":"post_tag","embeddable":true,"href":"https:\/\/www.ifbaiano.edu.br\/unidades\/alagoinhas\/wp-json\/wp\/v2\/tags?post=6942"}],"curies":[{"name":"wp","href":"https:\/\/api.w.org\/{rel}","templated":true}]}}