{"id":11348,"date":"2019-07-30T21:53:23","date_gmt":"2019-07-31T00:53:23","guid":{"rendered":"http:\/\/www.ifbaiano.edu.br\/unidades\/bonfim\/?p=11348"},"modified":"2020-01-09T17:26:26","modified_gmt":"2020-01-09T20:26:26","slug":"selecao-de-estagio-na-area-de-informatica-01-a-07-de-agosto-de-2019","status":"publish","type":"post","link":"https:\/\/www.ifbaiano.edu.br\/unidades\/bonfim\/2019\/07\/30\/selecao-de-estagio-na-area-de-informatica-01-a-07-de-agosto-de-2019\/","title":{"rendered":"Resultado Final da Sele\u00e7\u00e3o de Est\u00e1gio na \u00e1rea de Inform\u00e1tica"},"content":{"rendered":"\n<p>A sele\u00e7\u00e3o \u00e9 destinada aos discentes regularmente matriculados no curso T\u00e9cnico de Inform\u00e1tica do Instituto Federal Baiano &#8211; <em>Campus <\/em>Senhor do Bonfim.<\/p>\n\n\n\n<p>Conforme o Edital Interno N\u00ba 37\/2019, de 30 de julho de 2019, est\u00e3o dispon\u00edveis 2 (duas) vagas,  1 (uma) para o N\u00facleo de Rela\u00e7\u00f5es Institucionais e 1 (uma) para o N\u00facleo de Gest\u00e3o de Tecnologia da Informa\u00e7\u00e3o.<\/p>\n\n\n\n<p>Para maiores informa\u00e7\u00f5es sobre os procedimentos para a inscri\u00e7\u00e3o clique no link a seguir: <a href=\"http:\/\/www.ifbaiano.edu.br\/unidades\/bonfim\/files\/2019\/07\/Edital-n\u00ba-37-2019-Estagio-de-Informatica.pdf\">Edital N\u00ba 37\/2019.<\/a><\/p>\n\n\n\n<p><br><\/p>\n\n\n<p><a href=\"http:\/\/www.ifbaiano.edu.br\/unidades\/bonfim\/files\/2019\/08\/Rela%C3%A7%C3%A3o-dos-homologados-Sele%C3%A7%C3%A3o-Estagi%C3%A1rios-NRI-e-TI.pdf\">Homologado &#8211; Edital 37\/2019<\/a><\/p>\n<p><a href=\"http:\/\/www.ifbaiano.edu.br\/unidades\/bonfim\/files\/2019\/08\/Resultado-Final-2.pdf\">Resultado da Sele\u00e7\u00e3o de Est\u00e1gio<\/a><\/p>","protected":false},"excerpt":{"rendered":"<p>A sele\u00e7\u00e3o \u00e9 destinada aos discentes regularmente matriculados no curso T\u00e9cnico de Inform\u00e1tica do Instituto Federal Baiano &#8211; Campus Senhor do Bonfim. Conforme o Edital Interno N\u00ba 37\/2019, de 30 de julho de 2019, est\u00e3o dispon\u00edveis 2 (duas) vagas, 1 (uma) para o N\u00facleo de Rela\u00e7\u00f5es Institucionais e 1 (uma) para o N\u00facleo de Gest\u00e3o [&hellip;]<\/p>\n","protected":false},"author":110,"featured_media":11349,"comment_status":"open","ping_status":"open","sticky":false,"template":"","format":"standard","meta":[],"categories":[4,5,38],"tags":[],"_links":{"self":[{"href":"https:\/\/www.ifbaiano.edu.br\/unidades\/bonfim\/wp-json\/wp\/v2\/posts\/11348"}],"collection":[{"href":"https:\/\/www.ifbaiano.edu.br\/unidades\/bonfim\/wp-json\/wp\/v2\/posts"}],"about":[{"href":"https:\/\/www.ifbaiano.edu.br\/unidades\/bonfim\/wp-json\/wp\/v2\/types\/post"}],"author":[{"embeddable":true,"href":"https:\/\/www.ifbaiano.edu.br\/unidades\/bonfim\/wp-json\/wp\/v2\/users\/110"}],"replies":[{"embeddable":true,"href":"https:\/\/www.ifbaiano.edu.br\/unidades\/bonfim\/wp-json\/wp\/v2\/comments?post=11348"}],"version-history":[{"count":5,"href":"https:\/\/www.ifbaiano.edu.br\/unidades\/bonfim\/wp-json\/wp\/v2\/posts\/11348\/revisions"}],"predecessor-version":[{"id":11482,"href":"https:\/\/www.ifbaiano.edu.br\/unidades\/bonfim\/wp-json\/wp\/v2\/posts\/11348\/revisions\/11482"}],"wp:featuredmedia":[{"embeddable":true,"href":"https:\/\/www.ifbaiano.edu.br\/unidades\/bonfim\/wp-json\/wp\/v2\/media\/11349"}],"wp:attachment":[{"href":"https:\/\/www.ifbaiano.edu.br\/unidades\/bonfim\/wp-json\/wp\/v2\/media?parent=11348"}],"wp:term":[{"taxonomy":"category","embeddable":true,"href":"https:\/\/www.ifbaiano.edu.br\/unidades\/bonfim\/wp-json\/wp\/v2\/categories?post=11348"},{"taxonomy":"post_tag","embeddable":true,"href":"https:\/\/www.ifbaiano.edu.br\/unidades\/bonfim\/wp-json\/wp\/v2\/tags?post=11348"}],"curies":[{"name":"wp","href":"https:\/\/api.w.org\/{rel}","templated":true}]}}