{"id":23160,"date":"2025-12-22T08:46:13","date_gmt":"2025-12-22T11:46:13","guid":{"rendered":"https:\/\/www.ifbaiano.edu.br\/unidades\/bonfim\/?p=23160"},"modified":"2026-01-21T18:28:13","modified_gmt":"2026-01-21T21:28:13","slug":"programa-mulheres-mil-processo-de-inscricao-e-selecao-de-bolsa-formacao-para-candidatas-ao-curso-deformacao-inicial-formacao-em-salgadeira-modalidade-presencial","status":"publish","type":"post","link":"https:\/\/www.ifbaiano.edu.br\/unidades\/bonfim\/2025\/12\/22\/programa-mulheres-mil-processo-de-inscricao-e-selecao-de-bolsa-formacao-para-candidatas-ao-curso-deformacao-inicial-formacao-em-salgadeira-modalidade-presencial\/","title":{"rendered":"Programa Mulheres Mil &#8211; Sele\u00e7\u00e3o de Candidatas para o Curso de Forma\u00e7\u00e3o Inicial em Salgadeira na Modalidade Presencial: Lista de Inscri\u00e7\u00f5es Homologadas!"},"content":{"rendered":"\n<div class=\"wp-block-columns is-layout-flex wp-container-3\">\n<div class=\"wp-block-column is-layout-flow\" style=\"flex-basis:66.66%\">\n<strong><div id=\"TituloMenu\" class=\"dnone\"> Sobre<\/div> <\/strong><\/p><p>\n<\/div>\n\n\n\n<div class=\"wp-block-column is-layout-flow\" style=\"flex-basis:33.33%\">\n<strong><div id=\"TituloMenu\" class=\"dnone\"> Inscri\u00e7\u00f5es<\/div> <\/strong><\/p><p>\n<\/div>\n<\/div>\n\n\n\n<div class=\"wp-block-columns is-layout-flex wp-container-7\">\n<div class=\"wp-block-column is-layout-flow\" style=\"flex-basis:66.66%\">\n<p>O DIRETOR-GERAL DO INSTITUTO FEDERAL DE EDUCA\u00c7\u00c3O, CI\u00caNCIA E TECNOLOGIA BAIANO Campus Senhor do Bonfim, no uso de suas atribui\u00e7\u00f5es delegadas pela Portaria n\u00b0 283 de 18 de mar\u00e7o de 2022. publicada no Di\u00e1rio Oficial de Uni\u00e3o do dia 21 de mar\u00e7o de 2022. Se\u00e7\u00e3o 2. pagina 54, torna p\u00fablica a abertura de inscri\u00e7\u00f5es no per\u00edodo estabelecido no cronograma deste edital, para provimento de vagas no curso de Qualifica\u00e7\u00e3o Profissional, na modalidade de Forma\u00e7\u00e3o Inicial \u2013 FI, por meio do Programa Mulheres Mil, a ser ofertado no munic\u00edpio de Senhor do Bonfim-BA.<\/p>\n<\/div>\n\n\n\n<div class=\"wp-block-column is-layout-flow\" style=\"flex-basis:33.33%\">\n<div class=\"wp-block-buttons is-content-justification-center is-layout-flex wp-container-5\">\n<div class=\"wp-block-button\"><a class=\"wp-block-button__link has-white-color has-text-color has-background wp-element-button\" href=\"https:\/\/docs.google.com\/forms\/d\/e\/1FAIpQLSeLx6ZQ3DCFNLVc2M1jg8jdOuOjmanR928WY2qrDSbfHot_dg\/viewform\" style=\"background-color:#0a8759\" target=\"_blank\" rel=\"noreferrer noopener\">Inscreva-se <strong>Aqui<\/strong><\/a><\/div>\n<\/div>\n<\/div>\n<\/div>\n\n\n\n<p><\/p>\n\n\n\n<strong><div id=\"TituloMenu\" class=\"dnone\"> EDITAIS E DOCUMENTOS<\/div> <\/strong><\/p><p>\n\n\n\n<ul>\n<li><a href=\"https:\/\/www.ifbaiano.edu.br\/unidades\/bonfim\/files\/2026\/01\/DIVULGACAO-DA-LISTA-DE-ESPERA-MULHERES-MIL.pdf\" data-type=\"URL\" data-id=\"https:\/\/www.ifbaiano.edu.br\/unidades\/bonfim\/files\/2026\/01\/DIVULGACAO-DA-LISTA-DE-ESPERA-MULHERES-MIL.pdf\">Lista de Espera<\/a><\/li>\n\n\n\n<li><a href=\"https:\/\/www.ifbaiano.edu.br\/unidades\/bonfim\/files\/2026\/01\/RESULTADO-FINAL-DA-1a-LISTA-DE-MATRICULADOS-Mulheres-Mil.pdf\" data-type=\"URL\" data-id=\"https:\/\/www.ifbaiano.edu.br\/unidades\/bonfim\/files\/2026\/01\/RESULTADO-FINAL-DA-1a-LISTA-DE-MATRICULADOS-Mulheres-Mil.pdf\">Resultado Final 1\u00b0 Lista de Matriculados<\/a> <mark style=\"background-color:#fcb900\" class=\"has-inline-color has-black-color\">NOVO<\/mark><\/li>\n\n\n\n<li><a rel=\"noreferrer noopener\" href=\"https:\/\/www.ifbaiano.edu.br\/unidades\/bonfim\/files\/2026\/01\/Lista-homogacao-inscricoes.pdf\" target=\"_blank\">Lista de Inscri\u00e7\u00f5es Homologadas\/Resultado Preliminar\/Matr\u00edculas<\/a> <\/li>\n\n\n\n<li><a rel=\"noreferrer noopener\" href=\"https:\/\/www.ifbaiano.edu.br\/unidades\/bonfim\/files\/2026\/01\/Lista-de-matricula-Curso-Salgadeira-deferida.pdf\" target=\"_blank\">Lista de Matricula Deferida &#8211; Curso Salgadeira<\/a> <\/li>\n\n\n\n<li><a rel=\"noreferrer noopener\" href=\"https:\/\/view.officeapps.live.com\/op\/view.aspx?src=https%3A%2F%2Fwww.ifbaiano.edu.br%2Funidades%2Fbonfim%2Ffiles%2F2025%2F12%2FTERMO-DE-CONSENTIMENTO-DE-UTILIZACAO-DE-IMAGEM-PESSOAL-CURSO-SALGADEIRAS-MULHERES-MIL.docx&amp;wdOrigin=BROWSELINK\" data-type=\"URL\" data-id=\"https:\/\/view.officeapps.live.com\/op\/view.aspx?src=https%3A%2F%2Fwww.ifbaiano.edu.br%2Funidades%2Fbonfim%2Ffiles%2F2025%2F12%2FTERMO-DE-CONSENTIMENTO-DE-UTILIZACAO-DE-IMAGEM-PESSOAL-CURSO-SALGADEIRAS-MULHERES-MIL.docx&amp;wdOrigin=BROWSELINK\" target=\"_blank\">Anexo V (Termo de Consentimento de Utiliza\u00e7\u00e3o Imagem Pessoal)<\/a> <\/li>\n\n\n\n<li><a rel=\"noreferrer noopener\" href=\"https:\/\/view.officeapps.live.com\/op\/view.aspx?src=https%3A%2F%2Fwww.ifbaiano.edu.br%2Funidades%2Fbonfim%2Ffiles%2F2025%2F12%2FAUTO-DECLACAO-DE-ESCOLARIDADE-CURSO-SALGADEIRAS-MULHERES-MIL.docx&amp;wdOrigin=BROWSELINK\" data-type=\"URL\" data-id=\"https:\/\/view.officeapps.live.com\/op\/view.aspx?src=https%3A%2F%2Fwww.ifbaiano.edu.br%2Funidades%2Fbonfim%2Ffiles%2F2025%2F12%2FAUTO-DECLACAO-DE-ESCOLARIDADE-CURSO-SALGADEIRAS-MULHERES-MIL.docx&amp;wdOrigin=BROWSELINK\" target=\"_blank\">Anexo IV ( Auto-declara\u00e7\u00e3o de Escolaridade)<\/a> <\/li>\n\n\n\n<li><a rel=\"noreferrer noopener\" href=\"https:\/\/www.ifbaiano.edu.br\/unidades\/bonfim\/files\/2025\/12\/RETIFICACAO-01-EDITAL-48-NUMERO-DE-VAGAS-CURSO-SALGADEIRAS-MULHERES-MIL.pdf\" data-type=\"URL\" data-id=\"https:\/\/www.ifbaiano.edu.br\/unidades\/bonfim\/files\/2025\/12\/RETIFICACAO-01-EDITAL-48-NUMERO-DE-VAGAS-CURSO-SALGADEIRAS-MULHERES-MIL.pdf\" target=\"_blank\">Retifica\u00e7\u00e3o N\u00b001 (N\u00famero de Vagas)<\/a> <\/li>\n\n\n\n<li><a href=\"https:\/\/www.ifbaiano.edu.br\/unidades\/bonfim\/files\/2025\/12\/PROGRAMA-MULHERES-MIL-PROCESSO-DE-INSCRICAO-E-SELECAO-DE-BOLSA-FORMACAO-PARA-CANDIDATAS.pdf\" data-type=\"URL\" data-id=\"https:\/\/www.ifbaiano.edu.br\/unidades\/bonfim\/files\/2025\/12\/PROGRAMA-MULHERES-MIL-PROCESSO-DE-INSCRICAO-E-SELECAO-DE-BOLSA-FORMACAO-PARA-CANDIDATAS.pdf\">EDITAL N\u00b0 48 de 16 de Dezembro de 2025<\/a><\/li>\n<\/ul>\n","protected":false},"excerpt":{"rendered":"<p>Sobre Inscri\u00e7\u00f5es O DIRETOR-GERAL DO INSTITUTO FEDERAL DE EDUCA\u00c7\u00c3O, CI\u00caNCIA E TECNOLOGIA BAIANO Campus Senhor do Bonfim, no uso de suas atribui\u00e7\u00f5es delegadas pela Portaria n\u00b0 283 de 18 de mar\u00e7o de 2022. publicada no Di\u00e1rio Oficial de Uni\u00e3o do dia 21 de mar\u00e7o de 2022. Se\u00e7\u00e3o 2. pagina 54, torna p\u00fablica a abertura de [&hellip;]<\/p>\n","protected":false},"author":110,"featured_media":20616,"comment_status":"open","ping_status":"open","sticky":false,"template":"","format":"standard","meta":[],"categories":[4,5,1,38],"tags":[],"_links":{"self":[{"href":"https:\/\/www.ifbaiano.edu.br\/unidades\/bonfim\/wp-json\/wp\/v2\/posts\/23160"}],"collection":[{"href":"https:\/\/www.ifbaiano.edu.br\/unidades\/bonfim\/wp-json\/wp\/v2\/posts"}],"about":[{"href":"https:\/\/www.ifbaiano.edu.br\/unidades\/bonfim\/wp-json\/wp\/v2\/types\/post"}],"author":[{"embeddable":true,"href":"https:\/\/www.ifbaiano.edu.br\/unidades\/bonfim\/wp-json\/wp\/v2\/users\/110"}],"replies":[{"embeddable":true,"href":"https:\/\/www.ifbaiano.edu.br\/unidades\/bonfim\/wp-json\/wp\/v2\/comments?post=23160"}],"version-history":[{"count":9,"href":"https:\/\/www.ifbaiano.edu.br\/unidades\/bonfim\/wp-json\/wp\/v2\/posts\/23160\/revisions"}],"predecessor-version":[{"id":23292,"href":"https:\/\/www.ifbaiano.edu.br\/unidades\/bonfim\/wp-json\/wp\/v2\/posts\/23160\/revisions\/23292"}],"wp:featuredmedia":[{"embeddable":true,"href":"https:\/\/www.ifbaiano.edu.br\/unidades\/bonfim\/wp-json\/wp\/v2\/media\/20616"}],"wp:attachment":[{"href":"https:\/\/www.ifbaiano.edu.br\/unidades\/bonfim\/wp-json\/wp\/v2\/media?parent=23160"}],"wp:term":[{"taxonomy":"category","embeddable":true,"href":"https:\/\/www.ifbaiano.edu.br\/unidades\/bonfim\/wp-json\/wp\/v2\/categories?post=23160"},{"taxonomy":"post_tag","embeddable":true,"href":"https:\/\/www.ifbaiano.edu.br\/unidades\/bonfim\/wp-json\/wp\/v2\/tags?post=23160"}],"curies":[{"name":"wp","href":"https:\/\/api.w.org\/{rel}","templated":true}]}}