{"id":23197,"date":"2025-12-29T13:36:54","date_gmt":"2025-12-29T16:36:54","guid":{"rendered":"https:\/\/www.ifbaiano.edu.br\/unidades\/bonfim\/?p=23197"},"modified":"2026-01-16T13:04:20","modified_gmt":"2026-01-16T16:04:20","slug":"matricula-de-1a-chamada-e-lista-de-espera-para-cursos-superiores-em-administracao-e-licenciatura-em-quimica","status":"publish","type":"post","link":"https:\/\/www.ifbaiano.edu.br\/unidades\/bonfim\/2025\/12\/29\/matricula-de-1a-chamada-e-lista-de-espera-para-cursos-superiores-em-administracao-e-licenciatura-em-quimica\/","title":{"rendered":"Matr\u00edcula de 1\u00aa Chamada e Lista de Espera para cursos Superiores em Administra\u00e7\u00e3o e Licenciatura em Qu\u00edmica"},"content":{"rendered":"\n<p>Acesse a 1\u00aa Chamada e Lista de Espera no Edital abaixo:<\/p>\n\n\n\n<div class=\"wp-block-file\"><object class=\"wp-block-file__embed\" data=\"https:\/\/www.ifbaiano.edu.br\/unidades\/bonfim\/files\/2025\/12\/Edital-69.2025-Edital-69-29.12.2025-Edital-de-Matricula-Prosel-BACHARELADO-EM-ADMINISTRACAO-E-LICENCIATURA-EM-QUIMICA-2026.1.pdf\" type=\"application\/pdf\" style=\"width:100%;height:600px\" aria-label=\"Incorporado de Edital 69.2025 - Edital 69, 29.12.2025 - Edital de Matr\u00edcula Prosel BACHARELADO EM ADMINISTRA\u00c7\u00c3O E LICENCIATURA EM QU\u00cdMICA - 2026.1.\"><\/object><a id=\"wp-block-file--media-a058619d-a12b-4665-843d-e495b1cefe4b\" href=\"https:\/\/www.ifbaiano.edu.br\/unidades\/bonfim\/files\/2025\/12\/Edital-69.2025-Edital-69-29.12.2025-Edital-de-Matricula-Prosel-BACHARELADO-EM-ADMINISTRACAO-E-LICENCIATURA-EM-QUIMICA-2026.1.pdf\">Edital 69.2025 &#8211; Edital 69, 29.12.2025 &#8211; Edital de Matr\u00edcula Prosel BACHARELADO EM ADMINISTRA\u00c7\u00c3O E LICENCIATURA EM QU\u00cdMICA &#8211; 2026.1<\/a><a href=\"https:\/\/www.ifbaiano.edu.br\/unidades\/bonfim\/files\/2025\/12\/Edital-69.2025-Edital-69-29.12.2025-Edital-de-Matricula-Prosel-BACHARELADO-EM-ADMINISTRACAO-E-LICENCIATURA-EM-QUIMICA-2026.1.pdf\" class=\"wp-block-file__button wp-element-button\" download aria-describedby=\"wp-block-file--media-a058619d-a12b-4665-843d-e495b1cefe4b\">Baixar<\/a><\/div>\n\n\n\n<p><\/p>\n\n\n\n<p><strong>6\u00aa Retifica\u00e7\u00e3o ao Edital n\u00ba 56 de 14 de outubro de 2025:<\/strong><\/p>\n\n\n\n<div class=\"wp-block-file\"><object class=\"wp-block-file__embed\" data=\"https:\/\/www.ifbaiano.edu.br\/unidades\/bonfim\/files\/2025\/12\/Edital-68.2025-Edital-68-29.12.2025-6a-retificacao-PROSEL-Preenchimento-de-VAGAS-NO-CURSO-SUPERIOR-DE-BACHARELADO-EM-ADMINISTRACAO-E-LICENCIATURA-EM-QUIMICA-2026.1.pdf\" type=\"application\/pdf\" style=\"width:100%;height:600px\" aria-label=\"Incorporado de Edital 68.2025 - Edital 68, 29.12.2025 - 6\u00aa retifica\u00e7\u00e3o PROSEL - Preenchimento de VAGAS NO CURSO SUPERIOR DE BACHARELADO EM ADMINISTRA\u00c7\u00c3O E LICENCIATURA EM QU\u00cdMICA - 2026.1.\"><\/object><a id=\"wp-block-file--media-2149f730-e311-4ace-a491-166f590681c9\" href=\"https:\/\/www.ifbaiano.edu.br\/unidades\/bonfim\/files\/2025\/12\/Edital-68.2025-Edital-68-29.12.2025-6a-retificacao-PROSEL-Preenchimento-de-VAGAS-NO-CURSO-SUPERIOR-DE-BACHARELADO-EM-ADMINISTRACAO-E-LICENCIATURA-EM-QUIMICA-2026.1.pdf\">Edital 68.2025 &#8211; Edital 68, 29.12.2025 &#8211; 6\u00aa retifica\u00e7\u00e3o PROSEL &#8211; Preenchimento de VAGAS NO CURSO SUPERIOR DE BACHARELADO EM ADMINISTRA\u00c7\u00c3O E LICENCIATURA EM QU\u00cdMICA &#8211; 2026.1<\/a><a href=\"https:\/\/www.ifbaiano.edu.br\/unidades\/bonfim\/files\/2025\/12\/Edital-68.2025-Edital-68-29.12.2025-6a-retificacao-PROSEL-Preenchimento-de-VAGAS-NO-CURSO-SUPERIOR-DE-BACHARELADO-EM-ADMINISTRACAO-E-LICENCIATURA-EM-QUIMICA-2026.1.pdf\" class=\"wp-block-file__button wp-element-button\" download aria-describedby=\"wp-block-file--media-2149f730-e311-4ace-a491-166f590681c9\">Baixar<\/a><\/div>\n\n\n\n<p><\/p>\n\n\n\n<p><strong>Para acessar a p\u00e1gina dos cursos com a rela\u00e7\u00e3o de arquivos deste Processo Seletivo clique<\/strong><\/p>\n\n\n\n<p><strong><a href=\"https:\/\/www.ifbaiano.edu.br\/unidades\/bonfim\/bacharelado-em-administracao-e-licenciatura-em-quimica-2026\/\" target=\"_blank\" rel=\"noreferrer noopener\">AQUI!<\/a><\/strong><\/p>\n","protected":false},"excerpt":{"rendered":"<p>Acesse a 1\u00aa Chamada e Lista de Espera no Edital abaixo: 6\u00aa Retifica\u00e7\u00e3o ao Edital n\u00ba 56 de 14 de outubro de 2025: Para acessar a p\u00e1gina dos cursos com a rela\u00e7\u00e3o de arquivos deste Processo Seletivo clique AQUI!<\/p>\n","protected":false},"author":110,"featured_media":0,"comment_status":"open","ping_status":"open","sticky":false,"template":"","format":"standard","meta":[],"categories":[12,9,38],"tags":[],"_links":{"self":[{"href":"https:\/\/www.ifbaiano.edu.br\/unidades\/bonfim\/wp-json\/wp\/v2\/posts\/23197"}],"collection":[{"href":"https:\/\/www.ifbaiano.edu.br\/unidades\/bonfim\/wp-json\/wp\/v2\/posts"}],"about":[{"href":"https:\/\/www.ifbaiano.edu.br\/unidades\/bonfim\/wp-json\/wp\/v2\/types\/post"}],"author":[{"embeddable":true,"href":"https:\/\/www.ifbaiano.edu.br\/unidades\/bonfim\/wp-json\/wp\/v2\/users\/110"}],"replies":[{"embeddable":true,"href":"https:\/\/www.ifbaiano.edu.br\/unidades\/bonfim\/wp-json\/wp\/v2\/comments?post=23197"}],"version-history":[{"count":2,"href":"https:\/\/www.ifbaiano.edu.br\/unidades\/bonfim\/wp-json\/wp\/v2\/posts\/23197\/revisions"}],"predecessor-version":[{"id":23201,"href":"https:\/\/www.ifbaiano.edu.br\/unidades\/bonfim\/wp-json\/wp\/v2\/posts\/23197\/revisions\/23201"}],"wp:attachment":[{"href":"https:\/\/www.ifbaiano.edu.br\/unidades\/bonfim\/wp-json\/wp\/v2\/media?parent=23197"}],"wp:term":[{"taxonomy":"category","embeddable":true,"href":"https:\/\/www.ifbaiano.edu.br\/unidades\/bonfim\/wp-json\/wp\/v2\/categories?post=23197"},{"taxonomy":"post_tag","embeddable":true,"href":"https:\/\/www.ifbaiano.edu.br\/unidades\/bonfim\/wp-json\/wp\/v2\/tags?post=23197"}],"curies":[{"name":"wp","href":"https:\/\/api.w.org\/{rel}","templated":true}]}}