{"id":23222,"date":"2026-01-12T09:59:48","date_gmt":"2026-01-12T12:59:48","guid":{"rendered":"https:\/\/www.ifbaiano.edu.br\/unidades\/bonfim\/?p=23222"},"modified":"2026-01-15T12:35:26","modified_gmt":"2026-01-15T15:35:26","slug":"atencao-calendario-de-matriculas-para-curso-tecnicos-integrados-e-subsequentes-presenciais-e-ead","status":"publish","type":"post","link":"https:\/\/www.ifbaiano.edu.br\/unidades\/bonfim\/2026\/01\/12\/atencao-calendario-de-matriculas-para-curso-tecnicos-integrados-e-subsequentes-presenciais-e-ead\/","title":{"rendered":"Aten\u00e7\u00e3o! Calend\u00e1rio de Matr\u00edculas para curso T\u00e9cnicos Integrados e Subsequentes Presenciais e EaD"},"content":{"rendered":"\n<p><br>Aten\u00e7\u00e3o Candidatos Aprovados para o &nbsp;Processo Seletivo de Estudantes (Prosel 2026).<\/p>\n\n\n\n<p>1- Candidatos que realizaram pr\u00e9-matr\u00edcula e n\u00e3o possuem pend\u00eancias n\u00e3o necessitam realizar matr\u00edcula.<br>2- Ser\u00e1 publicada lista de candidatos que necessitam comparecer \u00e0 matr\u00edcula juntamente com o edital de matr\u00edcula.<br>3- Candidatos com pend\u00eancias &nbsp;ou que n\u00e3o compareceram \u00e0 pr\u00e9-matr\u00edcula necessitam comparecer \u00e0 matr\u00edcula para atualiza\u00e7\u00e3o documental e garantia da vaga pretendida.<\/p>\n\n\n\n<div class=\"wp-block-group is-layout-constrained\"><div class=\"wp-block-group__inner-container\"><\/div><\/div>\n\n\n\n<figure class=\"wp-block-image size-large\"><a href=\"https:\/\/www.ifbaiano.edu.br\/unidades\/bonfim\/files\/2026\/01\/1722-41.webp\"><img decoding=\"async\" loading=\"lazy\" width=\"819\" height=\"1024\" src=\"https:\/\/www.ifbaiano.edu.br\/unidades\/bonfim\/files\/2026\/01\/1722-41-819x1024.webp\" alt=\"\" class=\"wp-image-23219\" srcset=\"https:\/\/www.ifbaiano.edu.br\/unidades\/bonfim\/files\/2026\/01\/1722-41-819x1024.webp 819w, https:\/\/www.ifbaiano.edu.br\/unidades\/bonfim\/files\/2026\/01\/1722-41-240x300.webp 240w, https:\/\/www.ifbaiano.edu.br\/unidades\/bonfim\/files\/2026\/01\/1722-41-768x960.webp 768w, https:\/\/www.ifbaiano.edu.br\/unidades\/bonfim\/files\/2026\/01\/1722-41-100x125.webp 100w, https:\/\/www.ifbaiano.edu.br\/unidades\/bonfim\/files\/2026\/01\/1722-41.webp 864w\" sizes=\"(max-width: 819px) 100vw, 819px\" \/><\/a><\/figure>\n\n\n\n<figure class=\"wp-block-image size-large\"><a href=\"https:\/\/www.ifbaiano.edu.br\/unidades\/bonfim\/files\/2026\/01\/1721-51.webp\"><img decoding=\"async\" loading=\"lazy\" width=\"819\" height=\"1024\" src=\"https:\/\/www.ifbaiano.edu.br\/unidades\/bonfim\/files\/2026\/01\/1721-51-819x1024.webp\" alt=\"\" class=\"wp-image-23218\" srcset=\"https:\/\/www.ifbaiano.edu.br\/unidades\/bonfim\/files\/2026\/01\/1721-51-819x1024.webp 819w, https:\/\/www.ifbaiano.edu.br\/unidades\/bonfim\/files\/2026\/01\/1721-51-240x300.webp 240w, https:\/\/www.ifbaiano.edu.br\/unidades\/bonfim\/files\/2026\/01\/1721-51-768x960.webp 768w, https:\/\/www.ifbaiano.edu.br\/unidades\/bonfim\/files\/2026\/01\/1721-51-100x125.webp 100w, https:\/\/www.ifbaiano.edu.br\/unidades\/bonfim\/files\/2026\/01\/1721-51.webp 864w\" sizes=\"(max-width: 819px) 100vw, 819px\" \/><\/a><\/figure>\n\n\n\n<figure class=\"wp-block-image size-large\"><a href=\"https:\/\/www.ifbaiano.edu.br\/unidades\/bonfim\/files\/2025\/12\/3740-WhatsApp-Image-2025-12-17-at-14.43.27.webp\"><img decoding=\"async\" loading=\"lazy\" width=\"819\" height=\"1024\" src=\"https:\/\/www.ifbaiano.edu.br\/unidades\/bonfim\/files\/2025\/12\/3740-WhatsApp-Image-2025-12-17-at-14.43.27-819x1024.webp\" alt=\"\" class=\"wp-image-23140\" srcset=\"https:\/\/www.ifbaiano.edu.br\/unidades\/bonfim\/files\/2025\/12\/3740-WhatsApp-Image-2025-12-17-at-14.43.27-819x1024.webp 819w, https:\/\/www.ifbaiano.edu.br\/unidades\/bonfim\/files\/2025\/12\/3740-WhatsApp-Image-2025-12-17-at-14.43.27-240x300.webp 240w, https:\/\/www.ifbaiano.edu.br\/unidades\/bonfim\/files\/2025\/12\/3740-WhatsApp-Image-2025-12-17-at-14.43.27-768x960.webp 768w, https:\/\/www.ifbaiano.edu.br\/unidades\/bonfim\/files\/2025\/12\/3740-WhatsApp-Image-2025-12-17-at-14.43.27-100x125.webp 100w, https:\/\/www.ifbaiano.edu.br\/unidades\/bonfim\/files\/2025\/12\/3740-WhatsApp-Image-2025-12-17-at-14.43.27.webp 864w\" sizes=\"(max-width: 819px) 100vw, 819px\" \/><\/a><\/figure>\n","protected":false},"excerpt":{"rendered":"<p>Aten\u00e7\u00e3o Candidatos Aprovados para o &nbsp;Processo Seletivo de Estudantes (Prosel 2026). 1- Candidatos que realizaram pr\u00e9-matr\u00edcula e n\u00e3o possuem pend\u00eancias n\u00e3o necessitam realizar matr\u00edcula.2- Ser\u00e1 publicada lista de candidatos que necessitam comparecer \u00e0 matr\u00edcula juntamente com o edital de matr\u00edcula.3- Candidatos com pend\u00eancias &nbsp;ou que n\u00e3o compareceram \u00e0 pr\u00e9-matr\u00edcula necessitam comparecer \u00e0 matr\u00edcula para atualiza\u00e7\u00e3o [&hellip;]<\/p>\n","protected":false},"author":110,"featured_media":23219,"comment_status":"open","ping_status":"open","sticky":false,"template":"","format":"standard","meta":[],"categories":[5,1,9,38],"tags":[],"_links":{"self":[{"href":"https:\/\/www.ifbaiano.edu.br\/unidades\/bonfim\/wp-json\/wp\/v2\/posts\/23222"}],"collection":[{"href":"https:\/\/www.ifbaiano.edu.br\/unidades\/bonfim\/wp-json\/wp\/v2\/posts"}],"about":[{"href":"https:\/\/www.ifbaiano.edu.br\/unidades\/bonfim\/wp-json\/wp\/v2\/types\/post"}],"author":[{"embeddable":true,"href":"https:\/\/www.ifbaiano.edu.br\/unidades\/bonfim\/wp-json\/wp\/v2\/users\/110"}],"replies":[{"embeddable":true,"href":"https:\/\/www.ifbaiano.edu.br\/unidades\/bonfim\/wp-json\/wp\/v2\/comments?post=23222"}],"version-history":[{"count":5,"href":"https:\/\/www.ifbaiano.edu.br\/unidades\/bonfim\/wp-json\/wp\/v2\/posts\/23222\/revisions"}],"predecessor-version":[{"id":23240,"href":"https:\/\/www.ifbaiano.edu.br\/unidades\/bonfim\/wp-json\/wp\/v2\/posts\/23222\/revisions\/23240"}],"wp:featuredmedia":[{"embeddable":true,"href":"https:\/\/www.ifbaiano.edu.br\/unidades\/bonfim\/wp-json\/wp\/v2\/media\/23219"}],"wp:attachment":[{"href":"https:\/\/www.ifbaiano.edu.br\/unidades\/bonfim\/wp-json\/wp\/v2\/media?parent=23222"}],"wp:term":[{"taxonomy":"category","embeddable":true,"href":"https:\/\/www.ifbaiano.edu.br\/unidades\/bonfim\/wp-json\/wp\/v2\/categories?post=23222"},{"taxonomy":"post_tag","embeddable":true,"href":"https:\/\/www.ifbaiano.edu.br\/unidades\/bonfim\/wp-json\/wp\/v2\/tags?post=23222"}],"curies":[{"name":"wp","href":"https:\/\/api.w.org\/{rel}","templated":true}]}}