{"id":23272,"date":"2026-01-21T13:25:56","date_gmt":"2026-01-21T16:25:56","guid":{"rendered":"https:\/\/www.ifbaiano.edu.br\/unidades\/bonfim\/?p=23272"},"modified":"2026-01-22T12:36:31","modified_gmt":"2026-01-22T15:36:31","slug":"aula-inaugural-da-2a-turma-do-curso-de-salgadeira-do-programa-mulheres-mil","status":"publish","type":"post","link":"https:\/\/www.ifbaiano.edu.br\/unidades\/bonfim\/2026\/01\/21\/aula-inaugural-da-2a-turma-do-curso-de-salgadeira-do-programa-mulheres-mil\/","title":{"rendered":"Aula Inaugural da 2\u00aa Turma do Curso de Salgadeira do Programa Mulheres Mil"},"content":{"rendered":"\n<p class=\"has-text-align-left\">Na noite de 19 de janeiro, aconteceu a aula inaugural da 2\u00aa turma do curso de Salgadeira, no audit\u00f3rio do IF Baiano &#8211; <em>Campus <\/em>Senhor do Bonfim.<\/p>\n\n\n\n<figure class=\"wp-block-gallery has-nested-images columns-default is-cropped wp-block-gallery-1 is-layout-flex\">\n<figure class=\"wp-block-image size-large\"><a href=\"https:\/\/www.ifbaiano.edu.br\/unidades\/bonfim\/files\/2026\/01\/2108-DSC_0527editado.webp\"><img decoding=\"async\" loading=\"lazy\" width=\"1024\" height=\"683\" data-id=\"23294\"  src=\"https:\/\/www.ifbaiano.edu.br\/unidades\/bonfim\/files\/2026\/01\/2108-DSC_0527editado-1024x683.webp\" alt=\"\" class=\"wp-image-23294\" srcset=\"https:\/\/www.ifbaiano.edu.br\/unidades\/bonfim\/files\/2026\/01\/2108-DSC_0527editado-1024x683.webp 1024w, https:\/\/www.ifbaiano.edu.br\/unidades\/bonfim\/files\/2026\/01\/2108-DSC_0527editado-300x200.webp 300w, https:\/\/www.ifbaiano.edu.br\/unidades\/bonfim\/files\/2026\/01\/2108-DSC_0527editado-768x512.webp 768w, https:\/\/www.ifbaiano.edu.br\/unidades\/bonfim\/files\/2026\/01\/2108-DSC_0527editado-1536x1024.webp 1536w, https:\/\/www.ifbaiano.edu.br\/unidades\/bonfim\/files\/2026\/01\/2108-DSC_0527editado-100x67.webp 100w, https:\/\/www.ifbaiano.edu.br\/unidades\/bonfim\/files\/2026\/01\/2108-DSC_0527editado.webp 1620w\" sizes=\"(max-width: 1024px) 100vw, 1024px\" \/><\/a><figcaption class=\"wp-element-caption\">Professor do curso e coordenador Local do Mulheres Mil, Pedro Rog\u00e9rio, destaca a import\u00e2ncia do curso para a gera\u00e7\u00e3o de renda<\/figcaption><\/figure>\n<\/figure>\n\n\n\n<p class=\"has-text-align-left\">A solenidade de abertura foi presidida pela professora Calila Teixeira (ex-coordenadora do programa). Al\u00e9m das alunas, estiveram presentes a professora Lilian Teixeira &#8211; diretora de Ensino, representando o diretor-geral; Taciana Granja,  secret\u00e1ria de Assist\u00eancia Social do munic\u00edpio; Pedro Rog\u00e9rio de Oliveira Santos (t\u00e9cnico em Alimentos), que tamb\u00e9m \u00e9 coordenador do programa no <em>campus<\/em> e professor do curso; C\u00edntia Borges de Almeida (ex-aluna do curso), o servidor Dustin Justiniano Fonseca (fun\u00e7\u00e3o administrativo-acad\u00eamica) e demais servidores.<\/p>\n\n\n\n<figure class=\"wp-block-gallery has-nested-images columns-default is-cropped wp-block-gallery-3 is-layout-flex\">\n<figure class=\"wp-block-image size-large\"><a href=\"https:\/\/www.ifbaiano.edu.br\/unidades\/bonfim\/files\/2026\/01\/2591-DSC_0568-editada.webp\"><img decoding=\"async\" loading=\"lazy\" width=\"1024\" height=\"683\" data-id=\"23296\"  src=\"https:\/\/www.ifbaiano.edu.br\/unidades\/bonfim\/files\/2026\/01\/2591-DSC_0568-editada-1024x683.webp\" alt=\"\" class=\"wp-image-23296\" srcset=\"https:\/\/www.ifbaiano.edu.br\/unidades\/bonfim\/files\/2026\/01\/2591-DSC_0568-editada-1024x683.webp 1024w, https:\/\/www.ifbaiano.edu.br\/unidades\/bonfim\/files\/2026\/01\/2591-DSC_0568-editada-300x200.webp 300w, https:\/\/www.ifbaiano.edu.br\/unidades\/bonfim\/files\/2026\/01\/2591-DSC_0568-editada-768x512.webp 768w, https:\/\/www.ifbaiano.edu.br\/unidades\/bonfim\/files\/2026\/01\/2591-DSC_0568-editada-1536x1024.webp 1536w, https:\/\/www.ifbaiano.edu.br\/unidades\/bonfim\/files\/2026\/01\/2591-DSC_0568-editada-100x67.webp 100w, https:\/\/www.ifbaiano.edu.br\/unidades\/bonfim\/files\/2026\/01\/2591-DSC_0568-editada.webp 1620w\" sizes=\"(max-width: 1024px) 100vw, 1024px\" \/><\/a><figcaption class=\"wp-element-caption\">Diretora Acad\u00eamica, prof.\u00aa L\u00edllian Teixeira, representando a dire\u00e7\u00e3o-geral do IF Baiano &#8211; Campus Senhor do Bonfim<\/figcaption><\/figure>\n<\/figure>\n\n\n\n<p>O curso de Forma\u00e7\u00e3o Inicial e Continuada (FIC) \u00e9 ofertado na modalidade presencial, com carga hor\u00e1ria de 160 H, sendo destinado a mulheres de baixa renda, em situa\u00e7\u00e3o de vulnerabilidade social e que tenham registro no Cadastro \u00danico do Governo Federal. De acordo com o Guia PRONATEC de Cursos FIC, essas mulheres devem possuir o Ensino Fundamental I Completo &#8211; (1\u00ba a 5\u00ba ano).<\/p>\n\n\n\n<div class=\"wp-block-columns is-layout-flex wp-container-6\">\n<div class=\"wp-block-column is-layout-flow\">\n<figure class=\"wp-block-image size-large\"><a href=\"https:\/\/www.ifbaiano.edu.br\/unidades\/bonfim\/files\/2026\/01\/3429-DSC_0595.webp\"><img decoding=\"async\" loading=\"lazy\" width=\"1024\" height=\"683\" src=\"https:\/\/www.ifbaiano.edu.br\/unidades\/bonfim\/files\/2026\/01\/3429-DSC_0595-1024x683.webp\" alt=\"\" class=\"wp-image-23285\" srcset=\"https:\/\/www.ifbaiano.edu.br\/unidades\/bonfim\/files\/2026\/01\/3429-DSC_0595-1024x683.webp 1024w, https:\/\/www.ifbaiano.edu.br\/unidades\/bonfim\/files\/2026\/01\/3429-DSC_0595-300x200.webp 300w, https:\/\/www.ifbaiano.edu.br\/unidades\/bonfim\/files\/2026\/01\/3429-DSC_0595-768x512.webp 768w, https:\/\/www.ifbaiano.edu.br\/unidades\/bonfim\/files\/2026\/01\/3429-DSC_0595-1536x1024.webp 1536w, https:\/\/www.ifbaiano.edu.br\/unidades\/bonfim\/files\/2026\/01\/3429-DSC_0595-100x67.webp 100w, https:\/\/www.ifbaiano.edu.br\/unidades\/bonfim\/files\/2026\/01\/3429-DSC_0595.webp 1620w\" sizes=\"(max-width: 1024px) 100vw, 1024px\" \/><\/a><\/figure>\n<\/div>\n<\/div>\n\n\n\n<div class=\"wp-block-columns is-layout-flex wp-container-9\">\n<div class=\"wp-block-column is-layout-flow\">\n<figure class=\"wp-block-image size-full\"><a href=\"https:\/\/www.ifbaiano.edu.br\/unidades\/bonfim\/files\/2026\/01\/3402-DSC_0536.webp\"><img decoding=\"async\" loading=\"lazy\" width=\"1620\" height=\"1080\" src=\"https:\/\/www.ifbaiano.edu.br\/unidades\/bonfim\/files\/2026\/01\/3402-DSC_0536.webp\" alt=\"\" class=\"wp-image-23280\" srcset=\"https:\/\/www.ifbaiano.edu.br\/unidades\/bonfim\/files\/2026\/01\/3402-DSC_0536.webp 1620w, https:\/\/www.ifbaiano.edu.br\/unidades\/bonfim\/files\/2026\/01\/3402-DSC_0536-300x200.webp 300w, https:\/\/www.ifbaiano.edu.br\/unidades\/bonfim\/files\/2026\/01\/3402-DSC_0536-1024x683.webp 1024w, https:\/\/www.ifbaiano.edu.br\/unidades\/bonfim\/files\/2026\/01\/3402-DSC_0536-768x512.webp 768w, https:\/\/www.ifbaiano.edu.br\/unidades\/bonfim\/files\/2026\/01\/3402-DSC_0536-1536x1024.webp 1536w, https:\/\/www.ifbaiano.edu.br\/unidades\/bonfim\/files\/2026\/01\/3402-DSC_0536-100x67.webp 100w\" sizes=\"(max-width: 1620px) 100vw, 1620px\" \/><\/a><\/figure>\n<\/div>\n\n\n\n<div class=\"wp-block-column is-layout-flow\">\n<figure class=\"wp-block-image size-full\"><a href=\"https:\/\/www.ifbaiano.edu.br\/unidades\/bonfim\/files\/2026\/01\/2124-DSC_0535-editado.webp\"><img decoding=\"async\" loading=\"lazy\" width=\"1620\" height=\"1080\" src=\"https:\/\/www.ifbaiano.edu.br\/unidades\/bonfim\/files\/2026\/01\/2124-DSC_0535-editado.webp\" alt=\"\" class=\"wp-image-23295\" srcset=\"https:\/\/www.ifbaiano.edu.br\/unidades\/bonfim\/files\/2026\/01\/2124-DSC_0535-editado.webp 1620w, https:\/\/www.ifbaiano.edu.br\/unidades\/bonfim\/files\/2026\/01\/2124-DSC_0535-editado-300x200.webp 300w, https:\/\/www.ifbaiano.edu.br\/unidades\/bonfim\/files\/2026\/01\/2124-DSC_0535-editado-1024x683.webp 1024w, https:\/\/www.ifbaiano.edu.br\/unidades\/bonfim\/files\/2026\/01\/2124-DSC_0535-editado-768x512.webp 768w, https:\/\/www.ifbaiano.edu.br\/unidades\/bonfim\/files\/2026\/01\/2124-DSC_0535-editado-1536x1024.webp 1536w, https:\/\/www.ifbaiano.edu.br\/unidades\/bonfim\/files\/2026\/01\/2124-DSC_0535-editado-100x67.webp 100w\" sizes=\"(max-width: 1620px) 100vw, 1620px\" \/><\/a><\/figure>\n<\/div>\n<\/div>\n\n\n\n<p>Nesta 2\u00aa edi\u00e7\u00e3o, foram contempladas 25 alunas. Durante a vig\u00eancia do curso (3 meses), as estudantes ganhar\u00e3o uma bolsa forma\u00e7\u00e3o de 250 (duzentos e cinquenta) reais, recursos provindos diretamente do Governo Federal.<\/p>\n\n\n\n<div class=\"wp-block-group is-layout-constrained\"><div class=\"wp-block-group__inner-container\">\n<div class=\"wp-block-columns is-layout-flex wp-container-14\">\n<div class=\"wp-block-column is-layout-flow\" style=\"flex-basis:100%\">\n<div class=\"wp-block-columns is-layout-flex wp-container-12\">\n<div class=\"wp-block-column is-layout-flow\" style=\"flex-basis:50%\">\n<figure class=\"wp-block-image size-full\"><a href=\"https:\/\/www.ifbaiano.edu.br\/unidades\/bonfim\/files\/2026\/01\/3407-DSC_0538.webp\"><img decoding=\"async\" loading=\"lazy\" width=\"1620\" height=\"1080\" src=\"https:\/\/www.ifbaiano.edu.br\/unidades\/bonfim\/files\/2026\/01\/3407-DSC_0538.webp\" alt=\"\" class=\"wp-image-23281\" srcset=\"https:\/\/www.ifbaiano.edu.br\/unidades\/bonfim\/files\/2026\/01\/3407-DSC_0538.webp 1620w, https:\/\/www.ifbaiano.edu.br\/unidades\/bonfim\/files\/2026\/01\/3407-DSC_0538-300x200.webp 300w, https:\/\/www.ifbaiano.edu.br\/unidades\/bonfim\/files\/2026\/01\/3407-DSC_0538-1024x683.webp 1024w, https:\/\/www.ifbaiano.edu.br\/unidades\/bonfim\/files\/2026\/01\/3407-DSC_0538-768x512.webp 768w, https:\/\/www.ifbaiano.edu.br\/unidades\/bonfim\/files\/2026\/01\/3407-DSC_0538-1536x1024.webp 1536w, https:\/\/www.ifbaiano.edu.br\/unidades\/bonfim\/files\/2026\/01\/3407-DSC_0538-100x67.webp 100w\" sizes=\"(max-width: 1620px) 100vw, 1620px\" \/><\/a><\/figure>\n<\/div>\n\n\n\n<div class=\"wp-block-column is-layout-flow\" style=\"flex-basis:50%\">\n<figure class=\"wp-block-image size-large\"><a href=\"https:\/\/www.ifbaiano.edu.br\/unidades\/bonfim\/files\/2026\/01\/3384-DSC_0516.webp\"><img decoding=\"async\" loading=\"lazy\" width=\"1024\" height=\"683\" src=\"https:\/\/www.ifbaiano.edu.br\/unidades\/bonfim\/files\/2026\/01\/3384-DSC_0516-1024x683.webp\" alt=\"\" class=\"wp-image-23277\" srcset=\"https:\/\/www.ifbaiano.edu.br\/unidades\/bonfim\/files\/2026\/01\/3384-DSC_0516-1024x683.webp 1024w, https:\/\/www.ifbaiano.edu.br\/unidades\/bonfim\/files\/2026\/01\/3384-DSC_0516-300x200.webp 300w, https:\/\/www.ifbaiano.edu.br\/unidades\/bonfim\/files\/2026\/01\/3384-DSC_0516-768x512.webp 768w, https:\/\/www.ifbaiano.edu.br\/unidades\/bonfim\/files\/2026\/01\/3384-DSC_0516-1536x1024.webp 1536w, https:\/\/www.ifbaiano.edu.br\/unidades\/bonfim\/files\/2026\/01\/3384-DSC_0516-100x67.webp 100w, https:\/\/www.ifbaiano.edu.br\/unidades\/bonfim\/files\/2026\/01\/3384-DSC_0516.webp 1620w\" sizes=\"(max-width: 1024px) 100vw, 1024px\" \/><\/a><\/figure>\n<\/div>\n<\/div>\n<\/div>\n<\/div>\n<\/div><\/div>\n\n\n\n<p>Na matriz curricular, constam as disciplinas Higiene e Manipula\u00e7\u00e3o de Alimentos; Tecnologia e Processo de Fabrica\u00e7\u00e3o de Salgados \u2013 P\u00e3es e Pizzas e Salgados de Forno, Fritos, FIT e Sequilhos, al\u00e9m de disciplinas como Empreendedorismo, Cidadania, Rela\u00e7\u00f5es Humanas e Direitos das Mulheres; Matem\u00e1tica Aplicada; Portugu\u00eas Aplicado &#8211; Leitura e Produ\u00e7\u00e3o de Texto e No\u00e7\u00f5es de Marketing Digital.<\/p>\n\n\n\n<div class=\"wp-block-group is-layout-constrained\"><div class=\"wp-block-group__inner-container\">\n<div class=\"wp-block-columns is-layout-flex wp-container-21\">\n<div class=\"wp-block-column is-layout-flow\">\n<div class=\"wp-block-columns is-layout-flex wp-container-19\">\n<div class=\"wp-block-column is-layout-flow\" style=\"flex-basis:33.34%\">\n<figure class=\"wp-block-image size-large\"><a href=\"https:\/\/www.ifbaiano.edu.br\/unidades\/bonfim\/files\/2026\/01\/3444-DSC_0625.webp\"><img decoding=\"async\" loading=\"lazy\" width=\"1024\" height=\"683\" src=\"https:\/\/www.ifbaiano.edu.br\/unidades\/bonfim\/files\/2026\/01\/3444-DSC_0625-1024x683.webp\" alt=\"\" class=\"wp-image-23288\" srcset=\"https:\/\/www.ifbaiano.edu.br\/unidades\/bonfim\/files\/2026\/01\/3444-DSC_0625-1024x683.webp 1024w, https:\/\/www.ifbaiano.edu.br\/unidades\/bonfim\/files\/2026\/01\/3444-DSC_0625-300x200.webp 300w, https:\/\/www.ifbaiano.edu.br\/unidades\/bonfim\/files\/2026\/01\/3444-DSC_0625-768x512.webp 768w, https:\/\/www.ifbaiano.edu.br\/unidades\/bonfim\/files\/2026\/01\/3444-DSC_0625-1536x1024.webp 1536w, https:\/\/www.ifbaiano.edu.br\/unidades\/bonfim\/files\/2026\/01\/3444-DSC_0625-100x67.webp 100w, https:\/\/www.ifbaiano.edu.br\/unidades\/bonfim\/files\/2026\/01\/3444-DSC_0625.webp 1620w\" sizes=\"(max-width: 1024px) 100vw, 1024px\" \/><\/a><\/figure>\n<\/div>\n\n\n\n<div class=\"wp-block-column is-layout-flow\" style=\"flex-basis:33.34%\">\n<figure class=\"wp-block-image size-large\"><a href=\"https:\/\/www.ifbaiano.edu.br\/unidades\/bonfim\/files\/2026\/01\/3419-DSC_0579.webp\"><img decoding=\"async\" loading=\"lazy\" width=\"1024\" height=\"683\" src=\"https:\/\/www.ifbaiano.edu.br\/unidades\/bonfim\/files\/2026\/01\/3419-DSC_0579-1024x683.webp\" alt=\"\" class=\"wp-image-23283\" srcset=\"https:\/\/www.ifbaiano.edu.br\/unidades\/bonfim\/files\/2026\/01\/3419-DSC_0579-1024x683.webp 1024w, https:\/\/www.ifbaiano.edu.br\/unidades\/bonfim\/files\/2026\/01\/3419-DSC_0579-300x200.webp 300w, https:\/\/www.ifbaiano.edu.br\/unidades\/bonfim\/files\/2026\/01\/3419-DSC_0579-768x512.webp 768w, https:\/\/www.ifbaiano.edu.br\/unidades\/bonfim\/files\/2026\/01\/3419-DSC_0579-1536x1024.webp 1536w, https:\/\/www.ifbaiano.edu.br\/unidades\/bonfim\/files\/2026\/01\/3419-DSC_0579-100x67.webp 100w, https:\/\/www.ifbaiano.edu.br\/unidades\/bonfim\/files\/2026\/01\/3419-DSC_0579.webp 1620w\" sizes=\"(max-width: 1024px) 100vw, 1024px\" \/><\/a><\/figure>\n<\/div>\n\n\n\n<div class=\"wp-block-column is-layout-flow\" style=\"flex-basis:33.33%\">\n<figure class=\"wp-block-image size-large\"><a href=\"https:\/\/www.ifbaiano.edu.br\/unidades\/bonfim\/files\/2026\/01\/3449-DSC_0636.webp\"><img decoding=\"async\" loading=\"lazy\" width=\"1024\" height=\"683\" src=\"https:\/\/www.ifbaiano.edu.br\/unidades\/bonfim\/files\/2026\/01\/3449-DSC_0636-1024x683.webp\" alt=\"\" class=\"wp-image-23289\" srcset=\"https:\/\/www.ifbaiano.edu.br\/unidades\/bonfim\/files\/2026\/01\/3449-DSC_0636-1024x683.webp 1024w, https:\/\/www.ifbaiano.edu.br\/unidades\/bonfim\/files\/2026\/01\/3449-DSC_0636-300x200.webp 300w, https:\/\/www.ifbaiano.edu.br\/unidades\/bonfim\/files\/2026\/01\/3449-DSC_0636-768x512.webp 768w, https:\/\/www.ifbaiano.edu.br\/unidades\/bonfim\/files\/2026\/01\/3449-DSC_0636-1536x1024.webp 1536w, https:\/\/www.ifbaiano.edu.br\/unidades\/bonfim\/files\/2026\/01\/3449-DSC_0636-100x67.webp 100w, https:\/\/www.ifbaiano.edu.br\/unidades\/bonfim\/files\/2026\/01\/3449-DSC_0636.webp 1620w\" sizes=\"(max-width: 1024px) 100vw, 1024px\" \/><\/a><\/figure>\n<\/div>\n<\/div>\n<\/div>\n<\/div>\n<\/div><\/div>\n\n\n\n<div class=\"wp-block-columns is-layout-flex wp-container-26\">\n<div class=\"wp-block-column is-layout-flow\" style=\"flex-basis:33.34%\">\n<figure class=\"wp-block-image size-large\"><a href=\"https:\/\/www.ifbaiano.edu.br\/unidades\/bonfim\/files\/2026\/01\/3434-DSC_0599.webp\"><img decoding=\"async\" loading=\"lazy\" width=\"1024\" height=\"683\" src=\"https:\/\/www.ifbaiano.edu.br\/unidades\/bonfim\/files\/2026\/01\/3434-DSC_0599-1024x683.webp\" alt=\"\" class=\"wp-image-23286\" srcset=\"https:\/\/www.ifbaiano.edu.br\/unidades\/bonfim\/files\/2026\/01\/3434-DSC_0599-1024x683.webp 1024w, https:\/\/www.ifbaiano.edu.br\/unidades\/bonfim\/files\/2026\/01\/3434-DSC_0599-300x200.webp 300w, https:\/\/www.ifbaiano.edu.br\/unidades\/bonfim\/files\/2026\/01\/3434-DSC_0599-768x512.webp 768w, https:\/\/www.ifbaiano.edu.br\/unidades\/bonfim\/files\/2026\/01\/3434-DSC_0599-1536x1024.webp 1536w, https:\/\/www.ifbaiano.edu.br\/unidades\/bonfim\/files\/2026\/01\/3434-DSC_0599-100x67.webp 100w, https:\/\/www.ifbaiano.edu.br\/unidades\/bonfim\/files\/2026\/01\/3434-DSC_0599.webp 1620w\" sizes=\"(max-width: 1024px) 100vw, 1024px\" \/><\/a><\/figure>\n<\/div>\n\n\n\n<div class=\"wp-block-column is-layout-flow\" style=\"flex-basis:33.34%\">\n<figure class=\"wp-block-image size-large\"><a href=\"https:\/\/www.ifbaiano.edu.br\/unidades\/bonfim\/files\/2026\/01\/3439-DSC_0616.webp\"><img decoding=\"async\" loading=\"lazy\" width=\"1024\" height=\"683\" src=\"https:\/\/www.ifbaiano.edu.br\/unidades\/bonfim\/files\/2026\/01\/3439-DSC_0616-1024x683.webp\" alt=\"\" class=\"wp-image-23287\" srcset=\"https:\/\/www.ifbaiano.edu.br\/unidades\/bonfim\/files\/2026\/01\/3439-DSC_0616-1024x683.webp 1024w, https:\/\/www.ifbaiano.edu.br\/unidades\/bonfim\/files\/2026\/01\/3439-DSC_0616-300x200.webp 300w, https:\/\/www.ifbaiano.edu.br\/unidades\/bonfim\/files\/2026\/01\/3439-DSC_0616-768x512.webp 768w, https:\/\/www.ifbaiano.edu.br\/unidades\/bonfim\/files\/2026\/01\/3439-DSC_0616-1536x1024.webp 1536w, https:\/\/www.ifbaiano.edu.br\/unidades\/bonfim\/files\/2026\/01\/3439-DSC_0616-100x67.webp 100w, https:\/\/www.ifbaiano.edu.br\/unidades\/bonfim\/files\/2026\/01\/3439-DSC_0616.webp 1620w\" sizes=\"(max-width: 1024px) 100vw, 1024px\" \/><\/a><\/figure>\n<\/div>\n\n\n\n<div class=\"wp-block-column is-layout-flow\" style=\"flex-basis:33.33%\">\n<figure class=\"wp-block-image size-large\"><a href=\"https:\/\/www.ifbaiano.edu.br\/unidades\/bonfim\/files\/2026\/01\/3455-DSC_0648.webp\"><img decoding=\"async\" loading=\"lazy\" width=\"1024\" height=\"683\" src=\"https:\/\/www.ifbaiano.edu.br\/unidades\/bonfim\/files\/2026\/01\/3455-DSC_0648-1024x683.webp\" alt=\"\" class=\"wp-image-23290\" srcset=\"https:\/\/www.ifbaiano.edu.br\/unidades\/bonfim\/files\/2026\/01\/3455-DSC_0648-1024x683.webp 1024w, https:\/\/www.ifbaiano.edu.br\/unidades\/bonfim\/files\/2026\/01\/3455-DSC_0648-300x200.webp 300w, https:\/\/www.ifbaiano.edu.br\/unidades\/bonfim\/files\/2026\/01\/3455-DSC_0648-768x512.webp 768w, https:\/\/www.ifbaiano.edu.br\/unidades\/bonfim\/files\/2026\/01\/3455-DSC_0648-1536x1024.webp 1536w, https:\/\/www.ifbaiano.edu.br\/unidades\/bonfim\/files\/2026\/01\/3455-DSC_0648-100x67.webp 100w, https:\/\/www.ifbaiano.edu.br\/unidades\/bonfim\/files\/2026\/01\/3455-DSC_0648.webp 1620w\" sizes=\"(max-width: 1024px) 100vw, 1024px\" \/><\/a><\/figure>\n<\/div>\n<\/div>\n\n\n\n<p><\/p>\n\n\n\n<p><\/p>\n","protected":false},"excerpt":{"rendered":"<p>Na noite de 19 de janeiro, aconteceu a aula inaugural da 2\u00aa turma do curso de Salgadeira, no audit\u00f3rio do IF Baiano &#8211; Campus Senhor do Bonfim. A solenidade de abertura foi presidida pela professora Calila Teixeira (ex-coordenadora do programa). Al\u00e9m das alunas, estiveram presentes a professora Lilian Teixeira &#8211; diretora de Ensino, representando o [&hellip;]<\/p>\n","protected":false},"author":110,"featured_media":23286,"comment_status":"open","ping_status":"open","sticky":false,"template":"","format":"standard","meta":[],"categories":[13,5,38],"tags":[],"_links":{"self":[{"href":"https:\/\/www.ifbaiano.edu.br\/unidades\/bonfim\/wp-json\/wp\/v2\/posts\/23272"}],"collection":[{"href":"https:\/\/www.ifbaiano.edu.br\/unidades\/bonfim\/wp-json\/wp\/v2\/posts"}],"about":[{"href":"https:\/\/www.ifbaiano.edu.br\/unidades\/bonfim\/wp-json\/wp\/v2\/types\/post"}],"author":[{"embeddable":true,"href":"https:\/\/www.ifbaiano.edu.br\/unidades\/bonfim\/wp-json\/wp\/v2\/users\/110"}],"replies":[{"embeddable":true,"href":"https:\/\/www.ifbaiano.edu.br\/unidades\/bonfim\/wp-json\/wp\/v2\/comments?post=23272"}],"version-history":[{"count":3,"href":"https:\/\/www.ifbaiano.edu.br\/unidades\/bonfim\/wp-json\/wp\/v2\/posts\/23272\/revisions"}],"predecessor-version":[{"id":23304,"href":"https:\/\/www.ifbaiano.edu.br\/unidades\/bonfim\/wp-json\/wp\/v2\/posts\/23272\/revisions\/23304"}],"wp:featuredmedia":[{"embeddable":true,"href":"https:\/\/www.ifbaiano.edu.br\/unidades\/bonfim\/wp-json\/wp\/v2\/media\/23286"}],"wp:attachment":[{"href":"https:\/\/www.ifbaiano.edu.br\/unidades\/bonfim\/wp-json\/wp\/v2\/media?parent=23272"}],"wp:term":[{"taxonomy":"category","embeddable":true,"href":"https:\/\/www.ifbaiano.edu.br\/unidades\/bonfim\/wp-json\/wp\/v2\/categories?post=23272"},{"taxonomy":"post_tag","embeddable":true,"href":"https:\/\/www.ifbaiano.edu.br\/unidades\/bonfim\/wp-json\/wp\/v2\/tags?post=23272"}],"curies":[{"name":"wp","href":"https:\/\/api.w.org\/{rel}","templated":true}]}}