{"id":24637,"date":"2025-02-26T16:56:50","date_gmt":"2025-02-26T19:56:50","guid":{"rendered":"https:\/\/www.ifbaiano.edu.br\/unidades\/catu\/?p=24637"},"modified":"2025-02-26T17:03:23","modified_gmt":"2025-02-26T20:03:23","slug":"atencao-lancamento-dos-editais-de-processos-seletivos-do-campus-catu","status":"publish","type":"post","link":"https:\/\/www.ifbaiano.edu.br\/unidades\/catu\/2025\/02\/26\/atencao-lancamento-dos-editais-de-processos-seletivos-do-campus-catu\/","title":{"rendered":"ATEN\u00c7\u00c3O &#8211; 4\u00ba QUARTA CHAMADA &#8211; MATR\u00cdCULA DOS CURSOS INTEGRADOS"},"content":{"rendered":"\n<p>A lista com os nomes dos classificados para a matr\u00edcula est\u00e1 dispon\u00edvel no edital. Para facilitar, tamb\u00e9m disponibilizamos a lista logo abaixo do edital de matr\u00edcula para consulta.<br><br>OB.: <a rel=\"noreferrer noopener\" href=\"https:\/\/www.ifbaiano.edu.br\/unidades\/catu\/files\/2025\/02\/4o-Quarta-Chamada-\u2013-Matricula-dos-Cursos-Integrados.pdf\" target=\"_blank\">4\u00ba QUARTA CHAMADA \u2013 MATR\u00cdCULA DOS CURSOS INTEGRADOS<\/a><br><a href=\"https:\/\/www.ifbaiano.edu.br\/unidades\/catu\/files\/2025\/02\/Lista-classificadosas-para-matricula-na-4o-chamada.pdf\" target=\"_blank\" rel=\"noreferrer noopener\">Lista classificados(as) para matr\u00edcula na 4\u00ba chamada<\/a><\/p>\n\n\n\n<p class=\"has-vivid-cyan-blue-color has-text-color\">OBS.: <a rel=\"noreferrer noopener\" href=\"https:\/\/www.ifbaiano.edu.br\/unidades\/catu\/files\/2025\/01\/3o-SEGUNDA-CHAMADA-MATRICULA-DOS-CUROS-INTEGRADOS.pdf\" target=\"_blank\">3\u00ba TERCEIRA CHAMADA &#8211; MATR\u00cdCULA DOS CURSOS INTEGRADOS <\/a><br><a rel=\"noreferrer noopener\" href=\"https:\/\/www.ifbaiano.edu.br\/unidades\/catu\/files\/2025\/01\/Lista-convocacao-para-3a-chamada.pdf\" target=\"_blank\">Lista classificados(as) para matr\u00edcula na 3\u00ba chamada<\/a> <\/p>\n\n\n\n<p><strong>OBS.:<\/strong> <a rel=\"noreferrer noopener\" href=\"https:\/\/www.ifbaiano.edu.br\/unidades\/catu\/files\/2025\/01\/2o-SEGUNDA-CHAMADA-MATRICULA-DOS-CUROS-INTEGRADOS.pdf\" target=\"_blank\"><strong>2\u00ba SEGUNDA CHAMADA &#8211; MATR\u00cdCULA DOS CUROS INTEGRADOS<\/strong><\/a><\/p>\n\n\n\n<p><strong><a rel=\"noreferrer noopener\" href=\"https:\/\/www.ifbaiano.edu.br\/unidades\/catu\/files\/2025\/01\/Lista-convocacao-para-2a-chamada.pdf\" target=\"_blank\">Lista classificados (as) para  matr\u00edcula na 2\u00aa chamada<\/a><\/strong><\/p>\n\n\n\n<hr class=\"wp-block-separator has-alpha-channel-opacity\" \/>\n\n\n\n<p><strong>OBS.:<\/strong> <strong><em><a rel=\"noreferrer noopener\" href=\"https:\/\/www.ifbaiano.edu.br\/unidades\/catu\/files\/2025\/01\/1o-PRIMEIRA-CHAMADA-MATRICULA.pdf\" target=\"_blank\">EDITAL DE MATR\u00cdCULA REFERENTE AO EDITAL N\u00ba 29\/2024<\/a><\/em><\/strong><\/p>\n\n\n\n<p><strong>OBS.:<\/strong> <strong><em><a rel=\"noreferrer noopener\" href=\"https:\/\/www.ifbaiano.edu.br\/unidades\/catu\/files\/2025\/01\/1o-PRIMEIRA-CHAMADA-MATRICULA-SUBSEQUENTE.pdf\" target=\"_blank\">EDITAL DE MATR\u00cdCULA REFERENTE AO EDITAL N\u00ba 30\/2024 E N\u00ba 31\/2025<\/a><\/em><\/strong><\/p>\n\n\n\n<p><strong>OBS.:<\/strong> <strong><em><a rel=\"noreferrer noopener\" href=\"https:\/\/www.ifbaiano.edu.br\/unidades\/catu\/files\/2025\/01\/1o-PRIMEIRA-CHAMADA-MATRICULA-TECNICO-EM-GASTRONOMIA-EJA-EPT.pdf\" target=\"_blank\">EDITAL DE MATR\u00cdCULA REFERENTE AO EDITAL N\u00ba 32\/2024 E N\u00ba 33\/2025<\/a><\/em><\/strong><\/p>\n\n\n\n<p class=\"has-luminous-vivid-amber-background-color has-background\">\ud83e\uddd2\ud83c\udffd<strong>RESULTADO DOS RECURSOS  CONTRA A BANCA DE HETEROIDENTIFICA\u00c7\u00c3O  \u00c9TINICO-RACIAL<\/strong>\ud83e\uddd2\ud83c\udffe<\/p>\n\n\n\n<p class=\"has-text-align-center\"><a href=\"https:\/\/www.ifbaiano.edu.br\/unidades\/catu\/files\/2025\/01\/Resultado-dos-recursos-contra-a-banca-de-heteroidentificacao-etnico-racial.pdf\" target=\"_blank\" rel=\"noreferrer noopener\">Resultado dos recursos contra a banca de heteroidentifica\u00e7\u00e3o \u00e9tnico-racial<br><\/a><\/p>\n\n\n\n<p>\ud83e\uddd2\ud83c\udffc\ud83e\uddd2\ud83c\udffd<strong>RESULTADO PRELIMINAR DA VERIFICA\u00c7\u00c3O DA AUTODECLARA\u00c7\u00c3O \u00c9TINICO-RACIAL<\/strong>\ud83e\uddd2\ud83c\udffe\ud83e\uddd2\ud83c\udfff<\/p>\n\n\n\n<p class=\"has-text-align-center\"><a href=\"https:\/\/www.ifbaiano.edu.br\/unidades\/catu\/files\/2024\/12\/Resultado-preliminar-das-bancas-de-Heteroidentificacao-dos-processos-seletivos-2024-e-2025.pdf\" target=\"_blank\" rel=\"noreferrer noopener\">Resultado preliminar das bancas de Heteroidentifica\u00e7\u00e3o dos processos seletivos 2024 e 2025<\/a><\/p>\n\n\n\n<p class=\"has-text-align-center\"><strong>CONVOCA\u00c7\u00c3O DOS(AS) CANDIDATOS(AS) PARA AS BANCAS DE VERIFICA\u00c7\u00c3O DA AUTODECLARA\u00c7\u00c3O \u00c9TNICO-RACIAL<\/strong><\/p>\n\n\n\n<p><strong>EDITAL N\u00ba 29\/2024 &#8211; Divulga\u00e7\u00e3o do resultado dos recursos contra a an\u00e1lise do Hist\u00f3rico escolar<br>EDITAIS N\u00ba 30\/2024, 31\/2024, 32\/2024 e 33\/2024 &#8211; Resultado dos recursos e homologa\u00e7\u00e3o das inscri\u00e7\u00f5es<\/strong> <br>\ud83e\uddd2\ud83c\udffb<strong>Convoca\u00e7\u00e3o dos(as) Candidatos(as) para as Bancas de Verifica\u00e7\u00e3o da Auto declara\u00e7\u00e3o \u00c9tnico-racial<\/strong><\/p>\n\n\n\n<p class=\"has-text-align-center\">\ud83e\uddd2\ud83c\udffc\ud83e\uddd2\ud83c\udffd<a rel=\"noreferrer noopener\" href=\"https:\/\/www.ifbaiano.edu.br\/unidades\/catu\/files\/2024\/12\/CONVOCACAO-PARA-AS-BANCAS-DE-HETEROIDENTIFICACAO-Todos-os-Editais.pdf\" target=\"_blank\">CONVOCA\u00c7\u00c3O PARA AS BANCAS DE HETEROIDENTIFICA\u00c7\u00c3O &#8211; Todos os Editais<\/a> \ud83e\uddd2\ud83c\udffe\ud83e\uddd2\ud83c\udfff<br><br><strong>RETIFICA\u00c7\u00c3O DO CRONOGRAMA DOS EDITAIS DE PROCESSOS SELETIVOS DO CAMPUS CATU<\/strong><\/p>\n\n\n\n<p>OBS.: <mark style=\"background-color:#fcb900\" class=\"has-inline-color\">As inscri\u00e7\u00f5es dos Editais n\u00ba 30\/2024, 31\/2024, 32\/2024 e 33\/2024 foram prorrogadas.<\/mark><br>1. Prorroga\u00e7\u00e3o das inscri\u00e7\u00f5es, at\u00e9&nbsp;06 de dezembro&nbsp;de 2024;<br>2. Aceita\u00e7\u00e3o de declara\u00e7\u00e3o de conclus\u00e3o em andamento do ensino fundamental II ou do ensino m\u00e9dio, no que concerne a cada uma das modalidades de oferta.<br><br><mark style=\"background-color:#fcb900\" class=\"has-inline-color\">OBS.: Foi prorrogado as inscri\u00e7\u00f5es do Edital 29\/2024 (<strong>Curso T\u00e9cnico de N\u00edvel M\u00e9dio<\/strong>): <br>Inscri\u00e7\u00f5es prorrogadas at\u00e9 o dia <strong>29\/11\/2024 <\/strong><br>Altera\u00e7\u00e3o de Cronograma <br>Altera\u00e7\u00e3o o Item (6 DA DOCUMENTA\u00c7\u00c3O COMPROBAT\u00d3RIA PARA A INSCRI\u00c7\u00c3O): <\/mark><\/p>\n\n\n\n<p>Novo Texto : <\/p>\n\n\n\n<p><mark style=\"background-color:#fcb900\" class=\"has-inline-color\">6.14 Para a homologa\u00e7\u00e3o da inscri\u00e7\u00e3o no processo seletivo regido por este Edital, o(a) candidato(a) dever\u00e1 anexar, obrigatoriamente, a documenta\u00e7\u00e3o exigida, leg\u00edvel, sem cortes, em formato PDF (<strong>PREFERENCIALMENTE<\/strong>), dentro do per\u00edodo de inscri\u00e7\u00e3o informado no cronograma (Quadro 1) do Edital.<\/mark><\/p>\n\n\n\n<p class=\"has-small-font-size\">A DIRETORA GERAL DO INSTITUTO FEDERAL DE EDUCA\u00c7\u00c3O, CI\u00caNCIA E TECNOLOGIA BAIANO (IF BAIANO) CAMPUS Catu, no uso de suas atribui\u00e7\u00f5es delegadas pela Portaria n\u00ba 276 de 18 de mar\u00e7o de 2022, publicada no Di\u00e1rio Oficial da Uni\u00e3o do dia 21 de mar\u00e7o de 2022, Se\u00e7\u00e3o 2, p\u00e1gina 26, e de acordo com as disposi\u00e7\u00f5es con4das na Lei n\u00ba 11.892, de 29 de dezembro de 2008; e na Lei n\u00ba 8.112, de 11 de dezembro de 1990; em conformidade com a Lei n\u00ba 9.394, de 20 de dezembro de 1996, e suas altera\u00e7\u00f5es; e, ainda, considerando a Resolu\u00e7\u00e3o do Conselho Pleno do Conselho Nacional de Educa\u00e7\u00e3o (CNE\/CP) n\u00ba 04, de 17 de dezembro de 2018; o Decreto n\u00ba 11.016, de 29 de mar\u00e7o de 2022; a Lei n\u00ba 8.666, de 21 de junho de 1993; o Decreto n\u00ba 3.298, de 20 de dezembro de 1999; a Lei n\u00ba 12.764, de 27 de dezembro de 2012; a Lei n\u00ba 12.711, de 29 de agosto de 2012, e suas regulamenta\u00e7\u00f5es; a Lei n\u00ba 10.741, de 1\u00ba de outubro de 2003; a Lei n\u00ba 13.409, de 28 de dezembro de 2016; o Decreto n\u00ba 7.824, de 11 de outubro de 2012; e a Portaria do Minist\u00e9rio da Educa\u00e7\u00e3o (MEC) n\u00ba 18, de 11 de outubro de 2012, e suas altera\u00e7\u00f5es, observando o disposto na Resolu\u00e7\u00e3o N\u00ba 153\/2021-OS-CONSUP\/IFBAIANO, de 18 de agosto de 2021, na Instru\u00e7\u00e3o Norma4va 67\/2023 &#8211; RET-GAB\/RET\/IFBAIANO, de 13 de setembro de 2023, n a Portaria Norma4va 19\/2023 &#8211; RET-GAB\/RET\/IFBAIANO, de 21 de setembro de 2023 e na legisla\u00e7\u00e3o concernente, torna p\u00fablica a abertura de inscri\u00e7\u00f5es para o processo de ingresso de estudantes:<\/p>\n\n\n<div class=\"wp-block-image\">\n<figure class=\"aligncenter size-full is-resized\"><img decoding=\"async\" loading=\"lazy\" src=\"https:\/\/www.ifbaiano.edu.br\/unidades\/catu\/files\/2025\/01\/CARD-EDITAIS-DE-MATRICULA.jpg\" alt=\"\" class=\"wp-image-25208\" width=\"474\" height=\"474\" \/><\/figure><\/div>\n\n\n<p><strong>OBSERVA\u00c7\u00c3O: <\/strong><\/p>\n\n\n\n<p><em><mark style=\"background-color:#fcb900\" class=\"has-inline-color has-black-color\">Os editais dos cursos EJA e Subsequentes para os anos de 2024 e 2025 ter\u00e3o in\u00edcio das atividades em fevereiro de 2025. Assim, os(as) candidatos(as) podem inscrever-se em qualquer um dos editais vigentes.<\/mark><\/em><\/p>\n\n\n\n<figure class=\"wp-block-image size-full\"><img decoding=\"async\" loading=\"lazy\" width=\"2000\" height=\"667\" src=\"https:\/\/www.ifbaiano.edu.br\/unidades\/catu\/files\/2025\/01\/outdoor-catu-ingresso-aviso.jpg\" alt=\"\" class=\"wp-image-25193\" \/><\/figure>\n\n\n\n<hr class=\"wp-block-separator has-text-color has-vivid-purple-color has-alpha-channel-opacity has-vivid-purple-background-color has-background is-style-default\" \/>\n\n\n\n<div class=\"wp-block-pb-accordion-item c-accordion__item js-accordion-item no-js\" data-initially-open=\"false\" data-click-to-close=\"true\" data-auto-close=\"true\" data-scroll=\"false\" data-scroll-offset=\"0\"><h3 id=\"at-246370\" class=\"c-accordion__title js-accordion-controller\" role=\"button\">\ud83d\udcd4Edital n\u00ba 29\/2024 &#8211; Curso T\u00e9cnico de N\u00edvel M\u00e9dio<\/h3><div id=\"ac-246370\" class=\"c-accordion__content\">\n<p class=\"has-small-font-size\"><a href=\"https:\/\/www.ifbaiano.edu.br\/unidades\/catu\/files\/2025\/02\/4o-Quarta-Chamada-\u2013-Matricula-dos-Cursos-Integrados.pdf\" target=\"_blank\" rel=\"noreferrer noopener\">4\u00ba Quarta Chamada \u2013 Matr\u00edcula dos Cursos Integrados<\/a> &#8211; 26\/02\/25<br><a rel=\"noreferrer noopener\" href=\"https:\/\/www.ifbaiano.edu.br\/unidades\/catu\/files\/2025\/01\/3o-SEGUNDA-CHAMADA-MATRICULA-DOS-CUROS-INTEGRADOS.pdf\" target=\"_blank\">3\u00ba TERCEIRA CHAMADA &#8211; MATR\u00cdCULA DOS CUROS INTEGRADOS<\/a> &#8211; 20\/01\/25<br><a rel=\"noreferrer noopener\" href=\"https:\/\/www.ifbaiano.edu.br\/unidades\/catu\/files\/2025\/01\/Lista-convocacao-para-3a-chamada.pdf\" target=\"_blank\">Lista classificados(as) para matr\u00edcula na 3\u00ba chamada<\/a>  &#8211; 20\/01\/25<br><a rel=\"noreferrer noopener\" href=\"https:\/\/www.ifbaiano.edu.br\/unidades\/catu\/files\/2025\/01\/2o-SEGUNDA-CHAMADA-MATRICULA-DOS-CUROS-INTEGRADOS.pdf\" target=\"_blank\">2\u00ba SEGUNDA CHAMADA &#8211; MATR\u00cdCULA DOS CURSOS INTEGRADOS<\/a> &#8211; 14\/01\/25<br><strong><a rel=\"noreferrer noopener\" href=\"https:\/\/www.ifbaiano.edu.br\/unidades\/catu\/files\/2025\/01\/Lista-convocacao-para-2a-chamada.pdf\" target=\"_blank\">Lista classificados(as) para  matr\u00edcula na 2\u00aa chamada<\/a> <\/strong>&#8211; 14\/01\/25<br><a rel=\"noreferrer noopener\" href=\"https:\/\/www.ifbaiano.edu.br\/unidades\/catu\/files\/2025\/01\/1o-PRIMEIRA-CHAMADA-MATRICULA.pdf\" target=\"_blank\">1\u00ba PRIMEIRA CHAMADA &#8211; MATR\u00cdCULA N\u00cdVEL M\u00c9DIO<\/a> &#8211; 03\/01\/25<br><a rel=\"noreferrer noopener\" href=\"https:\/\/www.ifbaiano.edu.br\/unidades\/catu\/files\/2025\/01\/Edital-no-29-2024-Resultado-final-Quimica.pdf\" target=\"_blank\">Edital n\u00ba 29\/2024 &#8211; Resultado final &#8211; Qu\u00edmica<\/a> &#8211; 03\/01\/25<br><a rel=\"noreferrer noopener\" href=\"https:\/\/www.ifbaiano.edu.br\/unidades\/catu\/files\/2025\/01\/Edital-no-29-2024-Resultado-final-Alimentos.pdf\" target=\"_blank\">Edital n\u00ba 29\/2024 &#8211; Resultado final &#8211; Alimentos<\/a> &#8211; 03\/01\/25<br><a rel=\"noreferrer noopener\" href=\"https:\/\/www.ifbaiano.edu.br\/unidades\/catu\/files\/2025\/01\/Edital-no-29-2024-Resultado-final-Agropecuaria-1.pdf\" target=\"_blank\">Edital n\u00ba 29\/2024 &#8211; Resultado final &#8211; Agropecu\u00e1ria<\/a> &#8211; 03\/01\/25<br><a rel=\"noreferrer noopener\" href=\"https:\/\/www.ifbaiano.edu.br\/unidades\/catu\/files\/2024\/12\/Resultado-preliminar-das-bancas-de-Heteroidentificacao-dos-processos-seletivos-2024-e-2025.pdf\" target=\"_blank\">Resultado preliminar das bancas de Heteroidentifica\u00e7\u00e3o dos processos seletivos 2024 e 2025<\/a> &#8211; 20\/12\/24<br><a rel=\"noreferrer noopener\" href=\"https:\/\/www.ifbaiano.edu.br\/unidades\/catu\/files\/2024\/12\/Edital-no-29-2024-Resultado-dos-Recursos-Contra-a-Analise-do-Historico-Escolar-Alimentos.pdf\" target=\"_blank\">Edital n\u00ba 29\/2024 &#8211; Resultado dos Recursos Contra a An\u00e1lise do Hist\u00f3rico Escolar &#8211; Alimentos<\/a> &#8211; 13\/12\/24<br><a rel=\"noreferrer noopener\" href=\"https:\/\/www.ifbaiano.edu.br\/unidades\/catu\/files\/2024\/12\/Edital-no-29-2024-Resultado-dos-Recursos-Contra-a-Analise-do-Historico-Escolar-Agropecuaria.pdf\" target=\"_blank\">Edital n\u00ba 29\/2024 &#8211; Resultado dos Recursos Contra a An\u00e1lise do Hist\u00f3rico Escolar &#8211; Agropecu\u00e1ria<\/a> &#8211; 13\/12\/24<br><a rel=\"noreferrer noopener\" href=\"https:\/\/www.ifbaiano.edu.br\/unidades\/catu\/files\/2024\/12\/Edital-no-29-2024-Resultado-dos-Recursos-Contra-a-Analise-do-Historico-Escolar-Quimica.pdf\" target=\"_blank\">Edital n\u00ba 29\/024 &#8211; Resultado dos Recursos Contra a An\u00e1lise do Hist\u00f3rico Escolar &#8211; Qu\u00edmica<\/a> &#8211; 13\/12\/24<br><a rel=\"noreferrer noopener\" href=\"https:\/\/www.ifbaiano.edu.br\/unidades\/catu\/files\/2024\/12\/CONVOCACAO-PARA-AS-BANCAS-DE-HETEROIDENTIFICACAO-Todos-os-Editais.pdf\" target=\"_blank\">CONVOCA\u00c7\u00c3O PARA AS BANCAS DE HETEROIDENTIFICA\u00c7\u00c3O &#8211; Todos os Editais<\/a> &#8211; 13\/12\/24<br><br><a rel=\"noreferrer noopener\" href=\"https:\/\/www.ifbaiano.edu.br\/unidades\/catu\/files\/2024\/12\/Edital-no-29-2024-Analise-Preliminar-de-Historico-Escolar-Alimento.pdf\" target=\"_blank\">Edital n\u00ba 29\/2024 &#8211; An\u00e1lise Preliminar de Hist\u00f3rico Escolar &#8211; Alimentos<\/a> &#8211; 10\/12\/24<br><a rel=\"noreferrer noopener\" href=\"https:\/\/www.ifbaiano.edu.br\/unidades\/catu\/files\/2024\/12\/Edital-no-29-2024-Analise-Preliminar-de-Historico-Escolar-Agropecuaria.pdf\" target=\"_blank\">Edital n\u00ba 29-2024 &#8211; An\u00e1lise Preliminar de Hist\u00f3rico Escolar -Agropecu\u00e1ria<\/a> &#8211; 10\/12\/24<br><a rel=\"noreferrer noopener\" href=\"https:\/\/www.ifbaiano.edu.br\/unidades\/catu\/files\/2024\/12\/Eital-no-29-2024-Analise-Preliminar-de-Historico-Escolar-Quimica.pdf\" target=\"_blank\">Edital n\u00ba 29\/2024 &#8211; An\u00e1lise Preliminar de Hist\u00f3rico Escolar &#8211; Qu\u00edmica<\/a> &#8211; 10\/12\/24<br><br><a rel=\"noreferrer noopener\" href=\"https:\/\/www.ifbaiano.edu.br\/unidades\/catu\/files\/2024\/12\/Resultado-dos-Recursos-e-Homologacao-das-Inscricoes-Edital-29-2024-Alimentos.pdf\" target=\"_blank\">Resultado dos Recursos e Homologa\u00e7\u00e3o das Inscri\u00e7\u00f5es &#8211; Edital 29\/2024 &#8211; Alimentos<\/a> &#8211; 09\/12\/24<br><a rel=\"noreferrer noopener\" href=\"https:\/\/www.ifbaiano.edu.br\/unidades\/catu\/files\/2024\/12\/Resultado-dos-Recursos-e-Homologacao-das-Inscricoes-Edital-29-2024-Agropecuaria.pdf\" target=\"_blank\">Resultado dos Recursos e Homologa\u00e7\u00e3o das Inscri\u00e7\u00f5es &#8211; Edital 29\/2024 &#8211; Agropecu\u00e1ria<\/a> &#8211; 09\/12\/24<br><a rel=\"noreferrer noopener\" href=\"https:\/\/www.ifbaiano.edu.br\/unidades\/catu\/files\/2024\/12\/Resultado-dos-Recursos-e-Homologacao-das-Inscricoes-Edital-29-2024-Quimica.pdf\" target=\"_blank\">Resultado dos Recursos e Homologa\u00e7\u00e3o das Inscri\u00e7\u00f5es &#8211; Edital 29-2024 &#8211; Qu\u00edmica<\/a> &#8211; 09\/12\/24<br><br><a rel=\"noreferrer noopener\" href=\"https:\/\/www.ifbaiano.edu.br\/unidades\/catu\/files\/2024\/12\/Resultado-Preliminar-Edital-29-2024-Curso-Tecnico-de-Nivel-Medio-Alimentos.pdf\" target=\"_blank\">Resultado Preliminar &#8211; Edital 29\/2024 &#8211; Curso T\u00e9cnico de N\u00edvel M\u00e9dio &#8211; Alimentos<\/a><br><a rel=\"noreferrer noopener\" href=\"https:\/\/www.ifbaiano.edu.br\/unidades\/catu\/files\/2024\/12\/Resultado-Preliminar-Edital-29-2024-Curso-Tecnico-de-Nivel-Medio-Agropecuaria.pdf\" target=\"_blank\">Resultado Preliminar &#8211; Edital 29\/2024 &#8211; Curso T\u00e9cnico de N\u00edvel M\u00e9dio &#8211; Agropecu\u00e1ria<\/a><br><a rel=\"noreferrer noopener\" href=\"https:\/\/www.ifbaiano.edu.br\/unidades\/catu\/files\/2024\/12\/Resultado-Preliminar-Edital-29-2024-Curso-Tecnico-de-Nivel-Medio-Quimica.pdf\" target=\"_blank\">Resultado Preliminar &#8211; Edital 29\/2024 &#8211; Curso T\u00e9cnico de N\u00edvel M\u00e9dio &#8211; Qu\u00edmica<\/a><\/p>\n\n\n\n<p class=\"has-small-font-size\"><a rel=\"noreferrer noopener\" href=\"https:\/\/www.ifbaiano.edu.br\/unidades\/catu\/files\/2024\/11\/Retificacao-do-Edital-no-29-2024-Processo-seletivo-dos-cursos-tec.-Medio-na-forma-integrado-ao-ensino-medio.pdf\" target=\"_blank\">Retifica\u00e7\u00e3o do Edital n\u00ba 29\/2024 &#8211; Processo seletivo dos cursos t\u00e9c. M\u00e9dio na forma integrado ao ensino m\u00e9dio<\/a><br><br><strong><a rel=\"noreferrer noopener\" href=\"https:\/\/www.ifbaiano.edu.br\/unidades\/catu\/files\/2024\/10\/Edital-no-29-2024-CURSO-TECNICO-DE-NIVEL-MEDIO-NA-FORMA-INTEGRADA-AO-ENSINO-MEDIO-Ano-letivo-2025.pdf\" target=\"_blank\">Edital n\u00ba 29\/2024 &#8211; CURSO T\u00c9CNICO DE N\u00cdVEL M\u00c9DIO, NA FORMA INTEGRADA AO ENSINO M\u00c9DIO &#8211; <strong>Ano letivo 2025<\/strong><\/a><\/strong><br><br>\ud83d\udcd1<a rel=\"noreferrer noopener\" href=\"https:\/\/www.ifbaiano.edu.br\/unidades\/catu\/files\/2024\/10\/Portaria-no-121-2024-Homologcao-do-Edital-no-29-2024.pdf\" target=\"_blank\">Portaria n\u00ba 121\/2024 &#8211; Homologa\u00e7\u00e3o do Edital n\u00ba 29\/2024<\/a><\/p>\n\n\n\n<hr class=\"wp-block-separator has-alpha-channel-opacity\" \/>\n\n\n\n<p class=\"has-small-font-size\"><strong><em>Link para inscri\u00e7\u00e3o<\/em><\/strong> \ud83d\udd0d<br>\ud83d\udda5\ufe0f<a rel=\"noreferrer noopener\" href=\"https:\/\/opinanovo.ifbaiano.edu.br\/index.php\/165823?\" target=\"_blank\">https:\/\/opinanovo.ifbaiano.edu.br\/index.php\/165823?<\/a><br><br>\ud83d\uddc2\ufe0f<a rel=\"noreferrer noopener\" href=\"https:\/\/www.ifbaiano.edu.br\/unidades\/catu\/files\/2024\/10\/Edital-No-29-2024-Anexo-I-EQUIVALENCIA-DE-CONCEITOS-E-NOTAS.docx\" target=\"_blank\">Anexo I &#8211; EQUIVAL\u00caNCIA DE CONCEITOS E NOTAS<\/a><br>\ud83d\uddc2\ufe0f<a rel=\"noreferrer noopener\" href=\"https:\/\/www.ifbaiano.edu.br\/unidades\/catu\/files\/2024\/10\/Edital-No-29-2024-Anexo-II-DECLARACAO-ESCOLAR-DE-ENSINO-FUNDAMENTAL.docx\" target=\"_blank\">Anexo II &#8211; DECLARA\u00c7\u00c3O ESCOLAR DE ENSINO FUNDAMENTAL<\/a><br>\ud83d\uddc2\ufe0f<a rel=\"noreferrer noopener\" href=\"https:\/\/www.ifbaiano.edu.br\/unidades\/catu\/files\/2024\/10\/Edital-No-29-2024-Anexo-III-AUTODECLARACAO-DE-RENDA.docx\" target=\"_blank\">Anexo III &#8211; AUTODECLARA\u00c7\u00c3O DE RENDA<\/a><br>\ud83d\uddc2\ufe0f<a rel=\"noreferrer noopener\" href=\"https:\/\/www.ifbaiano.edu.br\/unidades\/catu\/files\/2024\/10\/Edital-No-29-2024-Anexo-IV-FORMULARIO-PARA-RECURSO.docx\" target=\"_blank\">Anexo IV &#8211; FORMUL\u00c1RIO PARA RECURSO<\/a><br>\ud83d\uddc2\ufe0f<a rel=\"noreferrer noopener\" href=\"https:\/\/www.ifbaiano.edu.br\/unidades\/catu\/files\/2024\/10\/Edital-No-29-2024-Anexo-V-DECLARACAO-DE-COMUNIDADE-QUILOMBOLA.docx\" target=\"_blank\">Anexo V &#8211; DECLARA\u00c7\u00c3O DE COMUNIDADE QUILOMBOLA<\/a><br>\ud83d\uddc2\ufe0f<a rel=\"noreferrer noopener\" href=\"https:\/\/www.ifbaiano.edu.br\/unidades\/catu\/files\/2024\/10\/Edital-No-29-2024-Anexo-VI-FICHA-DE-MATRICULA-1.docx\" target=\"_blank\">Anexo VI &#8211; FICHA DE MATR\u00cdCULA<\/a><\/p>\n\n\n\n<p class=\"has-small-font-size\"><br>\ud83d\uddc2\ufe0f<a rel=\"noreferrer noopener\" href=\"https:\/\/www.ifbaiano.edu.br\/unidades\/catu\/files\/2024\/12\/Declaracao-de-Escola-Publica.docx\" target=\"_blank\">Declara\u00e7\u00e3o de Escola P\u00fablica<\/a> (Edit\u00e1vel)<br>\ud83d\uddc2\ufe0f<a rel=\"noreferrer noopener\" href=\"https:\/\/www.ifbaiano.edu.br\/unidades\/catu\/files\/2024\/12\/Declaracao-de-Escola-Publica.pdf\" target=\"_blank\">Declara\u00e7\u00e3o de Escola P\u00fablica<\/a> (PDF)<\/p>\n<\/div><\/div>\n\n\n\n<div class=\"wp-block-pb-accordion-item c-accordion__item js-accordion-item no-js\" data-initially-open=\"false\" data-click-to-close=\"true\" data-auto-close=\"true\" data-scroll=\"false\" data-scroll-offset=\"0\"><h3 id=\"at-246371\" class=\"c-accordion__title js-accordion-controller\" role=\"button\">\ud83d\udcd5Edital n\u00ba 30\/2024 &#8211; Curso T\u00e9cnico Subsequente (2024)<\/h3><div id=\"ac-246371\" class=\"c-accordion__content\">\n<p class=\"has-small-font-size\"><a href=\"https:\/\/www.ifbaiano.edu.br\/unidades\/catu\/files\/2025\/01\/1o-PRIMEIRA-CHAMADA-MATRICULA-SUBSEQUENTE.pdf\" target=\"_blank\" rel=\"noreferrer noopener\">1\u00ba PRIMEIRA CHAMADA &#8211; MATR\u00cdCULA SUBSEQUENTE<\/a> &#8211; 03\/01\/25<br><a rel=\"noreferrer noopener\" href=\"https:\/\/www.ifbaiano.edu.br\/unidades\/catu\/files\/2025\/01\/Edital-no-30-2024-Resultado-final-Sub.-Agrimensura-2024.pdf\" target=\"_blank\">Edital n\u00ba 30\/2024 &#8211; Resultado final &#8211; Sub. Agrimensura 2024<\/a> &#8211; 03\/01\/25<br><a rel=\"noreferrer noopener\" href=\"https:\/\/www.ifbaiano.edu.br\/unidades\/catu\/files\/2025\/01\/Edital-no-30-2024-Resultado-final-Sub.-Agropecuaria-2024.pdf\" target=\"_blank\">Edital n\u00ba 30\/2024 &#8211; Resultado final &#8211; Sub. Agropecu\u00e1ria 2024<\/a> &#8211; 03\/01\/25<br><a rel=\"noreferrer noopener\" href=\"https:\/\/www.ifbaiano.edu.br\/unidades\/catu\/files\/2025\/01\/Edital-no-30-2024-Resultado-final-Sub.-Petroleo-e-Gas-2024.pdf\" target=\"_blank\">Edital n\u00ba 30\/2024 &#8211; Resultado final &#8211; Sub. Petr\u00f3leo e G\u00e1s 2024<\/a> &#8211; 03\/01\/25<br><a rel=\"noreferrer noopener\" href=\"https:\/\/www.ifbaiano.edu.br\/unidades\/catu\/files\/2024\/12\/Resultado-preliminar-das-bancas-de-Heteroidentificacao-dos-processos-seletivos-2024-e-2025.pdf\" target=\"_blank\">Resultado preliminar das bancas de Heteroidentifica\u00e7\u00e3o dos processos seletivos 2024 e 2025<\/a> &#8211; 20\/12\/24<br><a rel=\"noreferrer noopener\" href=\"https:\/\/www.ifbaiano.edu.br\/unidades\/catu\/files\/2024\/12\/Edital-no-30-2024-Resultado-dos-Recursos-e-Homologacao-das-Inscricoes-Sub-Petroleo-e-Gas.pdf\" target=\"_blank\">Edital n\u00ba 30\/2024 -Resultado dos Recursos e Homologa\u00e7\u00e3o das Inscri\u00e7\u00f5es &#8211; Sub. Petr\u00f3leo e G\u00e1s<\/a> &#8211; 13\/12\/24<br><a rel=\"noreferrer noopener\" href=\"https:\/\/www.ifbaiano.edu.br\/unidades\/catu\/files\/2024\/12\/Edital-no-30-2024-Resultado-dos-Recursos-e-Homologacao-das-Inscricoes-Sub-Agropecuaria.pdf\" target=\"_blank\">Edital n\u00ba 30\/2024 -Resultado dos Recursos e Homologa\u00e7\u00e3o das Inscri\u00e7\u00f5es &#8211; Sub. Agropecu\u00e1ria<\/a> &#8211; 13\/12\/24<br><a rel=\"noreferrer noopener\" href=\"https:\/\/www.ifbaiano.edu.br\/unidades\/catu\/files\/2024\/12\/Edital-no-30-2024-Resultado-dos-Recursos-e-Homologacao-das-Inscricoes-Sub-Agrimensura.pdf\" target=\"_blank\">Edital n\u00ba 30\/2024 -Resultado dos Recursos e Homologa\u00e7\u00e3o das Inscri\u00e7\u00f5es &#8211; Sub. Agrimensura<\/a> &#8211; 13\/12\/24<br><a rel=\"noreferrer noopener\" href=\"https:\/\/www.ifbaiano.edu.br\/unidades\/catu\/files\/2024\/12\/CONVOCACAO-PARA-AS-BANCAS-DE-HETEROIDENTIFICACAO-Todos-os-Editais.pdf\" target=\"_blank\">CONVOCA\u00c7\u00c3O PARA AS BANCAS DE HETEROIDENTIFICA\u00c7\u00c3O &#8211; Todos os Editais<\/a> &#8211; 13\/12\/24<br><br><a rel=\"noreferrer noopener\" href=\"https:\/\/www.ifbaiano.edu.br\/unidades\/catu\/files\/2024\/12\/Edital-no-30-2024-Lista-Preliminar-de-Inscricoes-Homologadas-Sub.-Petroleo-e-Gas.pdf\" target=\"_blank\">Edital n\u00ba 30\/2024 &#8211; Lista Preliminar de Inscri\u00e7\u00f5es Homologadas &#8211; Sub. Petr\u00f3leo e G\u00e1s<\/a> &#8211; 10\/12\/24<br><a rel=\"noreferrer noopener\" href=\"https:\/\/www.ifbaiano.edu.br\/unidades\/catu\/files\/2024\/12\/Edital-30-2024-Lista-Preliminar-de-Inscricoes-Homologadas-Sub.-Agropecuaria.pdf\" target=\"_blank\">Edital 30\/2024 &#8211; Lista Preliminar de Inscri\u00e7\u00f5es Homologadas &#8211; Sub. Agropecu\u00e1ria<\/a> &#8211; 10\/12\/24<br><a rel=\"noreferrer noopener\" href=\"https:\/\/www.ifbaiano.edu.br\/unidades\/catu\/files\/2024\/12\/Edital-30-2024-Publicacao-da-Lista-Preliminar-de-Inscricoes-Homologadas.pdf\" target=\"_blank\">Edital 30\/2024 &#8211; Lista Preliminar de Inscri\u00e7\u00f5es Homologadas &#8211; Sub. Agrimensura<\/a> &#8211; 10\/12\/24<br><br><a rel=\"noreferrer noopener\" href=\"https:\/\/www.ifbaiano.edu.br\/unidades\/catu\/files\/2024\/11\/Retificacao-o-Edital-de-no-30-2024-Curso-Tecnico-Subsequente-2024.pdf\" target=\"_blank\">Retifica\u00e7\u00e3o do Edital de n\u00ba 30\/2024 &#8211; Curso T\u00e9cnico Subsequente &#8211; 2024<\/a><br><strong><a rel=\"noreferrer noopener\" href=\"https:\/\/www.ifbaiano.edu.br\/unidades\/catu\/files\/2024\/10\/Edital-no-30-2024-CURSO-TECNICO-DE-NIVEL-MEDIO-NA-FORMA-SUBSEQUENTE-AO-ENSINO-MEDIO-Ano-letivo-2024.pdf\" target=\"_blank\">Edital n\u00ba 30\/2024 &#8211; CURSO T\u00c9CNICO DE N\u00cdVEL M\u00c9DIO, NA FORMA SUBSEQUENTE AO ENSINO M\u00c9DIO &#8211; Ano letivo 2024<\/a><\/strong><br>\ud83d\udcd1<a rel=\"noreferrer noopener\" href=\"https:\/\/www.ifbaiano.edu.br\/unidades\/catu\/files\/2024\/10\/Portaria-no-123-2024-Homologacao-do-Edital-no-30-2024.pdf\" target=\"_blank\">Portaria n\u00ba 123\/2024 &#8211; Homologa\u00e7\u00e3o do Edital n\u00ba 30\/2024<\/a><br><br><strong><em>Link para inscri\u00e7\u00e3o<\/em><\/strong> \ud83d\udd0d<br>\ud83d\udda5\ufe0f<a rel=\"noreferrer noopener\" href=\"https:\/\/opinanovo.ifbaiano.edu.br\/index.php\/154482?lang=pt-BR\" target=\"_blank\">https:\/\/opinanovo.ifbaiano.edu.br\/index.php\/154482?lang=pt-BR<\/a><\/p>\n<\/div><\/div>\n\n\n\n<div class=\"wp-block-pb-accordion-item c-accordion__item js-accordion-item no-js\" data-initially-open=\"false\" data-click-to-close=\"true\" data-auto-close=\"true\" data-scroll=\"false\" data-scroll-offset=\"0\"><h3 id=\"at-246372\" class=\"c-accordion__title js-accordion-controller\" role=\"button\">\ud83d\udcd7Edital n\u00ba 31\/2024 &#8211; Curso T\u00e9cnico Subsequente (2025)<\/h3><div id=\"ac-246372\" class=\"c-accordion__content\">\n<p class=\"has-small-font-size\"><a rel=\"noreferrer noopener\" href=\"https:\/\/www.ifbaiano.edu.br\/unidades\/catu\/files\/2025\/01\/1o-PRIMEIRA-CHAMADA-MATRICULA-SUBSEQUENTE.pdf\" target=\"_blank\">1\u00ba PRIMEIRA CHAMADA &#8211; MATR\u00cdCULA SUBSEQUENTE<\/a> &#8211; 03\/01\/25<br><a rel=\"noreferrer noopener\" href=\"https:\/\/www.ifbaiano.edu.br\/unidades\/catu\/files\/2025\/01\/Edital-no-31-2024-Resultado-final-Sub.-Agrimensura-2025.pdf\" target=\"_blank\">Edital n\u00ba 31\/2024 &#8211; Resultado final &#8211; Sub. Agrimensura 2025<\/a> &#8211; 03\/01\/25<br><a rel=\"noreferrer noopener\" href=\"https:\/\/www.ifbaiano.edu.br\/unidades\/catu\/files\/2025\/01\/Edital-no-31-2024-Resultado-final-Sub.-Agropecuaria-2025.pdf\" target=\"_blank\">Edital n\u00ba 31\/2024 &#8211; Resultado final &#8211; Sub. Agropecu\u00e1ria 2025<\/a> &#8211; 03\/01\/25<br><a rel=\"noreferrer noopener\" href=\"https:\/\/www.ifbaiano.edu.br\/unidades\/catu\/files\/2025\/01\/Edital-no-31-2024-Resultado-final-Sub.-Petroleo-e-Gas-2025.pdf\" target=\"_blank\">Edital n\u00ba 31\/2024 &#8211; Resultado final &#8211; Sub. Petr\u00f3leo e G\u00e1s 2025<\/a> &#8211; 03\/01\/25<br><a rel=\"noreferrer noopener\" href=\"https:\/\/www.ifbaiano.edu.br\/unidades\/catu\/files\/2024\/12\/Resultado-preliminar-das-bancas-de-Heteroidentificacao-dos-processos-seletivos-2024-e-2025.pdf\" target=\"_blank\">Resultado preliminar das bancas de Heteroidentifica\u00e7\u00e3o dos processos seletivos 2024 e 2025<\/a> &#8211; 20\/12\/24<br><a rel=\"noreferrer noopener\" href=\"https:\/\/www.ifbaiano.edu.br\/unidades\/catu\/files\/2024\/12\/Edital-no-31-2024-Resultado-dos-Recursos-e-Homologacao-das-Inscricoes-Sub.-Petroleo-e-Gas.pdf\" target=\"_blank\">Edital n\u00ba 31\/2024 &#8211; Resultado dos Recursos e Homologa\u00e7\u00e3o das Inscri\u00e7\u00f5es &#8211; Sub. Petr\u00f3leo e G\u00e1s<\/a> &#8211; 13\/12\/24<br><a rel=\"noreferrer noopener\" href=\"https:\/\/www.ifbaiano.edu.br\/unidades\/catu\/files\/2024\/12\/Edital-no-31-2024-Resultado-dos-Recursos-e-Homologacao-das-Inscricoes-Sub.-Agropecuaria.pdf\" target=\"_blank\">Edital n\u00ba 31\/2024 &#8211; Resultado dos Recursos e Homologa\u00e7\u00e3o das Inscri\u00e7\u00f5es &#8211; Sub. Agropecu\u00e1ria<\/a> &#8211; 13\/12\/24 <br><a rel=\"noreferrer noopener\" href=\"https:\/\/www.ifbaiano.edu.br\/unidades\/catu\/files\/2024\/12\/Edital-no-31-2024-Resultado-dos-Recursos-e-Homologacao-das-Inscricoes-Sub.-Agrimensura.pdf\" target=\"_blank\">Edital n\u00ba 31\/2024 &#8211; Resultado dos Recursos e Homologa\u00e7\u00e3o das Inscri\u00e7\u00f5es &#8211; Sub. Agrimensura <\/a>&#8211; 13\/12\/24<br><a rel=\"noreferrer noopener\" href=\"https:\/\/www.ifbaiano.edu.br\/unidades\/catu\/files\/2024\/12\/CONVOCACAO-PARA-AS-BANCAS-DE-HETEROIDENTIFICACAO-Todos-os-Editais.pdf\" target=\"_blank\">CONVOCA\u00c7\u00c3O PARA AS BANCAS DE HETEROIDENTIFICA\u00c7\u00c3O &#8211; Todos os Editais<\/a> &#8211; 13\/12\/24<br><br><a rel=\"noreferrer noopener\" href=\"https:\/\/www.ifbaiano.edu.br\/unidades\/catu\/files\/2024\/12\/Edital-no-31-2024-Lista-Preliminar-de-Inscricoes-Homologadas-Sub.-Petroleo-e-Gas-2025.pdf\" target=\"_blank\">Edital n\u00ba 31\/2024 &#8211; Lista Preliminar de Inscri\u00e7\u00f5es Homologadas &#8211; Sub. Petr\u00f3leo e G\u00e1s 2025<\/a> &#8211; 10\/12\/24<br><a rel=\"noreferrer noopener\" href=\"https:\/\/www.ifbaiano.edu.br\/unidades\/catu\/files\/2024\/12\/Edital-no-31-2024-Lista-Preliminar-de-Inscricoes-Homologadas-Sub.-Agropecuaria-2025.pdf\" target=\"_blank\">Edital n\u00ba 31\/2024 &#8211; Lista Preliminar de Inscri\u00e7\u00f5es Homologadas &#8211; Sub. Agropecu\u00e1ria 2025<\/a> &#8211; 10\/12\/24<br><a rel=\"noreferrer noopener\" href=\"https:\/\/www.ifbaiano.edu.br\/unidades\/catu\/files\/2024\/12\/Edital-no-31-2025-Lista-Preliminar-de-Inscricoes-Homologadas-Sub.-Agrimensura.pdf\" target=\"_blank\">Edital n\u00ba 31\/2024 &#8211; Lista Preliminar de Inscri\u00e7\u00f5es Homologadas &#8211; Sub. Agrimensura 2025<\/a> &#8211; 10\/12\/24<br><br><a rel=\"noreferrer noopener\" href=\"https:\/\/www.ifbaiano.edu.br\/unidades\/catu\/files\/2024\/11\/Retificacao-do-Edital-de-no-31-2024-Curso-Tecnico-Subsequente-2025.pdf\" target=\"_blank\">Retifica\u00e7\u00e3o do Edital de n\u00ba 31\/2024 &#8211; Curso T\u00e9cnico Subsequente &#8211; 2025<\/a><br><strong><a rel=\"noreferrer noopener\" href=\"https:\/\/www.ifbaiano.edu.br\/unidades\/catu\/files\/2024\/10\/Edital-no-31-2024-CURSO-TECNICO-DE-NIVEL-MEDIO-NA-FORMA-SUBSEQUENTE-AO-ENSINO-MEDIO-Ano-Letivo-2025.pdf\" target=\"_blank\">Edital n\u00ba 31\/2024 &#8211; CURSO T\u00c9CNICO DE N\u00cdVEL M\u00c9DIO, NA FORMA SUBSEQUENTE AO ENSINO M\u00c9DIO &#8211; <strong>Ano Letivo 2025<\/strong><\/a><\/strong><br>\ud83d\udcd1<a rel=\"noreferrer noopener\" href=\"https:\/\/www.ifbaiano.edu.br\/unidades\/catu\/files\/2024\/10\/Portaria-no-122-2024-Homologacao-do-Edital-no-31-2024.pdf\" target=\"_blank\">Portaria n\u00ba 122\/2024 &#8211; Homologa\u00e7\u00e3o do Edital n\u00ba 31\/2024<\/a><br><br><strong><em>Link para inscri\u00e7\u00e3o<\/em><\/strong> \ud83d\udd0d<br>\ud83d\udda5\ufe0f<a rel=\"noreferrer noopener\" href=\"https:\/\/opinanovo.ifbaiano.edu.br\/index.php\/298355?lang=pt-BR\" target=\"_blank\">https:\/\/opinanovo.ifbaiano.edu.br\/index.php\/298355?lang=pt-BR<\/a><\/p>\n<\/div><\/div>\n\n\n\n<div class=\"wp-block-pb-accordion-item c-accordion__item js-accordion-item no-js\" data-initially-open=\"false\" data-click-to-close=\"true\" data-auto-close=\"true\" data-scroll=\"false\" data-scroll-offset=\"0\"><h3 id=\"at-246373\" class=\"c-accordion__title js-accordion-controller\" role=\"button\">\ud83d\udcd8Edital n\u00ba 32\/2024 &#8211; Curso T\u00e9cnico em Gastronomia EJA\/EPT (2024)<\/h3><div id=\"ac-246373\" class=\"c-accordion__content\">\n<p class=\"has-small-font-size\"><a href=\"https:\/\/www.ifbaiano.edu.br\/unidades\/catu\/files\/2025\/01\/1o-PRIMEIRA-CHAMADA-MATRICULA-TECNICO-EM-GASTRONOMIA-EJA-EPT.pdf\" target=\"_blank\" rel=\"noreferrer noopener\">1\u00ba PRIMEIRA CHAMADA &#8211; MATR\u00cdCULA T\u00c9CNICO EM GASTRONOMIA &#8211; EJA\/EPT <\/a>&#8211; 03\/01\/25<br><em><a rel=\"noreferrer noopener\" href=\"https:\/\/www.ifbaiano.edu.br\/unidades\/catu\/files\/2025\/01\/Edital-no-32-2024-Resultado-final-Curso-Tecnico-em-Gastronomia-EJA-EPT-2024.pdf\" target=\"_blank\">Edital n\u00ba 32\/2024 &#8211; Resultado final &#8211; Curso T\u00e9cnico em Gastronomia EJA-EPT &#8211; 2024<\/a><\/em> -03\/01\/25<br><a rel=\"noreferrer noopener\" href=\"https:\/\/www.ifbaiano.edu.br\/unidades\/catu\/files\/2024\/12\/Edital-no-32-2024-Resultado-dos-Recursos-e-Homologacao-das-Inscricoes-Gastronomia-EJA-EPT.pdf\" target=\"_blank\">Edital n\u00ba 32\/2024 &#8211; Resultado dos Recursos e Homologa\u00e7\u00e3o das Inscri\u00e7\u00f5es &#8211; Gastronomia EJA-EPT<\/a> &#8211; 13\/12\/24<br><a rel=\"noreferrer noopener\" href=\"https:\/\/www.ifbaiano.edu.br\/unidades\/catu\/files\/2024\/12\/CONVOCACAO-PARA-AS-BANCAS-DE-HETEROIDENTIFICACAO-Todos-os-Editais.pdf\" target=\"_blank\">CONVOCA\u00c7\u00c3O PARA AS BANCAS DE HETEROIDENTIFICA\u00c7\u00c3O &#8211; Todos os Editais<\/a> &#8211; 13\/12\/24<br><br><a rel=\"noreferrer noopener\" href=\"https:\/\/www.ifbaiano.edu.br\/unidades\/catu\/files\/2024\/12\/Edital-no-32-2024-Lista-Preliminar-de-Inscricoes-Homologadas-Gastronomia-EJA-EPT.pdf\" target=\"_blank\">Edital n\u00ba 32\/2024 &#8211; Lista Preliminar de Inscri\u00e7\u00f5es Homologadas &#8211; Gastronomia &#8211; EJA-EPT <\/a>&#8211; 10\/12\/24<br><br><a rel=\"noreferrer noopener\" href=\"https:\/\/www.ifbaiano.edu.br\/unidades\/catu\/files\/2024\/11\/Retificacao-do-Edital-de-no-32-2024-Curso-Tecnico-em-Gastronomia-EJA-EPT-2024.pdf\" target=\"_blank\">Retifica\u00e7\u00e3o do Edital de n\u00ba 32\/2024 &#8211; Curso T\u00e9cnico em Gastronomia EJA-EPT &#8211; 2024<\/a><br><br><a rel=\"noreferrer noopener\" href=\"https:\/\/www.ifbaiano.edu.br\/unidades\/catu\/files\/2024\/10\/Edital-no-32-2024-CURSO-TECNICO-EM-GASTRONOMIA-NA-FORMA-INTEGRADA-AO-ENSINO-MEDIO-NA-MODALIDADE-EJA-EPT-Ano-letivo-2024.pdf\" target=\"_blank\"><strong>Edital n\u00ba 32\/2024 &#8211; CURSO T\u00c9CNICO EM GASTRONOMIA NA FORMA INTEGRADA AO ENSINO M\u00c9DIO &#8211; NA MODALIDADE DE EDUCA\u00c7\u00c3O DE JOVENS E ADULTOS &#8211; EJA\/EPT<\/strong> &#8211; <\/a><br><br>\ud83d\udcd1<a rel=\"noreferrer noopener\" href=\"https:\/\/www.ifbaiano.edu.br\/unidades\/catu\/files\/2024\/10\/Portaria-no-124-2024-Homologacao-do-Edtal-no-32-2024.pdf\" target=\"_blank\">Portaria n\u00ba 124\/2024 &#8211; Homologa\u00e7\u00e3o do Edital n\u00ba 32\/2024<\/a><br><br><strong><em>Link para inscri\u00e7\u00e3o<\/em><\/strong> \ud83d\udd0d<br>\ud83d\udda5\ufe0f<a rel=\"noreferrer noopener\" href=\"https:\/\/opinanovo.ifbaiano.edu.br\/index.php\/339867?lang=pt-BR\" target=\"_blank\">https:\/\/opinanovo.ifbaiano.edu.br\/index.php\/339867?lang=pt-BR<\/a><\/p>\n<\/div><\/div>\n\n\n\n<div class=\"wp-block-pb-accordion-item c-accordion__item js-accordion-item no-js\" data-initially-open=\"false\" data-click-to-close=\"true\" data-auto-close=\"true\" data-scroll=\"false\" data-scroll-offset=\"0\"><h3 id=\"at-246374\" class=\"c-accordion__title js-accordion-controller\" role=\"button\">\ud83d\udcd9Edital n\u00ba 33\/2024 &#8211; Curso T\u00e9cnico em Gastronomia EJA\/EPT (2025)<\/h3><div id=\"ac-246374\" class=\"c-accordion__content\">\n<p class=\"has-small-font-size\"><a rel=\"noreferrer noopener\" href=\"https:\/\/www.ifbaiano.edu.br\/unidades\/catu\/files\/2025\/01\/1o-PRIMEIRA-CHAMADA-MATRICULA-TECNICO-EM-GASTRONOMIA-EJA-EPT.pdf\" target=\"_blank\">1\u00ba PRIMEIRA CHAMADA &#8211; MATR\u00cdCULA T\u00c9CNICO EM GASTRONOMIA &#8211; EJA\/EPT <\/a>&#8211; 03\/01\/25<br><a rel=\"noreferrer noopener\" href=\"https:\/\/www.ifbaiano.edu.br\/unidades\/catu\/files\/2025\/01\/Edital-no-33-2024-Resultado-final-Curso-Tecnico-em-Gastronomia-EJA-EPT-2024.pdf\" target=\"_blank\">Edital n\u00ba 33\/2024 &#8211; Resultado final &#8211; Curso T\u00e9cnico em Gastronomia EJA-EPT &#8211; 2024<\/a> &#8211; 03\/01\/25<br><a rel=\"noreferrer noopener\" href=\"https:\/\/www.ifbaiano.edu.br\/unidades\/catu\/files\/2024\/12\/Resultado-preliminar-das-bancas-de-Heteroidentificacao-dos-processos-seletivos-2024-e-2025.pdf\" target=\"_blank\">Resultado preliminar das bancas de Heteroidentifica\u00e7\u00e3o dos processos seletivos 2024 e 2025<\/a> &#8211; 20\/12\/24<br><a rel=\"noreferrer noopener\" href=\"https:\/\/www.ifbaiano.edu.br\/unidades\/catu\/files\/2024\/12\/Edital-no-33-2024-Resultado-dos-Recursos-e-Homologacao-das-Inscricoes-Gastronomia-EJA-EPT.pdf\" target=\"_blank\">Edital n\u00ba 33\/2024 &#8211; Resultado dos Recursos e Homologa\u00e7\u00e3o das Inscri\u00e7\u00f5es &#8211; Gastronomia EJA-EPT<\/a> &#8211; 13\/12\/24<br><a rel=\"noreferrer noopener\" href=\"https:\/\/www.ifbaiano.edu.br\/unidades\/catu\/files\/2024\/12\/CONVOCACAO-PARA-AS-BANCAS-DE-HETEROIDENTIFICACAO-Todos-os-Editais.pdf\" target=\"_blank\">CONVOCA\u00c7\u00c3O PARA AS BANCAS DE HETEROIDENTIFICA\u00c7\u00c3O &#8211; Todos os Editais<\/a> &#8211; 13\/12\/24<br><br><a rel=\"noreferrer noopener\" href=\"https:\/\/www.ifbaiano.edu.br\/unidades\/catu\/files\/2024\/12\/Edital-no-33-2024-Lista-Preliminar-de-Inscricoes-Homologadas-Gastronomia-EJA-EPT-2025.pdf\" target=\"_blank\">Edital n\u00ba 33\/2024 &#8211; Lista Preliminar de Inscri\u00e7\u00f5es Homologadas &#8211; Gastronomia &#8211; EJA-EPT 2025<\/a> &#8211; 10\/12\/24<br><br><a rel=\"noreferrer noopener\" href=\"https:\/\/www.ifbaiano.edu.br\/unidades\/catu\/files\/2024\/11\/Retifica-Edital-de-no-33-2024-Curso-Tecnico-em-Gastronomia-EJA-EPT-2025.pdf\" target=\"_blank\">Retifica\u00e7\u00e3o do Edital de n\u00ba 33\/2024 &#8211; Curso T\u00e9cnico em Gastronomia EJA-EPT &#8211; 2025<br><\/a><a rel=\"noreferrer noopener\" href=\"https:\/\/www.ifbaiano.edu.br\/unidades\/catu\/files\/2024\/10\/Edital-no-33-2024-CURSO-TECNICO-EM-GASTRONOMIA-NA-FORMA-INTEGRADA-AO-ENSINO-MEDIO-NA-MODALIDADE-EJA-EPT-Ano-Letivo-2025.pdf\" target=\"_blank\"><strong>Edital n\u00ba 33\/2024 &#8211; CURSO T\u00c9CNICO EM GASTRONOMIA NA FORMA INTEGRADA AO ENSINO M\u00c9DIO &#8211; NA MODALIDADE DE EDUCA\u00c7\u00c3O DE JOVENS E ADULTOS &#8211; EJA\/EPT<\/strong> &#8211; <strong>Ano Letivo 2025<\/strong><\/a><br>\ud83d\udcd1<a rel=\"noreferrer noopener\" href=\"https:\/\/www.ifbaiano.edu.br\/unidades\/catu\/files\/2024\/10\/Portaria-no-125-2024-Homologacao-do-Edital-no-33-2024.pdf\" target=\"_blank\">Portaria n\u00ba 125\/2024 &#8211; Homologa\u00e7\u00e3o do Edital n\u00ba 33\/2024<\/a><br><br><strong><em>Link para inscri\u00e7\u00e3o<\/em><\/strong> \ud83d\udd0d<br>\ud83d\udda5\ufe0f<a rel=\"noreferrer noopener\" href=\"https:\/\/opinanovo.ifbaiano.edu.br\/index.php\/827799?lang=pt-BR\" target=\"_blank\">https:\/\/opinanovo.ifbaiano.edu.br\/index.php\/827799?lang=pt-BR<\/a><\/p>\n<\/div><\/div>\n","protected":false},"excerpt":{"rendered":"<p>A lista com os nomes dos classificados para a matr\u00edcula est\u00e1 dispon\u00edvel no edital. Para facilitar, tamb\u00e9m disponibilizamos a lista logo abaixo do edital de matr\u00edcula para consulta. OB.: 4\u00ba QUARTA CHAMADA \u2013 MATR\u00cdCULA DOS CURSOS INTEGRADOSLista classificados(as) para matr\u00edcula na 4\u00ba chamada OBS.: 3\u00ba TERCEIRA CHAMADA &#8211; MATR\u00cdCULA DOS CURSOS INTEGRADOS Lista classificados(as) para [&hellip;]<\/p>\n","protected":false},"author":141,"featured_media":25282,"comment_status":"open","ping_status":"open","sticky":true,"template":"","format":"standard","meta":[],"categories":[32,19,11,5,4,9,42],"tags":[75,85,76,79,99],"_links":{"self":[{"href":"https:\/\/www.ifbaiano.edu.br\/unidades\/catu\/wp-json\/wp\/v2\/posts\/24637"}],"collection":[{"href":"https:\/\/www.ifbaiano.edu.br\/unidades\/catu\/wp-json\/wp\/v2\/posts"}],"about":[{"href":"https:\/\/www.ifbaiano.edu.br\/unidades\/catu\/wp-json\/wp\/v2\/types\/post"}],"author":[{"embeddable":true,"href":"https:\/\/www.ifbaiano.edu.br\/unidades\/catu\/wp-json\/wp\/v2\/users\/141"}],"replies":[{"embeddable":true,"href":"https:\/\/www.ifbaiano.edu.br\/unidades\/catu\/wp-json\/wp\/v2\/comments?post=24637"}],"version-history":[{"count":84,"href":"https:\/\/www.ifbaiano.edu.br\/unidades\/catu\/wp-json\/wp\/v2\/posts\/24637\/revisions"}],"predecessor-version":[{"id":25575,"href":"https:\/\/www.ifbaiano.edu.br\/unidades\/catu\/wp-json\/wp\/v2\/posts\/24637\/revisions\/25575"}],"wp:featuredmedia":[{"embeddable":true,"href":"https:\/\/www.ifbaiano.edu.br\/unidades\/catu\/wp-json\/wp\/v2\/media\/25282"}],"wp:attachment":[{"href":"https:\/\/www.ifbaiano.edu.br\/unidades\/catu\/wp-json\/wp\/v2\/media?parent=24637"}],"wp:term":[{"taxonomy":"category","embeddable":true,"href":"https:\/\/www.ifbaiano.edu.br\/unidades\/catu\/wp-json\/wp\/v2\/categories?post=24637"},{"taxonomy":"post_tag","embeddable":true,"href":"https:\/\/www.ifbaiano.edu.br\/unidades\/catu\/wp-json\/wp\/v2\/tags?post=24637"}],"curies":[{"name":"wp","href":"https:\/\/api.w.org\/{rel}","templated":true}]}}