{"id":17154,"date":"2026-04-27T10:12:43","date_gmt":"2026-04-27T13:12:43","guid":{"rendered":"https:\/\/www.ifbaiano.edu.br\/unidades\/guanambi\/?p=17154"},"modified":"2026-04-28T12:02:18","modified_gmt":"2026-04-28T15:02:18","slug":"campus-guanambi-convida-pais-e-ou-responsaveis-dos-alunos-das-turmas-do-primeiro-ano-para-reuniao-no-dia-4-de-maio","status":"publish","type":"post","link":"https:\/\/www.ifbaiano.edu.br\/unidades\/guanambi\/2026\/04\/27\/campus-guanambi-convida-pais-e-ou-responsaveis-dos-alunos-das-turmas-do-primeiro-ano-para-reuniao-no-dia-4-de-maio\/","title":{"rendered":"Campus Guanambi convida pais e\/ou respons\u00e1veis dos alunos das turmas do primeiro ano para reuni\u00e3o no dia 4 de maio"},"content":{"rendered":"\n<p>O IF Baiano Campus Guanambi realizar\u00e1, na pr\u00f3xima segunda-feira, dia 4 de maio de 2026, uma reuni\u00e3o com pais e respons\u00e1veis dos alunos do 1\u00ba ano dos cursos t\u00e9cnicos integrados ao ensino m\u00e9dio. O encontro est\u00e1 marcado para as 8h, no campus Guanambi, e ter\u00e1 como tema \u201cTrilha do conhecimento: o valor do percurso e os avan\u00e7os al\u00e9m das notas\u201d.<\/p>\n\n\n\n<p>A proposta da reuni\u00e3o \u00e9 ampliar o di\u00e1logo entre a institui\u00e7\u00e3o e as fam\u00edlias sobre o processo de ensino e aprendizagem dos estudantes, com foco n\u00e3o apenas nos resultados avaliativos, mas tamb\u00e9m no percurso formativo constru\u00eddo ao longo do ano letivo.<\/p>\n\n\n\n<p>O encontro contar\u00e1 com reuni\u00e3o com professores, permitindo um acompanhamento mais direto sobre o desenvolvimento dos estudantes em cada \u00e1rea.<\/p>\n\n\n\n<p>A iniciativa busca fortalecer a rela\u00e7\u00e3o entre escola e fam\u00edlia, considerada um dos pontos importantes para o acompanhamento da vida acad\u00eamica dos alunos dos cursos t\u00e9cnicos integrados ao ensino m\u00e9dio.<\/p>\n\n\n\n<p>Com a realiza\u00e7\u00e3o da atividade, o campus pretende promover um momento de escuta, orienta\u00e7\u00e3o e troca de informa\u00e7\u00f5es entre respons\u00e1veis e docentes, em um formato voltado ao acompanhamento pedag\u00f3gico dos estudantes do 1\u00ba ano.<\/p>\n\n\n\n<p>A reuni\u00e3o acontecer\u00e1 presencialmente no Campus Guanambi, e a orienta\u00e7\u00e3o \u00e9 para que pais e respons\u00e1veis participem do encontro.<\/p>\n","protected":false},"excerpt":{"rendered":"<p>O IF Baiano Campus Guanambi realizar\u00e1, na pr\u00f3xima segunda-feira, dia 4 de maio de 2026, uma reuni\u00e3o com pais e respons\u00e1veis dos alunos do 1\u00ba ano dos cursos t\u00e9cnicos integrados ao ensino m\u00e9dio. O encontro est\u00e1 marcado para as 8h, no campus Guanambi, e ter\u00e1 como tema \u201cTrilha do conhecimento: o valor do percurso e [&hellip;]<\/p>\n","protected":false},"author":75,"featured_media":13040,"comment_status":"open","ping_status":"open","sticky":false,"template":"","format":"standard","meta":[],"categories":[5,137],"tags":[],"_links":{"self":[{"href":"https:\/\/www.ifbaiano.edu.br\/unidades\/guanambi\/wp-json\/wp\/v2\/posts\/17154"}],"collection":[{"href":"https:\/\/www.ifbaiano.edu.br\/unidades\/guanambi\/wp-json\/wp\/v2\/posts"}],"about":[{"href":"https:\/\/www.ifbaiano.edu.br\/unidades\/guanambi\/wp-json\/wp\/v2\/types\/post"}],"author":[{"embeddable":true,"href":"https:\/\/www.ifbaiano.edu.br\/unidades\/guanambi\/wp-json\/wp\/v2\/users\/75"}],"replies":[{"embeddable":true,"href":"https:\/\/www.ifbaiano.edu.br\/unidades\/guanambi\/wp-json\/wp\/v2\/comments?post=17154"}],"version-history":[{"count":1,"href":"https:\/\/www.ifbaiano.edu.br\/unidades\/guanambi\/wp-json\/wp\/v2\/posts\/17154\/revisions"}],"predecessor-version":[{"id":17155,"href":"https:\/\/www.ifbaiano.edu.br\/unidades\/guanambi\/wp-json\/wp\/v2\/posts\/17154\/revisions\/17155"}],"wp:featuredmedia":[{"embeddable":true,"href":"https:\/\/www.ifbaiano.edu.br\/unidades\/guanambi\/wp-json\/wp\/v2\/media\/13040"}],"wp:attachment":[{"href":"https:\/\/www.ifbaiano.edu.br\/unidades\/guanambi\/wp-json\/wp\/v2\/media?parent=17154"}],"wp:term":[{"taxonomy":"category","embeddable":true,"href":"https:\/\/www.ifbaiano.edu.br\/unidades\/guanambi\/wp-json\/wp\/v2\/categories?post=17154"},{"taxonomy":"post_tag","embeddable":true,"href":"https:\/\/www.ifbaiano.edu.br\/unidades\/guanambi\/wp-json\/wp\/v2\/tags?post=17154"}],"curies":[{"name":"wp","href":"https:\/\/api.w.org\/{rel}","templated":true}]}}