{"id":17167,"date":"2026-04-27T11:47:33","date_gmt":"2026-04-27T14:47:33","guid":{"rendered":"https:\/\/www.ifbaiano.edu.br\/unidades\/guanambi\/?p=17167"},"modified":"2026-04-27T13:18:28","modified_gmt":"2026-04-27T16:18:28","slug":"professores-do-if-baiano-apresentam-projeto-sirus-em-agenda-institucional-em-salvador","status":"publish","type":"post","link":"https:\/\/www.ifbaiano.edu.br\/unidades\/guanambi\/2026\/04\/27\/professores-do-if-baiano-apresentam-projeto-sirus-em-agenda-institucional-em-salvador\/","title":{"rendered":"Professores do IF Baiano apresentam projeto Sirus em agenda institucional em Salvador"},"content":{"rendered":"\n<p>Professores do IF Baiano Campus Guanambi participaram, na \u00faltima quarta-feira, 22 de abril, de uma agenda em Salvador voltada \u00e0 apresenta\u00e7\u00e3o do projeto Sirus, sistema desenvolvido pela institui\u00e7\u00e3o para apoiar o gerenciamento de ocorr\u00eancias do Servi\u00e7o de Atendimento M\u00f3vel de Urg\u00eancia (Samu 192) de Guanambi.<\/p>\n\n\n\n<p>Representaram o campus os professores Naidson Clayr Santos Ferreira, George Gabriel Mendes Dourado e Carlos Anderson Silva, integrantes da equipe de desenvolvimento do sistema. A programa\u00e7\u00e3o incluiu uma live no canal do IF Baiano no YouTube, destinada \u00e0 apresenta\u00e7\u00e3o do projeto para a comunidade acad\u00eamica, al\u00e9m de reuni\u00f5es institucionais voltadas ao avan\u00e7o da proposta.<\/p>\n\n\n\n<figure class=\"wp-block-embed is-type-video is-provider-youtube wp-block-embed-youtube wp-embed-aspect-16-9 wp-has-aspect-ratio\"><div class=\"wp-block-embed__wrapper\">\n<iframe loading=\"lazy\" title=\"Apresenta\u00e7\u00e3o do Sistema SIRUS\" width=\"500\" height=\"281\" src=\"https:\/\/www.youtube.com\/embed\/VnFTIauba9M?feature=oembed\" frameborder=\"0\" allow=\"accelerometer; autoplay; clipboard-write; encrypted-media; gyroscope; picture-in-picture; web-share\" referrerpolicy=\"strict-origin-when-cross-origin\" allowfullscreen><\/iframe>\n<\/div><\/figure>\n\n\n\n<p>O Sirus, sigla para Sistema Integrado de Regula\u00e7\u00e3o e Urg\u00eancia em Sa\u00fade, foi desenvolvido no \u00e2mbito do IF Baiano Campus Guanambi, por meio do curso de An\u00e1lise e Desenvolvimento de Sistemas (ADS). A iniciativa busca modernizar processos da Central de Regula\u00e7\u00e3o do Samu, com substitui\u00e7\u00e3o de registros em papel por ferramentas digitais, organiza\u00e7\u00e3o de informa\u00e7\u00f5es e gera\u00e7\u00e3o de dados para apoio \u00e0 gest\u00e3o.<\/p>\n\n\n\n<p>Durante a agenda em Salvador, os professores participaram de reuni\u00e3o com o procurador do IF Baiano, Osvaldo Almeida Filho. O objetivo foi tratar de caminhos jur\u00eddicos e institucionais para viabilizar a transfer\u00eancia da tecnologia desenvolvida no projeto, com aten\u00e7\u00e3o \u00e0 seguran\u00e7a legal, \u00e0 conformidade normativa e \u00e0s etapas necess\u00e1rias para que a solu\u00e7\u00e3o possa sair do ambiente de pesquisa e ampliar sua aplica\u00e7\u00e3o pr\u00e1tica.<\/p>\n\n\n\n<p>Tamb\u00e9m foi realizada reuni\u00e3o com Reinaldo G\u00f3es, assessor da deputada Ivana Bastos, presidente da Assembleia Legislativa da Bahia. No encontro, o projeto foi apresentado como uma solu\u00e7\u00e3o tecnol\u00f3gica desenvolvida por uma institui\u00e7\u00e3o p\u00fablica de ensino, com potencial de continuidade, amplia\u00e7\u00e3o e capta\u00e7\u00e3o de recursos para expans\u00e3o da iniciativa.<\/p>\n\n\n\n<figure class=\"wp-block-image size-large\"><a href=\"https:\/\/www.ifbaiano.edu.br\/unidades\/guanambi\/files\/2026\/04\/1240-reuniao-Sirus.webp\"><img decoding=\"async\" loading=\"lazy\" width=\"1024\" height=\"672\" src=\"https:\/\/www.ifbaiano.edu.br\/unidades\/guanambi\/files\/2026\/04\/1240-reuniao-Sirus-1024x672.webp\" alt=\"\" class=\"wp-image-17169\" srcset=\"https:\/\/www.ifbaiano.edu.br\/unidades\/guanambi\/files\/2026\/04\/1240-reuniao-Sirus-1024x672.webp 1024w, https:\/\/www.ifbaiano.edu.br\/unidades\/guanambi\/files\/2026\/04\/1240-reuniao-Sirus-300x197.webp 300w, https:\/\/www.ifbaiano.edu.br\/unidades\/guanambi\/files\/2026\/04\/1240-reuniao-Sirus-768x504.webp 768w, https:\/\/www.ifbaiano.edu.br\/unidades\/guanambi\/files\/2026\/04\/1240-reuniao-Sirus-100x66.webp 100w, https:\/\/www.ifbaiano.edu.br\/unidades\/guanambi\/files\/2026\/04\/1240-reuniao-Sirus.webp 1280w\" sizes=\"(max-width: 1024px) 100vw, 1024px\" \/><\/a><\/figure>\n\n\n\n<p>A proposta do Sirus \u00e9 contribuir para a digitaliza\u00e7\u00e3o do fluxo de atendimento do Samu, desde o registro inicial das ocorr\u00eancias at\u00e9 o acompanhamento das decis\u00f5es da regula\u00e7\u00e3o m\u00e9dica. Entre os recursos previstos est\u00e3o registros digitais, indicadores, pain\u00e9is de acompanhamento e rastreabilidade das informa\u00e7\u00f5es, com o objetivo de apoiar decis\u00f5es baseadas em dados e reduzir retrabalho nos processos internos.<\/p>\n\n\n\n<p>Segundo a equipe do projeto, a digitaliza\u00e7\u00e3o \u00e9 uma etapa importante para superar limita\u00e7\u00f5es ainda presentes em centrais que dependem de formul\u00e1rios f\u00edsicos, como dificuldade de consulta, perda de informa\u00e7\u00f5es, rasuras, duplicidade de registros e aus\u00eancia de indicadores em tempo real.<\/p>\n\n\n\n<p>A experi\u00eancia em Guanambi \u00e9 tratada como projeto-piloto. A arquitetura do sistema foi planejada com possibilidade de expans\u00e3o para outras bases do Samu, respeitando as necessidades operacionais de cada servi\u00e7o e os encaminhamentos institucionais necess\u00e1rios para ado\u00e7\u00e3o da tecnologia.<\/p>\n\n\n\n<p>Al\u00e9m do impacto direto na sa\u00fade p\u00fablica, o projeto tamb\u00e9m refor\u00e7a a atua\u00e7\u00e3o do IF Baiano na produ\u00e7\u00e3o de solu\u00e7\u00f5es aplicadas \u00e0s demandas da comunidade. A iniciativa envolve ensino, pesquisa e extens\u00e3o, com retorno social a partir do desenvolvimento de tecnologia p\u00fablica voltada \u00e0 melhoria dos servi\u00e7os prestados \u00e0 popula\u00e7\u00e3o.<\/p>\n\n\n\n<p>A apresenta\u00e7\u00e3o do projeto est\u00e1 dispon\u00edvel no canal do IF Baiano no YouTube. Mais informa\u00e7\u00f5es tamb\u00e9m podem ser acessadas no site <a href=\"http:\/\/www.sirus.app.br\/\" target=\"_blank\" rel=\"noreferrer noopener\">www.sirus.app.br<\/a> e no perfil <a href=\"https:\/\/www.instagram.com\/sirus_samu\/\" target=\"_blank\" rel=\"noreferrer noopener\">@sirus_samu<\/a>, no Instagram.<\/p>\n\n\n\n<p><\/p>\n","protected":false},"excerpt":{"rendered":"<p>Professores do IF Baiano Campus Guanambi participaram, na \u00faltima quarta-feira, 22 de abril, de uma agenda em Salvador voltada \u00e0 apresenta\u00e7\u00e3o do projeto Sirus, sistema desenvolvido pela institui\u00e7\u00e3o para apoiar o gerenciamento de ocorr\u00eancias do Servi\u00e7o de Atendimento M\u00f3vel de Urg\u00eancia (Samu 192) de Guanambi. Representaram o campus os professores Naidson Clayr Santos Ferreira, George [&hellip;]<\/p>\n","protected":false},"author":75,"featured_media":17168,"comment_status":"open","ping_status":"open","sticky":false,"template":"","format":"standard","meta":[],"categories":[5,1],"tags":[],"_links":{"self":[{"href":"https:\/\/www.ifbaiano.edu.br\/unidades\/guanambi\/wp-json\/wp\/v2\/posts\/17167"}],"collection":[{"href":"https:\/\/www.ifbaiano.edu.br\/unidades\/guanambi\/wp-json\/wp\/v2\/posts"}],"about":[{"href":"https:\/\/www.ifbaiano.edu.br\/unidades\/guanambi\/wp-json\/wp\/v2\/types\/post"}],"author":[{"embeddable":true,"href":"https:\/\/www.ifbaiano.edu.br\/unidades\/guanambi\/wp-json\/wp\/v2\/users\/75"}],"replies":[{"embeddable":true,"href":"https:\/\/www.ifbaiano.edu.br\/unidades\/guanambi\/wp-json\/wp\/v2\/comments?post=17167"}],"version-history":[{"count":2,"href":"https:\/\/www.ifbaiano.edu.br\/unidades\/guanambi\/wp-json\/wp\/v2\/posts\/17167\/revisions"}],"predecessor-version":[{"id":17171,"href":"https:\/\/www.ifbaiano.edu.br\/unidades\/guanambi\/wp-json\/wp\/v2\/posts\/17167\/revisions\/17171"}],"wp:featuredmedia":[{"embeddable":true,"href":"https:\/\/www.ifbaiano.edu.br\/unidades\/guanambi\/wp-json\/wp\/v2\/media\/17168"}],"wp:attachment":[{"href":"https:\/\/www.ifbaiano.edu.br\/unidades\/guanambi\/wp-json\/wp\/v2\/media?parent=17167"}],"wp:term":[{"taxonomy":"category","embeddable":true,"href":"https:\/\/www.ifbaiano.edu.br\/unidades\/guanambi\/wp-json\/wp\/v2\/categories?post=17167"},{"taxonomy":"post_tag","embeddable":true,"href":"https:\/\/www.ifbaiano.edu.br\/unidades\/guanambi\/wp-json\/wp\/v2\/tags?post=17167"}],"curies":[{"name":"wp","href":"https:\/\/api.w.org\/{rel}","templated":true}]}}