{"id":8717,"date":"2024-09-24T18:06:23","date_gmt":"2024-09-24T21:06:23","guid":{"rendered":"https:\/\/www.ifbaiano.edu.br\/unidades\/itaberaba\/?p=8717"},"modified":"2025-07-09T17:09:23","modified_gmt":"2025-07-09T20:09:23","slug":"ingresso-2025-integrado","status":"publish","type":"post","link":"https:\/\/www.ifbaiano.edu.br\/unidades\/itaberaba\/2024\/09\/24\/ingresso-2025-integrado\/","title":{"rendered":"Processo Seletivo de Estudantes &#8211; PROSEL 2025 &#8211; Cursos T\u00e9cnicos Integrados ao Ensino M\u00e9dio (Edital 23\/2024)"},"content":{"rendered":"\n<div id=\"ProreitoriaTopoTitulo\">\n\t\t\t\t\tApresenta\u00e7\u00e3o:\n\t\t\t\t<\/div>\n\n\n\n<p style=\"text-align: justify\" class=\"has-small-font-size\">A <strong>DIRETORA-GERAL DO INSTITUTO FEDERAL DE EDUCA\u00c7\u00c3O, CI\u00caNCIA E TECNOLOGIA BAIANO &#8211; IF BAIANO, <em>CAMPUS <\/em>ITABERABA<\/strong>, nomeada pela <strong>Portaria n\u00ba 279<\/strong>, de 18 de mar\u00e7o de 2022, publica\u00e7\u00e3o no DOU em 21 de mar\u00e7o de 2022, e consoante as atribui\u00e7\u00f5es delegadas pela <strong>Portaria Normativa n\u00ba 13\/2022 &#8211; RET-GAB\/RET\/IFBAIANO<\/strong>, de 11 de mar\u00e7o de 2022, e suas altera\u00e7\u00f5es, bem como as disposi\u00e7\u00f5es contidas na <strong><a rel=\"noreferrer noopener\" href=\"https:\/\/www.planalto.gov.br\/ccivil_03\/_ato2007-2010\/2008\/lei\/l11892.htm\" target=\"_blank\">Lei N\u00ba<\/a><a rel=\"noreferrer noopener\" href=\"https:\/\/www.planalto.gov.br\/ccivil_03\/_ato2007-2010\/2008\/lei\/l11892.htm\" target=\"_blank\"><\/a><a rel=\"noreferrer noopener\" href=\"https:\/\/www.planalto.gov.br\/ccivil_03\/_ato2007-2010\/2008\/lei\/l11892.htm\" target=\"_blank\">11.892<\/a><\/strong><a rel=\"noreferrer noopener\" href=\"https:\/\/www.planalto.gov.br\/ccivil_03\/_ato2007-2010\/2008\/lei\/l11892.htm\" target=\"_blank\">,<\/a> de 29 de dezembro de 2008, e na <strong><a rel=\"noreferrer noopener\" href=\"https:\/\/www.planalto.gov.br\/ccivil_03\/leis\/l8112cons.htm\" target=\"_blank\">Lei N\u00ba 8.112<\/a><\/strong><a rel=\"noreferrer noopener\" href=\"https:\/\/www.planalto.gov.br\/ccivil_03\/leis\/l8112cons.htm\" target=\"_blank\">,<\/a> de 11 de dezembro de 1990, em conformidade com a <strong><a rel=\"noreferrer noopener\" href=\"https:\/\/www.planalto.gov.br\/ccivil_03\/leis\/l9394.htm\" target=\"_blank\">Lei N\u00b0 9.394<\/a><\/strong><a rel=\"noreferrer noopener\" href=\"https:\/\/www.planalto.gov.br\/ccivil_03\/leis\/l9394.htm\" target=\"_blank\">,<\/a> de 20 de dezembro de 1996, e suas altera\u00e7\u00f5es e, ainda, considerando a <strong><a rel=\"noreferrer noopener\" href=\"https:\/\/normativasconselhos.mec.gov.br\/normativa\/view\/CNE_RES_CNECPN42018.pdf\" target=\"_blank\">Resolu\u00e7\u00e3o do Conselho Pleno do Conselho Nacional de Educa\u00e7\u00e3o<\/a><a rel=\"noreferrer noopener\" href=\"https:\/\/normativasconselhos.mec.gov.br\/normativa\/view\/CNE_RES_CNECPN42018.pdf\" target=\"_blank\"><\/a><a rel=\"noreferrer noopener\" href=\"https:\/\/normativasconselhos.mec.gov.br\/normativa\/view\/CNE_RES_CNECPN42018.pdf\" target=\"_blank\">(CNE\/CP) N\u00ba 04<\/a><\/strong><a rel=\"noreferrer noopener\" href=\"https:\/\/normativasconselhos.mec.gov.br\/normativa\/view\/CNE_RES_CNECPN42018.pdf\" target=\"_blank\">,<\/a> de 17 de dezembro de 2018; o <strong><a rel=\"noreferrer noopener\" href=\"https:\/\/www.planalto.gov.br\/ccivil_03\/_ato2019-2022\/2022\/decreto\/d11016.htm\" target=\"_blank\">Decreto n\u00ba 11.016<\/a><\/strong><a rel=\"noreferrer noopener\" href=\"https:\/\/www.planalto.gov.br\/ccivil_03\/_ato2019-2022\/2022\/decreto\/d11016.htm\" target=\"_blank\">,<\/a> de 29 de mar\u00e7o de 2022; a <strong><a rel=\"noreferrer noopener\" href=\"https:\/\/www.planalto.gov.br\/ccivil_03\/_ato2019-2022\/2021\/lei\/l14133.htm\" target=\"_blank\">Lei n\u00ba 14.133<\/a><\/strong><a rel=\"noreferrer noopener\" href=\"https:\/\/www.planalto.gov.br\/ccivil_03\/leis\/L8666compilado.htm\" target=\"_blank\">,<\/a> de 1 de abril de 2021; o <strong><a rel=\"noreferrer noopener\" href=\"https:\/\/www.planalto.gov.br\/ccivil_03\/decreto\/d3298.htm\" target=\"_blank\">Decreto N\u00ba 3.298<\/a><\/strong><a rel=\"noreferrer noopener\" href=\"https:\/\/www.planalto.gov.br\/ccivil_03\/decreto\/d3298.htm\" target=\"_blank\">,<\/a> de 20 de dezembro de 1999; a <strong><a rel=\"noreferrer noopener\" href=\"https:\/\/www.planalto.gov.br\/ccivil_03\/_ato2011-2014\/2012\/lei\/l12764.htm\" target=\"_blank\">Lei N\u00ba 12.764<\/a><\/strong><a rel=\"noreferrer noopener\" href=\"https:\/\/www.planalto.gov.br\/ccivil_03\/_ato2011-2014\/2012\/lei\/l12764.htm\" target=\"_blank\">,<\/a> de 27 de dezembro de 2012; a <strong><a rel=\"noreferrer noopener\" href=\"https:\/\/www.planalto.gov.br\/ccivil_03\/_ato2011-2014\/2012\/lei\/l12711.htm\" target=\"_blank\">Lei N\u00ba 12.711<\/a><\/strong><a rel=\"noreferrer noopener\" href=\"https:\/\/www.planalto.gov.br\/ccivil_03\/_ato2011-2014\/2012\/lei\/l12711.htm\" target=\"_blank\">,<\/a> de 29 de agosto de 2012, e suas regulamenta\u00e7\u00f5es; a <strong><a rel=\"noreferrer noopener\" href=\"https:\/\/www.planalto.gov.br\/ccivil_03\/leis\/2003\/l10.741.htm\" target=\"_blank\">Lei N\u00ba 10.741<\/a><\/strong><a rel=\"noreferrer noopener\" href=\"https:\/\/www.planalto.gov.br\/ccivil_03\/leis\/2003\/l10.741.htm\" target=\"_blank\">,<\/a> de 1\u00ba de outubro de 2003; a <strong><a rel=\"noreferrer noopener\" href=\"https:\/\/www.planalto.gov.br\/ccivil_03\/_ato2015-2018\/2016\/lei\/l13409.htm\" target=\"_blank\">Lei N\u00ba 13.409<\/a><\/strong><a rel=\"noreferrer noopener\" href=\"https:\/\/www.planalto.gov.br\/ccivil_03\/_ato2015-2018\/2016\/lei\/l13409.htm\" target=\"_blank\">,<\/a> de 28 de dezembro de 2016; o <strong><a rel=\"noreferrer noopener\" href=\"https:\/\/www.planalto.gov.br\/ccivil_03\/_ato2011-2014\/2012\/decreto\/d7824.htm\" target=\"_blank\">Decreto N\u00ba 7.824<\/a><\/strong><a rel=\"noreferrer noopener\" href=\"https:\/\/www.planalto.gov.br\/ccivil_03\/_ato2011-2014\/2012\/decreto\/d7824.htm\" target=\"_blank\">,<\/a> de 11 de outubro de 2012; a <strong><a rel=\"noreferrer noopener\" href=\"https:\/\/drive.google.com\/file\/d\/1g0UgkAbGufudYkaVLShjJ5oXOEsSpd4V\/view?usp=sharing\" target=\"_blank\">Portaria do<\/a><a rel=\"noreferrer noopener\" href=\"https:\/\/drive.google.com\/file\/d\/1g0UgkAbGufudYkaVLShjJ5oXOEsSpd4V\/view?usp=sharing\" target=\"_blank\"><\/a><a rel=\"noreferrer noopener\" href=\"https:\/\/drive.google.com\/file\/d\/1g0UgkAbGufudYkaVLShjJ5oXOEsSpd4V\/view?usp=sharing\" target=\"_blank\">Minist\u00e9rio da Educa\u00e7\u00e3o (MEC) N\u00ba 18<\/a><\/strong><a rel=\"noreferrer noopener\" href=\"https:\/\/drive.google.com\/file\/d\/1g0UgkAbGufudYkaVLShjJ5oXOEsSpd4V\/view?usp=sharing\" target=\"_blank\">,<\/a> de 11 de outubro de 2012, e suas altera\u00e7\u00f5es, observando o disposto na <strong><a rel=\"noreferrer noopener\" href=\"https:\/\/ifbaiano.edu.br\/portal\/wp-content\/uploads\/2021\/10\/153anexos.pdf\" target=\"_blank\">Resolu\u00e7\u00e3o N\u00ba 153\/2021<\/a><a rel=\"noreferrer noopener\" href=\"https:\/\/ifbaiano.edu.br\/portal\/wp-content\/uploads\/2021\/10\/153anexos.pdf\" target=\"_blank\"><\/a>-OS-CONSUP\/IFBAIANO<\/strong>, de 18 de agosto de 2021, na <strong><a rel=\"noreferrer noopener\" href=\"https:\/\/drive.google.com\/file\/d\/10cS5R_Bs9Y_7bzst2EQwwPM-EcqiDA0A\/view?usp=sharing\" target=\"_blank\">Instru\u00e7\u00e3o Normativa 67\/2023 &#8211; RET-GAB\/RET\/IFBAIANO<\/a><\/strong><a rel=\"noreferrer noopener\" href=\"https:\/\/drive.google.com\/file\/d\/10cS5R_Bs9Y_7bzst2EQwwPM-EcqiDA0A\/view?usp=sharing\" target=\"_blank\">,<\/a> de 13 de setembro de 2023, na <strong><a rel=\"noreferrer noopener\" href=\"https:\/\/drive.google.com\/file\/d\/1YEbJvLdQu3Hr7-ks9hsd3j-g0WvW6UkB\/view?usp=sharing\" target=\"_blank\">Portaria Normativa 19\/2023 &#8211; RET-GAB\/RET\/IFBAIANO<\/a><\/strong><a rel=\"noreferrer noopener\" href=\"https:\/\/drive.google.com\/file\/d\/1YEbJvLdQu3Hr7-ks9hsd3j-g0WvW6UkB\/view?usp=sharing\" target=\"_blank\">,<\/a> de 21 de setembro de 2023 e na legisla\u00e7\u00e3o concernente, torna p\u00fablica a abertura de inscri\u00e7\u00f5es do Processo de ingresso de estudantes em 2025, nos cursos da <strong>Educa\u00e7\u00e3o Profissional T\u00e9cnica de N\u00edvel M\u00e9dio (EPTNM), na FORMA INTEGRADA ao ensino m\u00e9dio<\/strong> &#8211; para o <em>Campus <\/em>Itaberaba, por meio de an\u00e1lise de hist\u00f3rico escolar, conforme o n\u00famero de vagas e os cursos relacionados no <strong>Quadro 2 do subitem 2.3<\/strong> e seguindo as demais condi\u00e7\u00f5es e etapas definidas neste Edital.<\/p>\n\n\n\n<div id=\"ProreitoriaTopoTitulo\">\n\t\t\t\t\tInscri\u00e7\u00f5es:\n\t\t\t\t<\/div>\n\n\n\n<p class=\"has-small-font-size\"><strong>Per\u00edodo: <\/strong>30 de setembro de 2024 a 30 de outubro de 2024<\/p>\n\n\n\n<p class=\"has-small-font-size\"><strong>Site Reitoria: <\/strong><a href=\"https:\/\/concurso.ifbaiano.edu.br\/portal\/ingresso-integrado-itaberaba-setembro-2024\/\" target=\"_blank\" rel=\"noreferrer noopener\">https:\/\/concurso.ifbaiano.edu.br\/portal\/ingresso-integrado-itaberaba-setembro-2024\/<\/a><\/p>\n\n\n\n<p class=\"has-small-font-size\"><strong>Vagas ofertadas:<\/strong><\/p>\n\n\n\n<ul>\n<li class=\"has-small-font-size\">Agropecu\u00e1ria \u2013 40 Vagas<\/li>\n\n\n\n<li class=\"has-small-font-size\">Agroind\u00fastria \u2013 80 Vagas<\/li>\n<\/ul>\n\n\n\n<p class=\"has-small-font-size\">Consulte o<strong> item 4<\/strong> do edital.<\/p>\n\n\n\n<div id=\"ProreitoriaTopoTitulo\">\n\t\t\t\t\tEditais e Documentos:\n\t\t\t\t<\/div>\n\n\n\n<div class=\"wp-block-file\"><a id=\"wp-block-file--media-223a51be-0952-46b8-aab9-05ed5816eb39\" href=\"https:\/\/www.ifbaiano.edu.br\/unidades\/itaberaba\/files\/2024\/09\/Edital-23_2024-Prosel-2025.pdf\" target=\"_blank\" rel=\"noreferrer noopener\">Edital 23\/2024 &#8211; Prosel 2025<\/a><\/div>\n\n\n\n<div class=\"wp-block-file\">\n    <div style=\"padding-left: 20px\">\n        <a id=\"wp-block-file--media-269c7faa-e13e-4ca4-aa32-19999a51f3ef\" href=\"https:\/\/www.ifbaiano.edu.br\/unidades\/itaberaba\/files\/2024\/09\/ANEXO-I-Edital-23_2024.pdf\" target=\"_blank\" rel=\"noreferrer noopener\">Anexo I &#8211; Edital 23\/2024<\/a>\n    <\/div>\n<\/div>\n\n\n\n<div class=\"wp-block-file\">\n    <div style=\"padding-left: 20px\">\n        <a id=\"wp-block-file--media-687c1343-6933-48ce-b558-fcbcdbf29281\" href=\"https:\/\/www.ifbaiano.edu.br\/unidades\/itaberaba\/files\/2024\/09\/ANEXO-II-Edital-23_2024.pdf\" target=\"_blank\" rel=\"noreferrer noopener\">Anexo II &#8211; Edital 23\/2024<\/a>\n    <\/div>\n<\/div>\n\n\n\n<div class=\"wp-block-file\">\n    <div style=\"padding-left: 20px\">\n        <a id=\"wp-block-file--media-687c1343-6933-48ce-b558-fcbcdbf29281\" href=\"https:\/\/www.ifbaiano.edu.br\/unidades\/itaberaba\/files\/2024\/09\/ANEXO-III-Edital-23_2024.pdf\" target=\"_blank\" rel=\"noreferrer noopener\">Anexo III &#8211; Edital 23\/2024<\/a>\n    <\/div>\n<\/div>\n\n\n\n<div class=\"wp-block-file\">\n    <div style=\"padding-left: 20px\">\n        <a id=\"wp-block-file--media-b7226666-5f40-4e46-8de3-943968331cdd\" href=\"https:\/\/www.ifbaiano.edu.br\/unidades\/itaberaba\/files\/2024\/09\/ANEXO-IV-Edital-23_2024.pdf\" target=\"_blank\" rel=\"noreferrer noopener\">Anexo IV &#8211; Edital 23\/2024<\/a>\n    <\/div>\n<\/div>\n\n\n\n<div class=\"wp-block-file\">\n    <div style=\"padding-left: 20px\">\n        <a id=\"wp-block-file--media-3120c660-6b4e-4a38-95b7-02e6f6c2c533\" href=\"https:\/\/www.ifbaiano.edu.br\/unidades\/itaberaba\/files\/2024\/09\/ANEXO-V-Edital-23_2024.pdf\" target=\"_blank\" rel=\"noreferrer noopener\">Anexo V &#8211; Edital 23\/2024<\/a>\n    <\/div>\n<\/div>\n\n\n\n<div class=\"wp-block-file\"><a id=\"wp-block-file--media-ecc4cc2b-5e53-464f-b143-87250d66d331\" href=\"https:\/\/www.ifbaiano.edu.br\/unidades\/itaberaba\/files\/2024\/09\/Extrato-DOU-Edital-23_2024-PROSEL-2025-Integrado.pdf\" target=\"_blank\" rel=\"noreferrer noopener\">Extrato DOU &#8211; Edital 23\/2024 &#8211; PROSEL 2025 Integrado<\/a><\/div>\n\n\n\n<div class=\"wp-block-file\"><a id=\"wp-block-file--media-41847e8d-fc8e-4e05-abbb-1405932aca00\" href=\"https:\/\/www.ifbaiano.edu.br\/unidades\/itaberaba\/files\/2024\/09\/Resultado-da-Impugnacao-ao-Edital-23_2024-PROSEL-2025.pdf\" target=\"_blank\" rel=\"noreferrer noopener\">Resultado da Impugna\u00e7\u00e3o ao Edital 23\/2024 &#8211; PROSEL 2025<\/a><\/div>\n\n\n\n<div class=\"wp-block-file\"><a id=\"wp-block-file--media-4113aa6b-2c73-438d-a88b-67e08450fbcf\" href=\"https:\/\/www.ifbaiano.edu.br\/unidades\/itaberaba\/files\/2024\/09\/Homologacao-do-Edital-23_2024-PROSEL-2025.pdf\" target=\"_blank\" rel=\"noreferrer noopener\">Homologa\u00e7\u00e3o do Edital 23\/2024 &#8211; PROSEL 2025<\/a><\/div>\n\n\n\n<div class=\"wp-block-file\"><a id=\"wp-block-file--media-37d7f6bb-de4c-4f24-b246-c8e46c4a4e06\" href=\"https:\/\/www.ifbaiano.edu.br\/unidades\/itaberaba\/files\/2024\/09\/1a-Retificacao-ao-Edital-23_2024-PROSEL-2025.pdf\" target=\"_blank\" rel=\"noreferrer noopener\">1\u00aa Retifica\u00e7\u00e3o ao Edital 23\/2024 &#8211; PROSEL 2025<\/a><\/div>\n\n\n\n<div class=\"wp-block-file\"><a id=\"wp-block-file--media-71b69e68-e4ba-4158-ad44-919ae4803740\" href=\"https:\/\/www.ifbaiano.edu.br\/unidades\/itaberaba\/files\/2024\/09\/2a-Retificacao-ao-Edital-23_2024-PROSEL-2025.pdf\" target=\"_blank\" rel=\"noreferrer noopener\">2\u00aa Retifica\u00e7\u00e3o ao Edital 23\/2024 &#8211; PROSEL 2025<\/a><\/div>\n\n\n\n<div class=\"wp-block-file\"><a id=\"wp-block-file--media-80717d2b-e698-4f18-91df-767477fd17e2\" href=\"https:\/\/www.ifbaiano.edu.br\/unidades\/itaberaba\/files\/2024\/09\/Resultado-preliminar-das-inscricoes-homologadas-Edital-23_2024.pdf\" target=\"_blank\" rel=\"noreferrer noopener\">Resultado preliminar das inscri\u00e7\u00f5es homologadas &#8211; Edital 23\/2024 &#8211; PROSEL 2025<\/a><\/div>\n\n\n\n<ul>\n<li class=\"has-small-font-size\"><strong>Anexo IV<\/strong> \u2013 Formul\u00e1rio para recurso. (<a rel=\"noreferrer noopener\" href=\"https:\/\/www.ifbaiano.edu.br\/unidades\/itaberaba\/files\/2024\/09\/ANEXO-IV-Edital-23_2024.pdf\" target=\"_blank\">link para baixar\/salvar documento<\/a>)<\/li>\n<\/ul>\n\n\n\n<div class=\"wp-block-file\"><a id=\"wp-block-file--media-2d41b75f-f3bb-433b-8429-09bf4d1dde25\" href=\"https:\/\/www.ifbaiano.edu.br\/unidades\/itaberaba\/files\/2024\/09\/Resultado-da-Interposicao-de-Recursos-a-Lista-Preliminar-de-Inscricoes-Homologadas-Edital-23_2024.pdf\" target=\"_blank\" rel=\"noreferrer noopener\">Resultado da Interposi\u00e7\u00e3o de Recursos a Lista Preliminar de Inscri\u00e7\u00f5es Homologadas &#8211; Edital 23\/2024<\/a><\/div>\n\n\n\n<div class=\"wp-block-file\"><a id=\"wp-block-file--media-f22f065b-d1f1-48c6-acd6-94d56f80a463\" href=\"https:\/\/www.ifbaiano.edu.br\/unidades\/itaberaba\/files\/2024\/09\/Resultado-Final-de-Inscricoes-Homologadas-Edital-23_2024.pdf\" target=\"_blank\" rel=\"noreferrer noopener\">Resultado Final de Inscri\u00e7\u00f5es Homologadas &#8211; Edital 23\/2024<\/a><\/div>\n\n\n\n<div class=\"wp-block-file\"><a id=\"wp-block-file--media-27a807cd-d595-4291-90c3-e69aa0a51b9e\" href=\"https:\/\/www.ifbaiano.edu.br\/unidades\/itaberaba\/files\/2024\/09\/Edital-de-Convocacao-dos-candidatosas-para-entrevista-da-Banca-de-Verificacao-de-Autodeclaracao-Etnico-Racial-Edital-23_2024.pdf\" target=\"_blank\" rel=\"noreferrer noopener\">Edital de Convoca\u00e7\u00e3o dos candidatos(as) para entrevista da Banca de Verifica\u00e7\u00e3o de Autodeclara\u00e7\u00e3o \u00c9tnico-Racial &#8211; Edital 23\/2024<\/a><\/div>\n\n\n\n<div class=\"wp-block-file\"><a id=\"wp-block-file--media-aa8a29ef-f75d-4aa4-972a-6dc15ef908b6\" href=\"https:\/\/www.ifbaiano.edu.br\/unidades\/itaberaba\/files\/2024\/09\/1a-Retificacao-ao-Resultado-da-Interposicao-de-Recursos-a-Lista-Preliminar-de-Inscricoes-Homologadas-Edital-23_2024.pdf\" target=\"_blank\" rel=\"noreferrer noopener\">1\u00aa Retifica\u00e7\u00e3o ao Resultado da Interposi\u00e7\u00e3o de Recursos \u00e0 Lista Preliminar de Inscri\u00e7\u00f5es Homologadas &#8211; Edital 23\/2024<\/a><\/div>\n\n\n\n<div class=\"wp-block-file\"><a id=\"wp-block-file--media-54b735fa-24f5-4ef6-a5f8-1eff051fc199\" href=\"https:\/\/www.ifbaiano.edu.br\/unidades\/itaberaba\/files\/2024\/09\/1a-Retificacao-ao-Resultado-Final-de-Inscricoes-Homologadas-Edital-23_2024.pdf\" target=\"_blank\" rel=\"noreferrer noopener\">1\u00aa Retifica\u00e7\u00e3o ao Resultado Final de Inscri\u00e7\u00f5es Homologadas &#8211; Edital 23\/2024<\/a><\/div>\n\n\n\n<div class=\"wp-block-file\"><a id=\"wp-block-file--media-98e75e68-d81c-4926-a987-11bd38d98e28\" href=\"https:\/\/www.ifbaiano.edu.br\/unidades\/itaberaba\/files\/2024\/09\/1a-Convocacao-ao-Edital-de-Convocacao-dos-candidatosas-para-entrevista-da-Banca-de-Verificacao-de-Autodeclaracao-Etnico-Racial-Edital-23_2024.pdf\" target=\"_blank\" rel=\"noreferrer noopener\">1\u00aa Retifica\u00e7\u00e3o da Convoca\u00e7\u00e3o ao Edital de Convoca\u00e7\u00e3o dos candidatos(as) para entrevista da Banca de Verifica\u00e7\u00e3o de Autodeclara\u00e7\u00e3o \u00c9tnico-Racial &#8211; Edital 23\/2024<\/a><\/div>\n\n\n\n<div class=\"wp-block-file\"><a id=\"wp-block-file--media-952566b1-a775-4ef7-8d2e-865cbda15095\" href=\"https:\/\/www.ifbaiano.edu.br\/unidades\/itaberaba\/files\/2024\/09\/2a-Retificacao-ao-Resultado-da-Interposicao-de-Recursos-a-Lista-Preliminar-de-Inscricoes-Homologadas-Edital-23_2024.pdf\" target=\"_blank\" rel=\"noreferrer noopener\">2\u00aa Retifica\u00e7\u00e3o ao Resultado da Interposi\u00e7\u00e3o de Recursos \u00e0 Lista Preliminar de Inscri\u00e7\u00f5es Homologadas &#8211; Edital 23\/2024<\/a><\/div>\n\n\n\n<div class=\"wp-block-file\"><a id=\"wp-block-file--media-b69d322b-7563-4675-be81-0ab7c2f1e865\" href=\"https:\/\/www.ifbaiano.edu.br\/unidades\/itaberaba\/files\/2024\/09\/1a-Retificacao-do-Resultado-preliminar-das-inscricoes-homologadas-Edital-23_2024.pdf\" target=\"_blank\" rel=\"noreferrer noopener\">1\u00aa Retifica\u00e7\u00e3o do Resultado preliminar das inscri\u00e7\u00f5es homologadas &#8211; Edital 23\/2024<\/a><\/div>\n\n\n\n<div class=\"wp-block-file\"><a id=\"wp-block-file--media-c724f4eb-57f3-4353-ac5e-d847537e2fae\" href=\"https:\/\/www.ifbaiano.edu.br\/unidades\/itaberaba\/files\/2024\/09\/2a-Retificacao-ao-Resultado-Final-de-Inscricoes-Homologadas-Edital-23_2024.pdf\" target=\"_blank\" rel=\"noreferrer noopener\">2\u00aa Retifica\u00e7\u00e3o ao Resultado Final de Inscri\u00e7\u00f5es Homologadas &#8211; Edital 23\/2024<\/a><\/div>\n\n\n\n<div class=\"wp-block-file\"><a id=\"wp-block-file--media-ac2a2206-0f58-4b2b-bd70-2297f9856975\" href=\"https:\/\/www.ifbaiano.edu.br\/unidades\/itaberaba\/files\/2024\/09\/2a-Retificacao-da-Convocacao-ao-Edital-de-Convocacao-dos-candidatosas-para-entrevista-da-Banca-de-Verificacao-de-Autodeclaracao-Etnico-Racial-Edital-23_2024.pdf\" target=\"_blank\" rel=\"noreferrer noopener\">2\u00aa Retifica\u00e7\u00e3o da Convoca\u00e7\u00e3o ao Edital de Convoca\u00e7\u00e3o dos candidatos(as) para entrevista da Banca de Verifica\u00e7\u00e3o de Autodeclara\u00e7\u00e3o \u00c9tnico-Racial &#8211; Edital 23\/2024<\/a><\/div>\n\n\n\n<div class=\"wp-block-file\"><a id=\"wp-block-file--media-dcc5f2b6-10ce-4bea-8843-fcc07edfaf2f\" href=\"https:\/\/www.ifbaiano.edu.br\/unidades\/itaberaba\/files\/2024\/09\/2a-Retificacao-do-Resultado-preliminar-das-inscricoes-homologadas-Edital-23_2024.pdf\" target=\"_blank\" rel=\"noreferrer noopener\">2\u00aa Retifica\u00e7\u00e3o do Resultado preliminar das inscri\u00e7\u00f5es homologadas &#8211; Edital 23\/2024<\/a><\/div>\n\n\n\n<div class=\"wp-block-file\"><a id=\"wp-block-file--media-d9fbbd78-bb68-43b2-9d43-6fbdf049be45\" href=\"https:\/\/www.ifbaiano.edu.br\/unidades\/itaberaba\/files\/2024\/09\/3a-Retificacao-ao-Resultado-Final-de-Inscricoes-Homologadas-Edital-23_2024.pdf\" target=\"_blank\" rel=\"noreferrer noopener\">3\u00aa Retifica\u00e7\u00e3o ao Resultado Final de Inscri\u00e7\u00f5es Homologadas &#8211; Edital 23\/2024<\/a><\/div>\n\n\n\n<div class=\"wp-block-file\"><a id=\"wp-block-file--media-95874283-e641-47bc-86ad-0c955a29bb02\" href=\"https:\/\/www.ifbaiano.edu.br\/unidades\/itaberaba\/files\/2024\/09\/3a-Retificacao-da-Convocacao-ao-Edital-de-Convocacao-dos-candidatosas-para-entrevista-da-Banca-de-Verificacao-de-Autodeclaracao-Etnico-Racial-Edital-23_2024.pdf\" target=\"_blank\" rel=\"noreferrer noopener\">3\u00aa Retifica\u00e7\u00e3o da Convoca\u00e7\u00e3o ao Edital de Convoca\u00e7\u00e3o dos candidatos(as) para entrevista da Banca de Verifica\u00e7\u00e3o de Autodeclara\u00e7\u00e3o \u00c9tnico-Racial &#8211; Edital 23\/2024<\/a><\/div>\n\n\n\n<div class=\"wp-block-file\"><a id=\"wp-block-file--media-0888f499-93f0-4a3a-86af-9a00d7624f38\" href=\"https:\/\/www.ifbaiano.edu.br\/unidades\/itaberaba\/files\/2024\/09\/Resultado-Preliminar-da-Banca-de-Verificacao-de-Autodeclaracao-Etnico-Racial-Edital-23_2024.pdf\" target=\"_blank\" rel=\"noreferrer noopener\">Resultado Preliminar da Banca de Verifica\u00e7\u00e3o de Autodeclara\u00e7\u00e3o \u00c9tnico-Racial &#8211; Edital 23\/2024<\/a><\/div>\n\n\n\n<div class=\"wp-block-file\"><a id=\"wp-block-file--media-e3a13845-3b8c-4a3c-8539-0ad3a74514c3\" href=\"https:\/\/www.ifbaiano.edu.br\/unidades\/itaberaba\/files\/2024\/09\/Classificacao-de-Candidatos-em-atendimento-ao-\u00a7-2o-do-inciso-II-do-art.-2o-do-Decreto-no-7.824_2012-Edital-23_2024.pdf\" target=\"_blank\" rel=\"noreferrer noopener\">Classifica\u00e7\u00e3o de Candidatos em atendimento ao \u00a7 2\u00ba do inciso II do art. 2\u00ba do Decreto n\u00ba 7.824_2012 &#8211; Edital 23\/2024<\/a><\/div>\n\n\n\n<div class=\"wp-block-file\"><a id=\"wp-block-file--media-372cc68c-5bfe-4332-b1a6-feeac44561f7\" href=\"https:\/\/www.ifbaiano.edu.br\/unidades\/itaberaba\/files\/2024\/09\/Resultado-preliminar-da-analise-de-desempenho-Escolar-Edital-23_2024.pdf\" target=\"_blank\" rel=\"noreferrer noopener\">Resultado preliminar da an\u00e1lise de desempenho Escolar &#8211; Edital 23\/2024<\/a><\/div>\n\n\n\n<div class=\"wp-block-file\"><a id=\"wp-block-file--media-f0f1a7b4-5c75-48d0-b7e9-a1f949edd54c\" href=\"https:\/\/www.ifbaiano.edu.br\/unidades\/itaberaba\/files\/2024\/09\/1a-Retificacao-do-Resultado-preliminar-da-analise-de-desempenho-Escolar-Edital-23_2024.pdf\" target=\"_blank\" rel=\"noreferrer noopener\">1\u00aa Retifica\u00e7\u00e3o do Resultado preliminar da an\u00e1lise de desempenho Escolar &#8211; Edital 23\/2024<\/a><\/div>\n\n\n\n<ul class=\"has-small-font-size\">\n<li><strong>Anexo IV<\/strong> \u2013 Formul\u00e1rio para recurso. (<a rel=\"noreferrer noopener\" href=\"https:\/\/www.ifbaiano.edu.br\/unidades\/itaberaba\/files\/2024\/09\/ANEXO-IV-Edital-23_2024.pdf\" target=\"_blank\">link para baixar\/salvar documento<\/a>)<\/li>\n<\/ul>\n\n\n\n<div class=\"wp-block-file\"><a id=\"wp-block-file--media-1870b185-463f-4e16-8819-dea7da85b3a9\" href=\"https:\/\/www.ifbaiano.edu.br\/unidades\/itaberaba\/files\/2024\/09\/Resultado-dos-Recursos-Interpostos-a-Analise-Preliminar-do-Historico-Escolar-Edital-23_2024.pdf\" target=\"_blank\" rel=\"noreferrer noopener\">Resultado dos Recursos Interpostos \u00e0 An\u00e1lise Preliminar do Hist\u00f3rico Escolar &#8211; Edital 23\/2024<\/a><\/div>\n\n\n\n<div class=\"wp-block-file\"><a id=\"wp-block-file--media-e78c4fe5-aa00-474d-99e0-280d34a23188\" href=\"https:\/\/www.ifbaiano.edu.br\/unidades\/itaberaba\/files\/2024\/09\/Resultado-Final-da-Analise-de-Desempenho-Escolar-Edital-23_2024.pdf\" target=\"_blank\" rel=\"noreferrer noopener\">Resultado Final da An\u00e1lise de Desempenho Escolar &#8211; Edital 23\/2024<\/a><\/div>\n\n\n\n<div class=\"wp-block-file\"><a id=\"wp-block-file--media-f0b59c34-0fc7-4377-b016-5df362a2893b\" href=\"https:\/\/www.ifbaiano.edu.br\/unidades\/itaberaba\/files\/2024\/09\/Edital-27_2024-\u2013-Edital-de-Matricula-Integrado-PROSEL-2025.pdf\" target=\"_blank\" rel=\"noreferrer noopener\">Edital 27\/2024 \u2013 Edital de Matr\u00edcula Integrado PROSEL 2025 (1\u00aa Chamada)<\/a><\/div>\n\n\n\n<div class=\"wp-block-file\"><a id=\"wp-block-file--media-fd8b12cb-0366-460e-a2b4-3286d048a7a7\" href=\"https:\/\/www.ifbaiano.edu.br\/unidades\/itaberaba\/files\/2024\/09\/1a-Retificacao-Edital-27_2024-\u2013-Edital-de-Matricula-Integrado-PROSEL-2025.pdf\" target=\"_blank\" rel=\"noreferrer noopener\">1\u00aa Retifica\u00e7\u00e3o &#8211; Edital 27\/2024 \u2013 Edital de Matr\u00edcula Integrado PROSEL 2025<\/a><\/div>\n\n\n\n<div class=\"wp-block-file\"><a id=\"wp-block-file--media-7429131f-a2b7-4a4c-b34b-f672a979961b\" href=\"https:\/\/www.ifbaiano.edu.br\/unidades\/itaberaba\/files\/2024\/09\/1a-Retificacao-do-Resultado-dos-Recursos-Interpostos-a-Analise-Preliminar-do-Historico-Escolar-Edital-23_2024.pdf\" target=\"_blank\" rel=\"noreferrer noopener\">1\u00aa Retifica\u00e7\u00e3o do Resultado dos Recursos Interpostos \u00e0 An\u00e1lise Preliminar do Hist\u00f3rico Escolar &#8211; Edital 23_2024<\/a><\/div>\n\n\n\n<div class=\"wp-block-file\"><a id=\"wp-block-file--media-e0d54768-e045-40ab-a46c-9d99ac1fb08b\" href=\"https:\/\/www.ifbaiano.edu.br\/unidades\/itaberaba\/files\/2024\/09\/2a-Chamada-Edital-de-Matricula-Integrado-PROSEL-2025.pdf\" target=\"_blank\" rel=\"noreferrer noopener\">2\u00aa Chamada &#8211; Edital de Matr\u00edcula Integrado PROSEL 2025<\/a><\/div>\n\n\n\n<div class=\"wp-block-file\"><a id=\"wp-block-file--media-ada32c70-eb9b-4f87-8aa6-6786a21cd5de\" href=\"https:\/\/www.ifbaiano.edu.br\/unidades\/itaberaba\/files\/2024\/09\/Documento-Complementar-a-2a-Chamada-Edital-de-Matricula-2025-PROSEL-2025-Integrado-Edital-23_2024.pdf\" target=\"_blank\" rel=\"noreferrer noopener\">Documento Complementar \u00e0 2\u00aa Chamada &#8211; Edital de Matr\u00edcula 2025<\/a><\/div>\n\n\n\n<div class=\"wp-block-file\"><a id=\"wp-block-file--media-17afa91b-7a09-4dc8-a7b3-2bebc4ce80c4\" href=\"https:\/\/www.ifbaiano.edu.br\/unidades\/itaberaba\/files\/2024\/09\/3a-Chamada-Edital-de-Matricula-Integrado-PROSEL-2025.pdf\" target=\"_blank\" rel=\"noreferrer noopener\">3\u00aa Chamada &#8211; Edital de Matr\u00edcula Integrado PROSEL 2025<\/a><\/div>\n\n\n\n<div class=\"wp-block-file\"><a id=\"wp-block-file--media-73c8e681-551a-4030-8c95-b95e3ff55e43\" href=\"https:\/\/www.ifbaiano.edu.br\/unidades\/itaberaba\/files\/2024\/09\/Documento-Complementar-a-3a-Chamada-\u2013-Edital-de-Matricula-2025.pdf\" target=\"_blank\" rel=\"noreferrer noopener\">Documento Complementar \u00e0 3\u00aa Chamada \u2013 Edital de Matr\u00edcula 2025<\/a><\/div>\n\n\n\n<div class=\"wp-block-file\"><a id=\"wp-block-file--media-e8262542-80af-4f09-b168-20c9d69f92df\" href=\"https:\/\/www.ifbaiano.edu.br\/unidades\/itaberaba\/files\/2024\/09\/4a-Chamada-\u2013-Edital-de-Matricula-Integrado-PROSEL-2025.pdf\" target=\"_blank\" rel=\"noreferrer noopener\">4\u00aa Chamada \u2013 Edital de Matr\u00edcula Integrado PROSEL 2025<\/a><\/div>\n\n\n\n<div class=\"wp-block-file\"><a id=\"wp-block-file--media-58dfed05-a5db-4a62-8298-b2d806e5eaf2\" href=\"https:\/\/www.ifbaiano.edu.br\/unidades\/itaberaba\/files\/2024\/09\/Documento-Complementar-a-4a-Chamada-\u2013-Edital-de-Matricula-2025.pdf\" target=\"_blank\" rel=\"noreferrer noopener\">Documento Complementar \u00e0 4\u00aa Chamada \u2013 Edital de Matr\u00edcula 2025<\/a><\/div>\n\n\n\n<div class=\"wp-block-file\"><a id=\"wp-block-file--media-8a44791b-9aeb-43ef-9ce1-7e3e35bcbdb1\" href=\"https:\/\/www.ifbaiano.edu.br\/unidades\/itaberaba\/files\/2024\/09\/5a-Chamada-Edital-de-Matricula-Integrado-PROSEL-2025.pdf\" target=\"_blank\" rel=\"noreferrer noopener\">5\u00aa Chamada &#8211; Edital de Matr\u00edcula Integrado PROSEL 2025<\/a><\/div>\n\n\n\n<div class=\"wp-block-file\"><a id=\"wp-block-file--media-a1ebac18-c6b2-4f0b-97aa-cd14dd4f3f86\" href=\"https:\/\/www.ifbaiano.edu.br\/unidades\/itaberaba\/files\/2024\/09\/6a-Chamada-Edital-de-Matricula-Integrado-PROSEL-2025.pdf\" target=\"_blank\" rel=\"noreferrer noopener\">6\u00aa Chamada &#8211; Edital de Matr\u00edcula Integrado PROSEL 2025<\/a><\/div>\n\n\n\n<div class=\"wp-block-file\"><a id=\"wp-block-file--media-82d1e480-393b-4cd2-9460-f01c1fac611b\" href=\"https:\/\/www.ifbaiano.edu.br\/unidades\/itaberaba\/files\/2024\/09\/7a-Chamada-Edital-de-Matricula-Integrado-PROSEL-2025.pdf\" target=\"_blank\" rel=\"noreferrer noopener\">7\u00aa Chamada &#8211; Edital de Matr\u00edcula Integrado PROSEL 2025<\/a><\/div>\n\n\n\n<hr class=\"wp-block-separator has-alpha-channel-opacity\" \/>\n\n\n\n<p class=\"has-small-font-size\">D\u00favidas e demais informa\u00e7\u00f5es devem ser enviadas para o e-mail:&nbsp;<strong><em><strong>prosel@itaberaba.ifbaiano.edu.br<\/strong><\/em><\/strong><\/p>\n\n\n\n<p class=\"has-small-font-size\" id=\"block-25edc71c-be4a-4b32-8460-db456cc96d4c\">Siga-nos nas nossas redes sociais:<\/p>\n\n\n\n<p class=\"has-small-font-size\" id=\"block-6a22882e-fdbb-4aef-b03f-aa2822df5e04\"><strong>Youtube:<\/strong>&nbsp;<a href=\"https:\/\/www.youtube.com\/channel\/UCLiYZOl-Y4XolyuZyjVwgqg\">IF Baiano Itaberaba<\/a><\/p>\n\n\n\n<p class=\"has-small-font-size\" id=\"block-82e53c8b-85c6-499c-9796-4178319c0603\"><strong>Instagram:<\/strong>&nbsp;<a href=\"https:\/\/www.instagram.com\/ifbaiano.itaberaba\/\">@ifbaiano.itaberaba<\/a><\/p>\n\n\n\n<p class=\"has-small-font-size\" id=\"block-2ed0dc64-d422-422d-ba7e-fd9a83c03be2\"><strong>Facebook:<\/strong>&nbsp;<a href=\"https:\/\/www.facebook.com\/ifbaiano.itaberaba\">@ifbaiano.itaberaba<\/a><\/p>\n","protected":false},"excerpt":{"rendered":"<p>Apresenta\u00e7\u00e3o: A DIRETORA-GERAL DO INSTITUTO FEDERAL DE EDUCA\u00c7\u00c3O, CI\u00caNCIA E TECNOLOGIA BAIANO &#8211; IF BAIANO, CAMPUS ITABERABA, nomeada pela Portaria n\u00ba 279, de 18 de mar\u00e7o de 2022, publica\u00e7\u00e3o no DOU em 21 de mar\u00e7o de 2022, e consoante as atribui\u00e7\u00f5es delegadas pela Portaria Normativa n\u00ba 13\/2022 &#8211; RET-GAB\/RET\/IFBAIANO, de 11 de mar\u00e7o de 2022, [&hellip;]<\/p>\n","protected":false},"author":105,"featured_media":0,"comment_status":"open","ping_status":"open","sticky":true,"template":"","format":"standard","meta":[],"categories":[129,58,15,5],"tags":[],"_links":{"self":[{"href":"https:\/\/www.ifbaiano.edu.br\/unidades\/itaberaba\/wp-json\/wp\/v2\/posts\/8717"}],"collection":[{"href":"https:\/\/www.ifbaiano.edu.br\/unidades\/itaberaba\/wp-json\/wp\/v2\/posts"}],"about":[{"href":"https:\/\/www.ifbaiano.edu.br\/unidades\/itaberaba\/wp-json\/wp\/v2\/types\/post"}],"author":[{"embeddable":true,"href":"https:\/\/www.ifbaiano.edu.br\/unidades\/itaberaba\/wp-json\/wp\/v2\/users\/105"}],"replies":[{"embeddable":true,"href":"https:\/\/www.ifbaiano.edu.br\/unidades\/itaberaba\/wp-json\/wp\/v2\/comments?post=8717"}],"version-history":[{"count":45,"href":"https:\/\/www.ifbaiano.edu.br\/unidades\/itaberaba\/wp-json\/wp\/v2\/posts\/8717\/revisions"}],"predecessor-version":[{"id":9123,"href":"https:\/\/www.ifbaiano.edu.br\/unidades\/itaberaba\/wp-json\/wp\/v2\/posts\/8717\/revisions\/9123"}],"wp:attachment":[{"href":"https:\/\/www.ifbaiano.edu.br\/unidades\/itaberaba\/wp-json\/wp\/v2\/media?parent=8717"}],"wp:term":[{"taxonomy":"category","embeddable":true,"href":"https:\/\/www.ifbaiano.edu.br\/unidades\/itaberaba\/wp-json\/wp\/v2\/categories?post=8717"},{"taxonomy":"post_tag","embeddable":true,"href":"https:\/\/www.ifbaiano.edu.br\/unidades\/itaberaba\/wp-json\/wp\/v2\/tags?post=8717"}],"curies":[{"name":"wp","href":"https:\/\/api.w.org\/{rel}","templated":true}]}}