{"id":9616,"date":"2025-11-25T18:34:55","date_gmt":"2025-11-25T21:34:55","guid":{"rendered":"https:\/\/www.ifbaiano.edu.br\/unidades\/itaberaba\/?p=9616"},"modified":"2025-12-11T18:01:53","modified_gmt":"2025-12-11T21:01:53","slug":"edital-244-2025-mulheres-mil","status":"publish","type":"post","link":"https:\/\/www.ifbaiano.edu.br\/unidades\/itaberaba\/2025\/11\/25\/edital-244-2025-mulheres-mil\/","title":{"rendered":"Campus Itaberaba publica Edital de Sele\u00e7\u00e3o Interna para o Programa Mulheres Mil (Edital 244\/2025)"},"content":{"rendered":"\n<div id=\"ProreitoriaTopoTitulo\">Apresenta\u00e7\u00e3o:\n\t\t\t\t<\/div>\n\n\n\n<p style=\"text-align: justify\" class=\"has-small-font-size\">\n    <strong>O REITOR DO INSTITUTO FEDERAL DE EDUCA\u00c7\u00c3O, CI\u00caNCIA E TECNOLOGIA BAIANO<\/strong>, no uso de suas atribui\u00e7\u00f5es legais, torna p\u00fablico o <strong>Edital n\u00ba 244\/2025<\/strong>, contendo as normas referentes \u00e0 forma\u00e7\u00e3o de cadastro de reserva t\u00e9cnica, destinado \u00e0 contrata\u00e7\u00e3o, por tempo determinado, de bolsista para ocupar a fun\u00e7\u00e3o de <strong>Apoio \u00e0s Atividades Acad\u00eamicas e Administrativas<\/strong> e <strong>Professor Formador<\/strong> do Curso de Forma\u00e7\u00e3o Inicial e Continuada (FIC) de <strong>Costureiro(a) de M\u00e1quina Reta e Overloque<\/strong>, na modalidade presencial, no \u00e2mbito do <em>Campus<\/em> Itaberaba \u2013 Programa Mulheres Mil, em conson\u00e2ncia com a Lei 12.513\/2011 e a Resolu\u00e7\u00e3o CD\/FNDE n\u00ba 62\/2011.\n<\/p>\n\n<p style=\"text-align: justify\" class=\"has-small-font-size\">\n    As inscri\u00e7\u00f5es s\u00e3o gratuitas e dever\u00e3o ser realizadas no per\u00edodo de <strong>27 de novembro a 02 de dezembro de 2025<\/strong>. O(A) candidato(a) dever\u00e1 encaminhar a documenta\u00e7\u00e3o exigida, em formato PDF, para o e-mail <strong>mulheres.mil@itaberaba.ifbaiano.edu.br<\/strong>.\n<\/p>\n\n\n\n<div id=\"ProreitoriaTopoTitulo\">\n\t\t\t\t\tInscri\u00e7\u00e3o:\n\t\t\t\t<\/div>\n\n\n\n<p><strong>Per\u00edodo de Inscri\u00e7\u00e3o:<\/strong> 27\/11 a 02\/12\/2025 &#8211; Inscri\u00e7\u00f5es Encerradas.<\/p>\n\n\n\n<br><br>\n\n\n\n<div id=\"ProreitoriaTopoTitulo\">\n\t\t\t\t\tEditais e Documentos:\n\t\t\t\t<\/div>\n\n\n\n<div class=\"wp-block-file\"><a id=\"wp-block-file--media-ee6d97b8-6e95-43a5-8566-70b7d646b267\" href=\"https:\/\/www.ifbaiano.edu.br\/unidades\/itaberaba\/files\/2025\/11\/Edital-244_2025-Mulheres-Mil.pdf\" target=\"_blank\" rel=\"noreferrer noopener\">Edital 244\/2025 &#8211; Mulheres Mil<\/a><\/div>\n\n\n\n<div class=\"wp-block-file\"><a id=\"wp-block-file--media-41854a70-11b7-47f4-a4c0-3822accd4f2a\" href=\"https:\/\/www.ifbaiano.edu.br\/unidades\/itaberaba\/files\/2025\/11\/1a-Retificacao-do-Edital-244_2025.pdf\" target=\"_blank\" rel=\"noreferrer noopener\">1\u00aa Retifica\u00e7\u00e3o do Edital 244\/2025<\/a><\/div>\n\n\n\n<div class=\"wp-block-file\"><a id=\"wp-block-file--media-5f96ba10-054a-4b47-817c-114e648ccc31\" href=\"https:\/\/www.ifbaiano.edu.br\/unidades\/itaberaba\/files\/2025\/11\/Homologacao-das-inscricoes-Edital-244_2025.pdf\" target=\"_blank\" rel=\"noreferrer noopener\">Homologa\u00e7\u00e3o das inscri\u00e7\u00f5es &#8211; Edital 244\/2025<\/a><\/div>\n\n\n\n<div class=\"wp-block-file\"><a id=\"wp-block-file--media-3073e910-def6-4ff1-8516-f0d5e1f2a0e2\" href=\"https:\/\/www.ifbaiano.edu.br\/unidades\/itaberaba\/files\/2025\/11\/Homologacao-Final-das-Inscricoes-Edital-244_2025.pdf\" target=\"_blank\" rel=\"noreferrer noopener\">Homologa\u00e7\u00e3o Final das Inscri\u00e7\u00f5es &#8211; Edital 244\/2025<\/a><\/div>\n\n\n\n<div class=\"wp-block-file\"><a id=\"wp-block-file--media-15e8ec09-d3f3-4e05-a310-934cf7d7299a\" href=\"https:\/\/www.ifbaiano.edu.br\/unidades\/itaberaba\/files\/2025\/11\/Resultado-Preliminar-da-Classificacao-Edital-244_2025.pdf\" target=\"_blank\" rel=\"noreferrer noopener\">Resultado Preliminar da Classifica\u00e7\u00e3o &#8211; Edital 244\/2025<\/a><\/div>\n\n\n\n<div class=\"wp-block-file\"><a id=\"wp-block-file--media-ed5ea54a-3876-40b4-b0f4-1016ad42a7cd\" href=\"https:\/\/www.ifbaiano.edu.br\/unidades\/itaberaba\/files\/2025\/11\/Resultado-Final-da-Classificacao-Edital-244_2025.pdf\" target=\"_blank\" rel=\"noreferrer noopener\">Resultado Final da Classifica\u00e7\u00e3o &#8211; Edital 244\/2025<\/a><\/div>\n","protected":false},"excerpt":{"rendered":"<p>Apresenta\u00e7\u00e3o: O REITOR DO INSTITUTO FEDERAL DE EDUCA\u00c7\u00c3O, CI\u00caNCIA E TECNOLOGIA BAIANO, no uso de suas atribui\u00e7\u00f5es legais, torna p\u00fablico o Edital n\u00ba 244\/2025, contendo as normas referentes \u00e0 forma\u00e7\u00e3o de cadastro de reserva t\u00e9cnica, destinado \u00e0 contrata\u00e7\u00e3o, por tempo determinado, de bolsista para ocupar a fun\u00e7\u00e3o de Apoio \u00e0s Atividades Acad\u00eamicas e Administrativas e [&hellip;]<\/p>\n","protected":false},"author":105,"featured_media":0,"comment_status":"open","ping_status":"open","sticky":false,"template":"","format":"standard","meta":[],"categories":[4,129,15,5],"tags":[],"_links":{"self":[{"href":"https:\/\/www.ifbaiano.edu.br\/unidades\/itaberaba\/wp-json\/wp\/v2\/posts\/9616"}],"collection":[{"href":"https:\/\/www.ifbaiano.edu.br\/unidades\/itaberaba\/wp-json\/wp\/v2\/posts"}],"about":[{"href":"https:\/\/www.ifbaiano.edu.br\/unidades\/itaberaba\/wp-json\/wp\/v2\/types\/post"}],"author":[{"embeddable":true,"href":"https:\/\/www.ifbaiano.edu.br\/unidades\/itaberaba\/wp-json\/wp\/v2\/users\/105"}],"replies":[{"embeddable":true,"href":"https:\/\/www.ifbaiano.edu.br\/unidades\/itaberaba\/wp-json\/wp\/v2\/comments?post=9616"}],"version-history":[{"count":14,"href":"https:\/\/www.ifbaiano.edu.br\/unidades\/itaberaba\/wp-json\/wp\/v2\/posts\/9616\/revisions"}],"predecessor-version":[{"id":9653,"href":"https:\/\/www.ifbaiano.edu.br\/unidades\/itaberaba\/wp-json\/wp\/v2\/posts\/9616\/revisions\/9653"}],"wp:attachment":[{"href":"https:\/\/www.ifbaiano.edu.br\/unidades\/itaberaba\/wp-json\/wp\/v2\/media?parent=9616"}],"wp:term":[{"taxonomy":"category","embeddable":true,"href":"https:\/\/www.ifbaiano.edu.br\/unidades\/itaberaba\/wp-json\/wp\/v2\/categories?post=9616"},{"taxonomy":"post_tag","embeddable":true,"href":"https:\/\/www.ifbaiano.edu.br\/unidades\/itaberaba\/wp-json\/wp\/v2\/tags?post=9616"}],"curies":[{"name":"wp","href":"https:\/\/api.w.org\/{rel}","templated":true}]}}