{"id":9630,"date":"2025-12-04T10:30:26","date_gmt":"2025-12-04T13:30:26","guid":{"rendered":"https:\/\/www.ifbaiano.edu.br\/unidades\/itaberaba\/?p=9630"},"modified":"2025-12-23T14:06:54","modified_gmt":"2025-12-23T17:06:54","slug":"edital-252-2025-selecao-alunas-costureira-mulheres-mil","status":"publish","type":"post","link":"https:\/\/www.ifbaiano.edu.br\/unidades\/itaberaba\/2025\/12\/04\/edital-252-2025-selecao-alunas-costureira-mulheres-mil\/","title":{"rendered":"Edital n\u00ba 252\/2025: Sele\u00e7\u00e3o de Estudantes para o Curso de Costureira (Programa Mulheres Mil)"},"content":{"rendered":"\n<div id=\"ProreitoriaTopoTitulo\">Apresenta\u00e7\u00e3o:\n\t\t\t\t<\/div>\n\n\n\n<p style=\"text-align: justify\" class=\"has-small-font-size\"> <strong>O\nPR\u00d3-REITOR DE EXTENS\u00c3O DO INSTITUTO FEDERAL DE EDUCA\u00c7\u00c3O, CI\u00caNCIA E\nTECNOLOGIA BAIANO &#8211; IF BAIANO<\/strong>, no uso de suas atribui\u00e7\u00f5es\nlegais, torna p\u00fablica a abertura de inscri\u00e7\u00f5es para o Processo Seletivo\nSimplificado de estudantes para o Curso de Qualifica\u00e7\u00e3o Profissional de\n<strong>Costureira de M\u00e1quina Reta e Overloque<\/strong>, na modalidade\npresencial, no \u00e2mbito do <strong>Programa Mulheres Mil<\/strong> (<em>Campus<\/em>\nItaberaba).\n<\/p>\n\n\n\n<div id=\"ProreitoriaTopoTitulo\">\n\t\t\t\t\tInscri\u00e7\u00e3o:\n\t\t\t\t<\/div>\n\n\n\n<p style=\"text-align: justify\" class=\"has-small-font-size\"> \nAs inscri\u00e7\u00f5es s\u00e3o gratuitas e ocorrer\u00e3o no per\u00edodo de <strong>15 a 17\nde dezembro de 2025<\/strong>, das 08h \u00e0s 11h, no <strong>Centro de\nForma\u00e7\u00e3o Profissional<\/strong> (Rua Da Palmeira, 460, Oriente,\nItaberaba &#8211; BA).\n<\/p>\n<p style=\"text-align: justify\" class=\"has-small-font-size\"> A sele\u00e7\u00e3o\nser\u00e1 realizada por <strong>ordem de inscri\u00e7\u00e3o<\/strong>. \u00c9 necess\u00e1rio\napresentar documenta\u00e7\u00e3o original e c\u00f3pia (RG, CPF, Comprovante de\nResid\u00eancia, Comprovante de Escolaridade, Dados Banc\u00e1rios em nome da\naluna e NIS\/Cad\u00danico).\n<\/p>\n\n\n\n<div id=\"ProreitoriaTopoTitulo\">\n\t\t\t\t\tEditais e Documentos:\n\t\t\t\t<\/div>\n\n\n\n<div class=\"wp-block-file\"><a id=\"wp-block-file--media-25463cf0-599d-4d3c-880e-0d2ed2e100a9\" href=\"https:\/\/www.ifbaiano.edu.br\/unidades\/itaberaba\/files\/2025\/12\/Edital-n\u00b0-252_2025-Edital-244_2025.pdf\" target=\"_blank\" rel=\"noreferrer noopener\">Edital n\u00b0 252\/2025 (Edital 244\/2025)<\/a><\/div>\n\n\n\n<div class=\"wp-block-file\"><a id=\"wp-block-file--media-96c03438-7374-4b5d-8001-530ed81d03fd\" href=\"https:\/\/www.ifbaiano.edu.br\/unidades\/itaberaba\/files\/2025\/12\/Resultado-Preliminar-das-Inscricoes-Edital-252_2025.pdf\" target=\"_blank\" rel=\"noreferrer noopener\">Resultado Preliminar das Inscri\u00e7\u00f5es &#8211; Edital 252\/2025<\/a><\/div>\n\n\n\n<div class=\"wp-block-file\"><a id=\"wp-block-file--media-2aa64acc-90f0-42cd-9282-6f83bde2e54c\" href=\"https:\/\/www.ifbaiano.edu.br\/unidades\/itaberaba\/files\/2025\/12\/Resultado-Final-das-Inscricoes-Edital-252_2025.pdf\" target=\"_blank\" rel=\"noreferrer noopener\">Resultado Final das Inscri\u00e7\u00f5es &#8211; Edital 252\/2025<\/a><\/div>\n","protected":false},"excerpt":{"rendered":"<p>Apresenta\u00e7\u00e3o: O PR\u00d3-REITOR DE EXTENS\u00c3O DO INSTITUTO FEDERAL DE EDUCA\u00c7\u00c3O, CI\u00caNCIA E TECNOLOGIA BAIANO &#8211; IF BAIANO, no uso de suas atribui\u00e7\u00f5es legais, torna p\u00fablica a abertura de inscri\u00e7\u00f5es para o Processo Seletivo Simplificado de estudantes para o Curso de Qualifica\u00e7\u00e3o Profissional de Costureira de M\u00e1quina Reta e Overloque, na modalidade presencial, no \u00e2mbito do [&hellip;]<\/p>\n","protected":false},"author":105,"featured_media":0,"comment_status":"open","ping_status":"open","sticky":false,"template":"","format":"standard","meta":[],"categories":[4,129,15,5],"tags":[],"_links":{"self":[{"href":"https:\/\/www.ifbaiano.edu.br\/unidades\/itaberaba\/wp-json\/wp\/v2\/posts\/9630"}],"collection":[{"href":"https:\/\/www.ifbaiano.edu.br\/unidades\/itaberaba\/wp-json\/wp\/v2\/posts"}],"about":[{"href":"https:\/\/www.ifbaiano.edu.br\/unidades\/itaberaba\/wp-json\/wp\/v2\/types\/post"}],"author":[{"embeddable":true,"href":"https:\/\/www.ifbaiano.edu.br\/unidades\/itaberaba\/wp-json\/wp\/v2\/users\/105"}],"replies":[{"embeddable":true,"href":"https:\/\/www.ifbaiano.edu.br\/unidades\/itaberaba\/wp-json\/wp\/v2\/comments?post=9630"}],"version-history":[{"count":6,"href":"https:\/\/www.ifbaiano.edu.br\/unidades\/itaberaba\/wp-json\/wp\/v2\/posts\/9630\/revisions"}],"predecessor-version":[{"id":9663,"href":"https:\/\/www.ifbaiano.edu.br\/unidades\/itaberaba\/wp-json\/wp\/v2\/posts\/9630\/revisions\/9663"}],"wp:attachment":[{"href":"https:\/\/www.ifbaiano.edu.br\/unidades\/itaberaba\/wp-json\/wp\/v2\/media?parent=9630"}],"wp:term":[{"taxonomy":"category","embeddable":true,"href":"https:\/\/www.ifbaiano.edu.br\/unidades\/itaberaba\/wp-json\/wp\/v2\/categories?post=9630"},{"taxonomy":"post_tag","embeddable":true,"href":"https:\/\/www.ifbaiano.edu.br\/unidades\/itaberaba\/wp-json\/wp\/v2\/tags?post=9630"}],"curies":[{"name":"wp","href":"https:\/\/api.w.org\/{rel}","templated":true}]}}