{"id":9656,"date":"2025-12-18T18:34:12","date_gmt":"2025-12-18T21:34:12","guid":{"rendered":"https:\/\/www.ifbaiano.edu.br\/unidades\/itaberaba\/?p=9656"},"modified":"2025-12-18T18:35:00","modified_gmt":"2025-12-18T21:35:00","slug":"renovacao-de-matricula-2026-integrado","status":"publish","type":"post","link":"https:\/\/www.ifbaiano.edu.br\/unidades\/itaberaba\/2025\/12\/18\/renovacao-de-matricula-2026-integrado\/","title":{"rendered":"Renova\u00e7\u00e3o de Matr\u00edcula 2026 \u2013 Cursos da Educa\u00e7\u00e3o Profissional T\u00e9cnica de N\u00edvel M\u00e9dio, na Forma integrado ao Ensino M\u00e9dio \u2013 Modalidade Presencial, Turmas do 1\u00ba e 2\u00ba ano \u2013 Edital 46\/2025"},"content":{"rendered":"\n<p style=\"text-align: justify\" class=\"has-small-font-size\"><strong>A DIRETORA-GERAL DO INSTITUTO FEDERAL DE EDUCA\u00c7\u00c3O, CI\u00caNCIA E TECNOLOGIA BAIANO \u2013 CAMPUS ITABERABA<\/strong>, nomeada pela <strong>Portaria N\u00ba 279<\/strong>, de mar\u00e7o de 2022, publicada no DOU em 21 de mar\u00e7o de 2022, no uso de suas atribui\u00e7\u00f5es legais delegadas pela <strong>Portaria Normativa n\u00ba 13\/2022 &#8211; RET-GAB\/RET\/IFBAIANO<\/strong>, de 11 de mar\u00e7o de 2022, e suas altera\u00e7\u00f5es, <strong>CONVOCA<\/strong>, por meio deste Edital, os estudantes dos Cursos T\u00e9cnicos Integrados ao Ensino M\u00e9dio para a <strong>Renova\u00e7\u00e3o de Matr\u00edcula referente ao per\u00edodo letivo de 2026<\/strong>, estabelecendo as normas, prazos e procedimentos que regem este processo, em conson\u00e2ncia com a Organiza\u00e7\u00e3o Did\u00e1tica dos Cursos da Educa\u00e7\u00e3o Profissional T\u00e9cnica de N\u00edvel M\u00e9dio do IF Baiano.<\/p>\n\n\n\n<div id=\"ProreitoriaTopoTitulo\">\n\t\t\t\t\t Documentos Importantes: \n\t\t\t\t<\/div>\n\n\n\n<div class=\"wp-block-file\"><a id=\"wp-block-file--media-69425ec0-6221-4e96-9598-0568c0e76793\" href=\"https:\/\/www.ifbaiano.edu.br\/unidades\/itaberaba\/files\/2025\/12\/Edital-46_2025.pdf\" target=\"_blank\" rel=\"noreferrer noopener\">Edital 46\/2025<\/a><\/div>\n","protected":false},"excerpt":{"rendered":"<p>A DIRETORA-GERAL DO INSTITUTO FEDERAL DE EDUCA\u00c7\u00c3O, CI\u00caNCIA E TECNOLOGIA BAIANO \u2013 CAMPUS ITABERABA, nomeada pela Portaria N\u00ba 279, de mar\u00e7o de 2022, publicada no DOU em 21 de mar\u00e7o de 2022, no uso de suas atribui\u00e7\u00f5es legais delegadas pela Portaria Normativa n\u00ba 13\/2022 &#8211; RET-GAB\/RET\/IFBAIANO, de 11 de mar\u00e7o de 2022, e suas altera\u00e7\u00f5es, [&hellip;]<\/p>\n","protected":false},"author":105,"featured_media":0,"comment_status":"open","ping_status":"open","sticky":false,"template":"","format":"standard","meta":[],"categories":[4,129,58,5],"tags":[],"_links":{"self":[{"href":"https:\/\/www.ifbaiano.edu.br\/unidades\/itaberaba\/wp-json\/wp\/v2\/posts\/9656"}],"collection":[{"href":"https:\/\/www.ifbaiano.edu.br\/unidades\/itaberaba\/wp-json\/wp\/v2\/posts"}],"about":[{"href":"https:\/\/www.ifbaiano.edu.br\/unidades\/itaberaba\/wp-json\/wp\/v2\/types\/post"}],"author":[{"embeddable":true,"href":"https:\/\/www.ifbaiano.edu.br\/unidades\/itaberaba\/wp-json\/wp\/v2\/users\/105"}],"replies":[{"embeddable":true,"href":"https:\/\/www.ifbaiano.edu.br\/unidades\/itaberaba\/wp-json\/wp\/v2\/comments?post=9656"}],"version-history":[{"count":1,"href":"https:\/\/www.ifbaiano.edu.br\/unidades\/itaberaba\/wp-json\/wp\/v2\/posts\/9656\/revisions"}],"predecessor-version":[{"id":9658,"href":"https:\/\/www.ifbaiano.edu.br\/unidades\/itaberaba\/wp-json\/wp\/v2\/posts\/9656\/revisions\/9658"}],"wp:attachment":[{"href":"https:\/\/www.ifbaiano.edu.br\/unidades\/itaberaba\/wp-json\/wp\/v2\/media?parent=9656"}],"wp:term":[{"taxonomy":"category","embeddable":true,"href":"https:\/\/www.ifbaiano.edu.br\/unidades\/itaberaba\/wp-json\/wp\/v2\/categories?post=9656"},{"taxonomy":"post_tag","embeddable":true,"href":"https:\/\/www.ifbaiano.edu.br\/unidades\/itaberaba\/wp-json\/wp\/v2\/tags?post=9656"}],"curies":[{"name":"wp","href":"https:\/\/api.w.org\/{rel}","templated":true}]}}