{"id":9812,"date":"2026-03-04T16:13:29","date_gmt":"2026-03-04T19:13:29","guid":{"rendered":"https:\/\/www.ifbaiano.edu.br\/unidades\/itaberaba\/?p=9812"},"modified":"2026-03-11T18:02:15","modified_gmt":"2026-03-11T21:02:15","slug":"curso-costureira-de-maquina-reta-e-overloque-edital-36-2026","status":"publish","type":"post","link":"https:\/\/www.ifbaiano.edu.br\/unidades\/itaberaba\/2026\/03\/04\/curso-costureira-de-maquina-reta-e-overloque-edital-36-2026\/","title":{"rendered":"Cursos de Qualifica\u00e7\u00e3o Profissional \u2013 FIC \u2013 Campus Itaberaba \u2013 Curso Costureira de M\u00e1quina Reta e Overloque (Edital 36\/2026)"},"content":{"rendered":"\n<div id=\"ProreitoriaTopoTitulo\">Apresenta\u00e7\u00e3o:\n\t\t\t\t<\/div>\n\n\n\n<p class=\"has-small-font-size\">O Pr\u00f3-Reitor de Extens\u00e3o do Instituto Federal de Educa\u00e7\u00e3o, Ci\u00eancia e Tecnologia Baiano &#8211; IF Baiano, no uso das suas atribui\u00e7\u00f5es delegadas pela Portaria n\u00ba 163, de 28\/02\/2024, publicada no DOU de 29\/02\/2024, Se\u00e7\u00e3o 2, p\u00e1gina18, e considerando o disposto na Resolu\u00e7\u00e3o n<sup>o<\/sup> 23 de 19 de mar\u00e7o de 2019, torna p\u00fablica a abertura de inscri\u00e7\u00f5es no per\u00edodo estabelecido no cronograma deste edital, para provimento de vagas no curso de Qualifica\u00e7\u00e3o Profissional, na modalidade de Forma\u00e7\u00e3o Inicial \u2013 FI, por meio do <strong>Programa Mulheres Mil,<\/strong> a ser ofertado no munic\u00edpio de Itaberaba -BA.<\/p>\n\n\n\n<div id=\"ProreitoriaTopoTitulo\">\n\t\t\t\t\tInscri\u00e7\u00e3o:\n\t\t\t\t<\/div>\n\n\n\n<p class=\"has-small-font-size\"><strong>Per\u00edodo de Inscri\u00e7\u00e3o:<\/strong> 6 de mar\u00e7o de 2026, das 08:00 \u00e0s 11:00 e 13:00 \u00e0s 16:00<\/p>\n\n\n\n<br><br>\n\n\n\n<div id=\"ProreitoriaTopoTitulo\">\n\t\t\t\t\tEditais e Documentos:\n\t\t\t\t<\/div>\n\n\n\n<div class=\"wp-block-file\"><a id=\"wp-block-file--media-07e1b180-5c14-488e-9201-4fce7f15eeed\" href=\"https:\/\/www.ifbaiano.edu.br\/unidades\/itaberaba\/files\/2026\/03\/Edital-n\u00b0-36-PROEX-de-2-de-marco-de-2026.pdf\" target=\"_blank\" rel=\"noreferrer noopener\">Edital n\u00b0 36 &#8211; PROEX, de 2 de mar\u00e7o de 2026<\/a><\/div>\n\n\n\n<div class=\"wp-block-file\"><a id=\"wp-block-file--media-3bd69b86-2cd5-4f49-8926-81482193b034\" href=\"https:\/\/www.ifbaiano.edu.br\/unidades\/itaberaba\/files\/2026\/03\/Resultado-Preliminar-das-Inscricoes-Edital-36_2026.pdf\" target=\"_blank\" rel=\"noreferrer noopener\">Resultado Preliminar das Inscri\u00e7\u00f5es &#8211; Edital 36\/2026<\/a><\/div>\n\n\n\n<div class=\"wp-block-file\"><a id=\"wp-block-file--media-b03a8b0e-41db-49fd-9d67-ce2306a833ed\" href=\"https:\/\/www.ifbaiano.edu.br\/unidades\/itaberaba\/files\/2026\/03\/Resultado-Final-das-Inscricoes-Edital-36_2026.pdf\" target=\"_blank\" rel=\"noreferrer noopener\">Resultado Final das Inscri\u00e7\u00f5es &#8211; Edital 36\/2026<\/a><\/div>\n","protected":false},"excerpt":{"rendered":"<p>Apresenta\u00e7\u00e3o: O Pr\u00f3-Reitor de Extens\u00e3o do Instituto Federal de Educa\u00e7\u00e3o, Ci\u00eancia e Tecnologia Baiano &#8211; IF Baiano, no uso das suas atribui\u00e7\u00f5es delegadas pela Portaria n\u00ba 163, de 28\/02\/2024, publicada no DOU de 29\/02\/2024, Se\u00e7\u00e3o 2, p\u00e1gina18, e considerando o disposto na Resolu\u00e7\u00e3o no 23 de 19 de mar\u00e7o de 2019, torna p\u00fablica a abertura [&hellip;]<\/p>\n","protected":false},"author":105,"featured_media":0,"comment_status":"open","ping_status":"open","sticky":false,"template":"","format":"standard","meta":[],"categories":[4,54,129,15,5],"tags":[],"_links":{"self":[{"href":"https:\/\/www.ifbaiano.edu.br\/unidades\/itaberaba\/wp-json\/wp\/v2\/posts\/9812"}],"collection":[{"href":"https:\/\/www.ifbaiano.edu.br\/unidades\/itaberaba\/wp-json\/wp\/v2\/posts"}],"about":[{"href":"https:\/\/www.ifbaiano.edu.br\/unidades\/itaberaba\/wp-json\/wp\/v2\/types\/post"}],"author":[{"embeddable":true,"href":"https:\/\/www.ifbaiano.edu.br\/unidades\/itaberaba\/wp-json\/wp\/v2\/users\/105"}],"replies":[{"embeddable":true,"href":"https:\/\/www.ifbaiano.edu.br\/unidades\/itaberaba\/wp-json\/wp\/v2\/comments?post=9812"}],"version-history":[{"count":3,"href":"https:\/\/www.ifbaiano.edu.br\/unidades\/itaberaba\/wp-json\/wp\/v2\/posts\/9812\/revisions"}],"predecessor-version":[{"id":9835,"href":"https:\/\/www.ifbaiano.edu.br\/unidades\/itaberaba\/wp-json\/wp\/v2\/posts\/9812\/revisions\/9835"}],"wp:attachment":[{"href":"https:\/\/www.ifbaiano.edu.br\/unidades\/itaberaba\/wp-json\/wp\/v2\/media?parent=9812"}],"wp:term":[{"taxonomy":"category","embeddable":true,"href":"https:\/\/www.ifbaiano.edu.br\/unidades\/itaberaba\/wp-json\/wp\/v2\/categories?post=9812"},{"taxonomy":"post_tag","embeddable":true,"href":"https:\/\/www.ifbaiano.edu.br\/unidades\/itaberaba\/wp-json\/wp\/v2\/tags?post=9812"}],"curies":[{"name":"wp","href":"https:\/\/api.w.org\/{rel}","templated":true}]}}