{"id":10033,"date":"2018-02-27T15:48:41","date_gmt":"2018-02-27T18:48:41","guid":{"rendered":"http:\/\/www.ifbaiano.edu.br\/unidades\/lapa\/?p=10033"},"modified":"2018-02-27T15:48:41","modified_gmt":"2018-02-27T18:48:41","slug":"estao-abertas-as-inscricoes-para-o-projeto-de-extensao-if-dance-expressando-arte-e-movimento","status":"publish","type":"post","link":"https:\/\/www.ifbaiano.edu.br\/unidades\/lapa\/2018\/02\/27\/estao-abertas-as-inscricoes-para-o-projeto-de-extensao-if-dance-expressando-arte-e-movimento\/","title":{"rendered":"Est\u00e3o abertas as inscri\u00e7\u00f5es para o Projeto de Extens\u00e3o &#8220;IF DANCE &#8211; Expressando Arte e Movimento&#8221;"},"content":{"rendered":"<p>Est\u00e3o abertas as inscri\u00e7\u00f5es para o Projeto de Extens\u00e3o &#8220;IF DANCE &#8211; Expressando Arte e Movimento&#8221;. As inscri\u00e7\u00f5es v\u00e3o at\u00e9 o dia 02\/03 e ser\u00e3o feitas pelo link:\u00a0<a href=\"https:\/\/goo.gl\/NFgi35\">https:\/\/goo.gl\/NFgi35<\/a><\/p>\n<p>&nbsp;<\/p>\n<p><a href=\"http:\/\/www.ifbaiano.edu.br\/unidades\/lapa\/files\/2018\/02\/cartaz-projeto-dan\u00e7a.jpg\"><img decoding=\"async\" loading=\"lazy\" class=\"aligncenter size-full wp-image-10034\" src=\"http:\/\/www.ifbaiano.edu.br\/unidades\/lapa\/files\/2018\/02\/cartaz-projeto-dan\u00e7a.jpg\" alt=\"cartaz-projeto-dan\u00e7a\" width=\"960\" height=\"720\" \/><\/a><\/p>\n","protected":false},"excerpt":{"rendered":"<p>Est\u00e3o abertas as inscri\u00e7\u00f5es para o Projeto de Extens\u00e3o &#8220;IF DANCE &#8211; Expressando Arte e Movimento&#8221;. As inscri\u00e7\u00f5es v\u00e3o at\u00e9 o dia 02\/03 e ser\u00e3o feitas pelo link:\u00a0https:\/\/goo.gl\/NFgi35 &nbsp;<\/p>\n","protected":false},"author":84,"featured_media":0,"comment_status":"open","ping_status":"open","sticky":false,"template":"","format":"standard","meta":[],"categories":[64,24,65],"tags":[],"_links":{"self":[{"href":"https:\/\/www.ifbaiano.edu.br\/unidades\/lapa\/wp-json\/wp\/v2\/posts\/10033"}],"collection":[{"href":"https:\/\/www.ifbaiano.edu.br\/unidades\/lapa\/wp-json\/wp\/v2\/posts"}],"about":[{"href":"https:\/\/www.ifbaiano.edu.br\/unidades\/lapa\/wp-json\/wp\/v2\/types\/post"}],"author":[{"embeddable":true,"href":"https:\/\/www.ifbaiano.edu.br\/unidades\/lapa\/wp-json\/wp\/v2\/users\/84"}],"replies":[{"embeddable":true,"href":"https:\/\/www.ifbaiano.edu.br\/unidades\/lapa\/wp-json\/wp\/v2\/comments?post=10033"}],"version-history":[{"count":1,"href":"https:\/\/www.ifbaiano.edu.br\/unidades\/lapa\/wp-json\/wp\/v2\/posts\/10033\/revisions"}],"predecessor-version":[{"id":10035,"href":"https:\/\/www.ifbaiano.edu.br\/unidades\/lapa\/wp-json\/wp\/v2\/posts\/10033\/revisions\/10035"}],"wp:attachment":[{"href":"https:\/\/www.ifbaiano.edu.br\/unidades\/lapa\/wp-json\/wp\/v2\/media?parent=10033"}],"wp:term":[{"taxonomy":"category","embeddable":true,"href":"https:\/\/www.ifbaiano.edu.br\/unidades\/lapa\/wp-json\/wp\/v2\/categories?post=10033"},{"taxonomy":"post_tag","embeddable":true,"href":"https:\/\/www.ifbaiano.edu.br\/unidades\/lapa\/wp-json\/wp\/v2\/tags?post=10033"}],"curies":[{"name":"wp","href":"https:\/\/api.w.org\/{rel}","templated":true}]}}