{"id":1009,"date":"2013-05-17T15:01:29","date_gmt":"2013-05-17T17:01:29","guid":{"rendered":"http:\/\/www.ifbaiano.edu.br\/unidades\/lapa\/?p=1009"},"modified":"2013-05-17T15:06:56","modified_gmt":"2013-05-17T17:06:56","slug":"i-jornada-de-educacao-profissional","status":"publish","type":"post","link":"https:\/\/www.ifbaiano.edu.br\/unidades\/lapa\/2013\/05\/17\/i-jornada-de-educacao-profissional\/","title":{"rendered":"Campus Bom Jesus da Lapa realizar\u00e1 I Jornada de Educa\u00e7\u00e3o Profissional"},"content":{"rendered":"<p style=\"text-align: left\" align=\"center\">O evento acontece no per\u00edodo de 03 a 06 de junho de 2013.<!--more--><\/p>\n<p>A responsabilidade do Campus Bom Jesus da Lapa em qualificar a sua for\u00e7a de trabalho \u00e9 intr\u00ednseca \u00e0 pr\u00f3pria voca\u00e7\u00e3o formadora de uma institui\u00e7\u00e3o de ensino. A produ\u00e7\u00e3o do conhecimento, enquanto objetivo de formar quadros profissionais para servir aos diversos setores da sociedade, sempre exigiu um suporte t\u00e9cnico de qualidade, capaz de viabilizar as atividades de ensino, pesquisa e extens\u00e3o.<\/p>\n<p>A realiza\u00e7\u00e3o da I Jornada de Educa\u00e7\u00e3o Profissional e Tecnol\u00f3gica do Campus Bom Jesus da Lapa visa oportunizar um espa\u00e7o de reflex\u00e3o e debates sobre a estrutura e funcionamento da Rede Federal de Educa\u00e7\u00e3o e do Instituto Federal Baiano, a legisla\u00e7\u00e3o que ampara o trabalhador e o servi\u00e7o p\u00fablico federal, a otimiza\u00e7\u00e3o dos processos administrativos e o fortalecimento das pr\u00e1ticas pedag\u00f3gicas na institui\u00e7\u00e3o.<\/p>\n<p>O evento pretende ainda atender \u00e0s novas dimens\u00f5es do processo de trabalho, bem como a crescente necessidade de programas de forma\u00e7\u00e3o voltados para a satisfa\u00e7\u00e3o profissional do servidor. Al\u00e9m disso, as atividades programadas t\u00eam como premissa promover a integra\u00e7\u00e3o entre os atores educacionais do Campus, o que constitui um dos pressupostos para que a institui\u00e7\u00e3o atinja seu principal objetivo, que \u00e9 a oferta de uma educa\u00e7\u00e3o de qualidade.<\/p>\n<p>Durante a primeira etapa da jornada, est\u00e3o previstas diversas atividades, incluindo a participa\u00e7\u00e3o do Magn\u00edfico Reitor, para discorrer sobre a miss\u00e3o, tend\u00eancias, n\u00fameros e desafios do instituto, palestra sobre \u00c9tica no Servi\u00e7o P\u00fablico, Entusiasmo e Motiva\u00e7\u00e3o no Trabalho em Educa\u00e7\u00e3o, Mem\u00f3rias e Tend\u00eancias da Rede Federal de Ensino, A Import\u00e2ncia dos Gr\u00eamios Estudantis nos Campi, Pr\u00e1ticas Pedag\u00f3gicas e Avalia\u00e7\u00e3o na Educa\u00e7\u00e3o Profissional. Est\u00e3o previstas ainda duas Oficinas: Inicia\u00e7\u00e3o ao Servi\u00e7o P\u00fablico e Procedimentos Administrativos do IF Baiano, a ser ministrada por profissionais do IF Baiano.<\/p>\n<p>A segunda etapa abranger\u00e1 o planejamento das atividades internas do Campus e nela ser\u00e3o discutidos aspectos concernentes \u00e0 organiza\u00e7\u00e3o do trabalho pedag\u00f3gico.<\/p>\n<p>Ao longo da programa\u00e7\u00e3o, foram distribu\u00eddas diversas atividades l\u00fadicas e culturais, incluindo a realiza\u00e7\u00e3o de um Workshop sobre rela\u00e7\u00f5es interpessoais no trabalho.<\/p>\n<p>&nbsp;<\/p>\n<p><a href=\"http:\/\/www.ifbaiano.edu.br\/unidades\/lapa\/files\/2013\/05\/logo_jornada1.jpg\"><img decoding=\"async\" loading=\"lazy\" class=\"alignright size-medium wp-image-1012\" src=\"http:\/\/www.ifbaiano.edu.br\/unidades\/lapa\/files\/2013\/05\/logo_jornada1-300x187.jpg\" alt=\"\" width=\"300\" height=\"187\" srcset=\"https:\/\/www.ifbaiano.edu.br\/unidades\/lapa\/files\/2013\/05\/logo_jornada1-300x187.jpg 300w, https:\/\/www.ifbaiano.edu.br\/unidades\/lapa\/files\/2013\/05\/logo_jornada1-1024x640.jpg 1024w, https:\/\/www.ifbaiano.edu.br\/unidades\/lapa\/files\/2013\/05\/logo_jornada1-400x250.jpg 400w, https:\/\/www.ifbaiano.edu.br\/unidades\/lapa\/files\/2013\/05\/logo_jornada1.jpg 1920w\" sizes=\"(max-width: 300px) 100vw, 300px\" \/><\/a><\/p>\n<p style=\"text-align: left\" align=\"center\">\n","protected":false},"excerpt":{"rendered":"<p>O evento acontece no per\u00edodo de 03 a 06 de junho de 2013.<\/p>\n","protected":false},"author":41,"featured_media":0,"comment_status":"open","ping_status":"open","sticky":false,"template":"","format":"standard","meta":[],"categories":[24],"tags":[],"_links":{"self":[{"href":"https:\/\/www.ifbaiano.edu.br\/unidades\/lapa\/wp-json\/wp\/v2\/posts\/1009"}],"collection":[{"href":"https:\/\/www.ifbaiano.edu.br\/unidades\/lapa\/wp-json\/wp\/v2\/posts"}],"about":[{"href":"https:\/\/www.ifbaiano.edu.br\/unidades\/lapa\/wp-json\/wp\/v2\/types\/post"}],"author":[{"embeddable":true,"href":"https:\/\/www.ifbaiano.edu.br\/unidades\/lapa\/wp-json\/wp\/v2\/users\/41"}],"replies":[{"embeddable":true,"href":"https:\/\/www.ifbaiano.edu.br\/unidades\/lapa\/wp-json\/wp\/v2\/comments?post=1009"}],"version-history":[{"count":2,"href":"https:\/\/www.ifbaiano.edu.br\/unidades\/lapa\/wp-json\/wp\/v2\/posts\/1009\/revisions"}],"predecessor-version":[{"id":1013,"href":"https:\/\/www.ifbaiano.edu.br\/unidades\/lapa\/wp-json\/wp\/v2\/posts\/1009\/revisions\/1013"}],"wp:attachment":[{"href":"https:\/\/www.ifbaiano.edu.br\/unidades\/lapa\/wp-json\/wp\/v2\/media?parent=1009"}],"wp:term":[{"taxonomy":"category","embeddable":true,"href":"https:\/\/www.ifbaiano.edu.br\/unidades\/lapa\/wp-json\/wp\/v2\/categories?post=1009"},{"taxonomy":"post_tag","embeddable":true,"href":"https:\/\/www.ifbaiano.edu.br\/unidades\/lapa\/wp-json\/wp\/v2\/tags?post=1009"}],"curies":[{"name":"wp","href":"https:\/\/api.w.org\/{rel}","templated":true}]}}