{"id":10107,"date":"2018-03-02T16:14:53","date_gmt":"2018-03-02T19:14:53","guid":{"rendered":"http:\/\/www.ifbaiano.edu.br\/unidades\/lapa\/?p=10107"},"modified":"2018-03-02T16:15:27","modified_gmt":"2018-03-02T19:15:27","slug":"concluintes-2017-2-dos-cursos-tecnicos-em-agricultura-e-em-informatica","status":"publish","type":"post","link":"https:\/\/www.ifbaiano.edu.br\/unidades\/lapa\/2018\/03\/02\/concluintes-2017-2-dos-cursos-tecnicos-em-agricultura-e-em-informatica\/","title":{"rendered":"Concluintes 2017.2 dos cursos T\u00e9cnicos em Agricultura e em Inform\u00e1tica."},"content":{"rendered":"<p><a href=\"http:\/\/www.ifbaiano.edu.br\/unidades\/lapa\/files\/2017\/08\/banner-campus-bom-jesus-da-lapa-informa-1.jpg\"><img decoding=\"async\" loading=\"lazy\" class=\"aligncenter size-full wp-image-7972\" src=\"http:\/\/www.ifbaiano.edu.br\/unidades\/lapa\/files\/2017\/08\/banner-campus-bom-jesus-da-lapa-informa-1.jpg\" alt=\"banner-campus-bom-jesus-da-lapa-informa\" width=\"787\" height=\"107\" \/><\/a><\/p>\n<p>&nbsp;<\/p>\n<p style=\"text-align: justify\">O IF Baiano\u00a0<em>Campus<\/em> Bom Jesus da Lapa, realizou no dia 02 de mar\u00e7o de 2018 a certifica\u00e7\u00e3o dos concluintes dos cursos T\u00e9cnicos em Agricultura e em Inform\u00e1tica, do per\u00edodo letivo 2017.2. Foram certificados 12 t\u00e9cnicos, sendo cinco em Agricultura e sete em Inform\u00e1tica.\u00a0Parab\u00e9ns aos formandos e toda equipe do IF Baiano!<\/p>\n<p>&nbsp;<\/p>\n<p><a href=\"http:\/\/www.ifbaiano.edu.br\/unidades\/lapa\/files\/2018\/03\/formatura_alunos_tec.jpeg\"><img decoding=\"async\" loading=\"lazy\" class=\"aligncenter size-full wp-image-10109\" src=\"http:\/\/www.ifbaiano.edu.br\/unidades\/lapa\/files\/2018\/03\/formatura_alunos_tec.jpeg\" alt=\"formatura_alunos_tec\" width=\"1040\" height=\"585\" \/><\/a><\/p>\n<p><a href=\"http:\/\/www.ifbaiano.edu.br\/unidades\/lapa\/files\/2018\/03\/formatura_cursos_tec.jpeg\"><img decoding=\"async\" loading=\"lazy\" class=\"aligncenter size-full wp-image-10108\" src=\"http:\/\/www.ifbaiano.edu.br\/unidades\/lapa\/files\/2018\/03\/formatura_cursos_tec.jpeg\" alt=\"formatura_cursos_tec\" width=\"1040\" height=\"585\" \/><\/a><\/p>\n<p>&nbsp;<\/p>\n","protected":false},"excerpt":{"rendered":"<p>&nbsp; O IF Baiano\u00a0Campus Bom Jesus da Lapa, realizou no dia 02 de mar\u00e7o de 2018 a certifica\u00e7\u00e3o dos concluintes dos cursos T\u00e9cnicos em Agricultura e em Inform\u00e1tica, do per\u00edodo letivo 2017.2. Foram certificados 12 t\u00e9cnicos, sendo cinco em Agricultura e sete em Inform\u00e1tica.\u00a0Parab\u00e9ns aos formandos e toda equipe do IF Baiano! &nbsp; &nbsp;<\/p>\n","protected":false},"author":84,"featured_media":0,"comment_status":"open","ping_status":"open","sticky":false,"template":"","format":"standard","meta":[],"categories":[64,24,65],"tags":[],"_links":{"self":[{"href":"https:\/\/www.ifbaiano.edu.br\/unidades\/lapa\/wp-json\/wp\/v2\/posts\/10107"}],"collection":[{"href":"https:\/\/www.ifbaiano.edu.br\/unidades\/lapa\/wp-json\/wp\/v2\/posts"}],"about":[{"href":"https:\/\/www.ifbaiano.edu.br\/unidades\/lapa\/wp-json\/wp\/v2\/types\/post"}],"author":[{"embeddable":true,"href":"https:\/\/www.ifbaiano.edu.br\/unidades\/lapa\/wp-json\/wp\/v2\/users\/84"}],"replies":[{"embeddable":true,"href":"https:\/\/www.ifbaiano.edu.br\/unidades\/lapa\/wp-json\/wp\/v2\/comments?post=10107"}],"version-history":[{"count":3,"href":"https:\/\/www.ifbaiano.edu.br\/unidades\/lapa\/wp-json\/wp\/v2\/posts\/10107\/revisions"}],"predecessor-version":[{"id":10112,"href":"https:\/\/www.ifbaiano.edu.br\/unidades\/lapa\/wp-json\/wp\/v2\/posts\/10107\/revisions\/10112"}],"wp:attachment":[{"href":"https:\/\/www.ifbaiano.edu.br\/unidades\/lapa\/wp-json\/wp\/v2\/media?parent=10107"}],"wp:term":[{"taxonomy":"category","embeddable":true,"href":"https:\/\/www.ifbaiano.edu.br\/unidades\/lapa\/wp-json\/wp\/v2\/categories?post=10107"},{"taxonomy":"post_tag","embeddable":true,"href":"https:\/\/www.ifbaiano.edu.br\/unidades\/lapa\/wp-json\/wp\/v2\/tags?post=10107"}],"curies":[{"name":"wp","href":"https:\/\/api.w.org\/{rel}","templated":true}]}}