{"id":10116,"date":"2018-03-07T15:11:40","date_gmt":"2018-03-07T18:11:40","guid":{"rendered":"http:\/\/www.ifbaiano.edu.br\/unidades\/lapa\/?p=10116"},"modified":"2018-03-07T15:18:44","modified_gmt":"2018-03-07T18:18:44","slug":"atletas-de-taekwondo-do-if-baiano-campus-lapa-sao-referencias-no-esporte","status":"publish","type":"post","link":"https:\/\/www.ifbaiano.edu.br\/unidades\/lapa\/2018\/03\/07\/atletas-de-taekwondo-do-if-baiano-campus-lapa-sao-referencias-no-esporte\/","title":{"rendered":"Atletas de TAEKWONDO do IF Baiano campus Lapa s\u00e3o refer\u00eancias no esporte"},"content":{"rendered":"<p><a href=\"http:\/\/www.ifbaiano.edu.br\/unidades\/lapa\/files\/2017\/08\/banner-campus-bom-jesus-da-lapa-informa-1.jpg\"><img decoding=\"async\" loading=\"lazy\" class=\"aligncenter size-full wp-image-7972\" src=\"http:\/\/www.ifbaiano.edu.br\/unidades\/lapa\/files\/2017\/08\/banner-campus-bom-jesus-da-lapa-informa-1.jpg\" alt=\"banner-campus-bom-jesus-da-lapa-informa\" width=\"787\" height=\"107\" \/><\/a><\/p>\n<p>Atletas de TAEKWONDO do IF Baiano <em>campus<\/em> Lapa s\u00e3o refer\u00eancias na pratica do esporte em n\u00edveis estadual e nacional. Em Setembro de 2017 no Campeonato Brasileiro os atletas trouxeram<\/p>\n<ul>\n<li><strong>3 medalhas de ouro<\/strong><\/li>\n<li><strong>4 medalhas de prata<\/strong><\/li>\n<li><strong>4 medalhas de bronze<\/strong><\/li>\n<\/ul>\n<p>J\u00e1 em dezembro do mesmo ano participaram do Campeonato Baiano e novamente\u00a0ganharam<\/p>\n<ul>\n<li><strong> 7\u00a0 \u00a0medalhas de ouro\u00a0\u00a0<\/strong><\/li>\n<li><strong>12 medalhas de prata<\/strong><\/li>\n<li><strong>4\u00a0 medalhas de bronze<\/strong><\/li>\n<\/ul>\n<p>ficando em 2\u00ba lugar no quadro de medalhas com um total de 23 neste campeonato, j\u00e1 em fevereiro de 2018 participaram da Copa Am\u00e9rica de TAEKWONDO em Aruj\u00e1 &#8211; SP, onde trouxeram<\/p>\n<ul>\n<li><strong>3 medalhas de ouro<\/strong><\/li>\n<li><strong>5 medalhas de prata<\/strong><\/li>\n<li><strong>1\u00a0medalhas de bronze<\/strong><\/li>\n<\/ul>\n<p>Totalizando\u00a043 medalhas e 1 trof\u00e9u. Dentre os destaques est\u00e3o os alunos:\u00a0 Da esquerda para a direita (Wesley Celestino dos Santos, Mario Aparecido Gon\u00e7alves, Diego da Silva Moreira, Visley dos Santos)<\/p>\n<table border=\"0\">\n<tbody>\n<tr>\n<td><a href=\"http:\/\/www.ifbaiano.edu.br\/unidades\/lapa\/files\/2018\/03\/atletas1.jpeg\"><img decoding=\"async\" loading=\"lazy\" class=\"aligncenter size-full wp-image-7972\" src=\"http:\/\/www.ifbaiano.edu.br\/unidades\/lapa\/files\/2018\/03\/atletas1.jpeg\" width=\"787\" height=\"107\" \/><\/a><\/td>\n<td><\/td>\n<td><a href=\"http:\/\/www.ifbaiano.edu.br\/unidades\/lapa\/files\/2018\/03\/atletas2.jpeg\"><img decoding=\"async\" loading=\"lazy\" class=\"aligncenter size-full wp-image-7972\" src=\"http:\/\/www.ifbaiano.edu.br\/unidades\/lapa\/files\/2018\/03\/atletas2.jpeg\" width=\"787\" height=\"107\" \/><\/a><\/td>\n<td><\/td>\n<td><a href=\"http:\/\/www.ifbaiano.edu.br\/unidades\/lapa\/files\/2018\/03\/atletas3.jpeg\"><img decoding=\"async\" loading=\"lazy\" class=\"aligncenter size-full wp-image-7972\" src=\"http:\/\/www.ifbaiano.edu.br\/unidades\/lapa\/files\/2018\/03\/atletas3.jpeg\" width=\"787\" height=\"107\" \/><\/a><\/td>\n<\/tr>\n<\/tbody>\n<\/table>\n<p>&nbsp;<\/p>\n","protected":false},"excerpt":{"rendered":"<p>Atletas de TAEKWONDO do IF Baiano campus Lapa s\u00e3o refer\u00eancias na pratica do esporte em n\u00edveis estadual e nacional. Em Setembro de 2017 no Campeonato Brasileiro os atletas trouxeram 3 medalhas de ouro 4 medalhas de prata 4 medalhas de bronze J\u00e1 em dezembro do mesmo ano participaram do Campeonato Baiano e novamente\u00a0ganharam 7\u00a0 \u00a0medalhas [&hellip;]<\/p>\n","protected":false},"author":84,"featured_media":0,"comment_status":"open","ping_status":"open","sticky":false,"template":"","format":"standard","meta":[],"categories":[64,24,65],"tags":[],"_links":{"self":[{"href":"https:\/\/www.ifbaiano.edu.br\/unidades\/lapa\/wp-json\/wp\/v2\/posts\/10116"}],"collection":[{"href":"https:\/\/www.ifbaiano.edu.br\/unidades\/lapa\/wp-json\/wp\/v2\/posts"}],"about":[{"href":"https:\/\/www.ifbaiano.edu.br\/unidades\/lapa\/wp-json\/wp\/v2\/types\/post"}],"author":[{"embeddable":true,"href":"https:\/\/www.ifbaiano.edu.br\/unidades\/lapa\/wp-json\/wp\/v2\/users\/84"}],"replies":[{"embeddable":true,"href":"https:\/\/www.ifbaiano.edu.br\/unidades\/lapa\/wp-json\/wp\/v2\/comments?post=10116"}],"version-history":[{"count":9,"href":"https:\/\/www.ifbaiano.edu.br\/unidades\/lapa\/wp-json\/wp\/v2\/posts\/10116\/revisions"}],"predecessor-version":[{"id":10128,"href":"https:\/\/www.ifbaiano.edu.br\/unidades\/lapa\/wp-json\/wp\/v2\/posts\/10116\/revisions\/10128"}],"wp:attachment":[{"href":"https:\/\/www.ifbaiano.edu.br\/unidades\/lapa\/wp-json\/wp\/v2\/media?parent=10116"}],"wp:term":[{"taxonomy":"category","embeddable":true,"href":"https:\/\/www.ifbaiano.edu.br\/unidades\/lapa\/wp-json\/wp\/v2\/categories?post=10116"},{"taxonomy":"post_tag","embeddable":true,"href":"https:\/\/www.ifbaiano.edu.br\/unidades\/lapa\/wp-json\/wp\/v2\/tags?post=10116"}],"curies":[{"name":"wp","href":"https:\/\/api.w.org\/{rel}","templated":true}]}}