{"id":10174,"date":"2018-03-09T10:56:47","date_gmt":"2018-03-09T13:56:47","guid":{"rendered":"http:\/\/www.ifbaiano.edu.br\/unidades\/lapa\/?p=10174"},"modified":"2018-03-09T10:59:53","modified_gmt":"2018-03-09T13:59:53","slug":"por-uma-escola-sem-bullying","status":"publish","type":"post","link":"https:\/\/www.ifbaiano.edu.br\/unidades\/lapa\/2018\/03\/09\/por-uma-escola-sem-bullying\/","title":{"rendered":"Por uma Escola sem Bullying"},"content":{"rendered":"<p><a href=\"http:\/\/www.ifbaiano.edu.br\/unidades\/lapa\/files\/2017\/08\/banner-campus-bom-jesus-da-lapa-informa-1.jpg\"><img decoding=\"async\" loading=\"lazy\" class=\"aligncenter size-full wp-image-7972\" src=\"http:\/\/www.ifbaiano.edu.br\/unidades\/lapa\/files\/2017\/08\/banner-campus-bom-jesus-da-lapa-informa-1.jpg\" alt=\"banner-campus-bom-jesus-da-lapa-informa\" width=\"787\" height=\"107\" \/><\/a><\/p>\n<p>&nbsp;<\/p>\n<p>O N\u00facleo de Acompanhamento Psicossocial e Pedag\u00f3gico\/NAPSI, realizou \u00a0no per\u00edodo de\u00a0<span id=\"OBJ_PREFIX_DWT346_com_zimbra_date\" class=\"Object\"><span id=\"OBJ_PREFIX_DWT348_com_zimbra_date\" class=\"Object\">05\/03\/18<\/span><\/span>\u00a0\u00e0\u00a0<span id=\"OBJ_PREFIX_DWT347_com_zimbra_date\" class=\"Object\"><span id=\"OBJ_PREFIX_DWT349_com_zimbra_date\" class=\"Object\">07\/03\/18<\/span><\/span>\u00a0oficinas sobre o Bullying nas turmas ingressantes dos cursos t\u00e9cnicos integrados. Esta atividade faz parte das a\u00e7\u00f5es do NAPSI e tem por objetivo orientar os estudantes sobre a tem\u00e1tica, contribuindo para a consolida\u00e7\u00e3o de uma Escola sem Bullying.<\/p>\n<table border=\"0\">\n<tbody>\n<tr>\n<td><a href=\"http:\/\/www.ifbaiano.edu.br\/unidades\/lapa\/files\/2018\/03\/IMG1.jpeg\"><img decoding=\"async\" loading=\"lazy\" class=\"aligncenter size-full wp-image-7972\" src=\"http:\/\/www.ifbaiano.edu.br\/unidades\/lapa\/files\/2018\/03\/IMG1.jpeg\" width=\"787\" height=\"107\" \/><\/a><\/td>\n<td><\/td>\n<td><a href=\"http:\/\/www.ifbaiano.edu.br\/unidades\/lapa\/files\/2018\/03\/IMG2.jpeg\"><img decoding=\"async\" loading=\"lazy\" class=\"aligncenter size-full wp-image-7972\" src=\"http:\/\/www.ifbaiano.edu.br\/unidades\/lapa\/files\/2018\/03\/IMG2.jpeg\" width=\"787\" height=\"107\" \/><\/a><\/td>\n<td><\/td>\n<td><a href=\"http:\/\/www.ifbaiano.edu.br\/unidades\/lapa\/files\/2018\/03\/IMG3.jpeg\"><img decoding=\"async\" loading=\"lazy\" class=\"aligncenter size-full wp-image-7972\" src=\"http:\/\/www.ifbaiano.edu.br\/unidades\/lapa\/files\/2018\/03\/IMG3.jpeg\" width=\"787\" height=\"107\" \/><\/a><\/td>\n<\/tr>\n<\/tbody>\n<\/table>\n","protected":false},"excerpt":{"rendered":"<p>&nbsp; O N\u00facleo de Acompanhamento Psicossocial e Pedag\u00f3gico\/NAPSI, realizou \u00a0no per\u00edodo de\u00a005\/03\/18\u00a0\u00e0\u00a007\/03\/18\u00a0oficinas sobre o Bullying nas turmas ingressantes dos cursos t\u00e9cnicos integrados. Esta atividade faz parte das a\u00e7\u00f5es do NAPSI e tem por objetivo orientar os estudantes sobre a tem\u00e1tica, contribuindo para a consolida\u00e7\u00e3o de uma Escola sem Bullying.<\/p>\n","protected":false},"author":84,"featured_media":0,"comment_status":"open","ping_status":"open","sticky":false,"template":"","format":"standard","meta":[],"categories":[64,24,65],"tags":[],"_links":{"self":[{"href":"https:\/\/www.ifbaiano.edu.br\/unidades\/lapa\/wp-json\/wp\/v2\/posts\/10174"}],"collection":[{"href":"https:\/\/www.ifbaiano.edu.br\/unidades\/lapa\/wp-json\/wp\/v2\/posts"}],"about":[{"href":"https:\/\/www.ifbaiano.edu.br\/unidades\/lapa\/wp-json\/wp\/v2\/types\/post"}],"author":[{"embeddable":true,"href":"https:\/\/www.ifbaiano.edu.br\/unidades\/lapa\/wp-json\/wp\/v2\/users\/84"}],"replies":[{"embeddable":true,"href":"https:\/\/www.ifbaiano.edu.br\/unidades\/lapa\/wp-json\/wp\/v2\/comments?post=10174"}],"version-history":[{"count":6,"href":"https:\/\/www.ifbaiano.edu.br\/unidades\/lapa\/wp-json\/wp\/v2\/posts\/10174\/revisions"}],"predecessor-version":[{"id":10184,"href":"https:\/\/www.ifbaiano.edu.br\/unidades\/lapa\/wp-json\/wp\/v2\/posts\/10174\/revisions\/10184"}],"wp:attachment":[{"href":"https:\/\/www.ifbaiano.edu.br\/unidades\/lapa\/wp-json\/wp\/v2\/media?parent=10174"}],"wp:term":[{"taxonomy":"category","embeddable":true,"href":"https:\/\/www.ifbaiano.edu.br\/unidades\/lapa\/wp-json\/wp\/v2\/categories?post=10174"},{"taxonomy":"post_tag","embeddable":true,"href":"https:\/\/www.ifbaiano.edu.br\/unidades\/lapa\/wp-json\/wp\/v2\/tags?post=10174"}],"curies":[{"name":"wp","href":"https:\/\/api.w.org\/{rel}","templated":true}]}}