{"id":10210,"date":"2018-03-20T10:13:26","date_gmt":"2018-03-20T13:13:26","guid":{"rendered":"http:\/\/www.ifbaiano.edu.br\/unidades\/lapa\/?p=10210"},"modified":"2018-03-20T10:13:26","modified_gmt":"2018-03-20T13:13:26","slug":"oficina-gerenciamento-do-tempo-de-estudo","status":"publish","type":"post","link":"https:\/\/www.ifbaiano.edu.br\/unidades\/lapa\/2018\/03\/20\/oficina-gerenciamento-do-tempo-de-estudo\/","title":{"rendered":"OFICINA: Gerenciamento do tempo de estudo"},"content":{"rendered":"<p>O N\u00facleo de Acompanhamento Psicossocial e Pedag\u00f3gico &#8211; NAPSI, nos dia 19\/03\/158 e 22\/03\/18 estar\u00e1 realizando Oficina de Gerenciamento de Estudos para os alunos ingressantes nos cursos t\u00e9cnicos Integrados, visando contribuir para a organiza\u00e7\u00e3o e planejamento das atividades acad\u00eamicas. Contamos com a participa\u00e7\u00e3o de todos.<\/p>\n<p><img decoding=\"async\" loading=\"lazy\" src=\"http:\/\/www.ifbaiano.edu.br\/unidades\/lapa\/files\/2018\/03\/oficina_organizacao_dos_estudos_.png\" alt=\"oficina_organizacao_dos_estudos_\" width=\"800\" height=\"450\" class=\"alignnone size-full wp-image-10211\" \/><\/p>\n","protected":false},"excerpt":{"rendered":"<p>O N\u00facleo de Acompanhamento Psicossocial e Pedag\u00f3gico &#8211; NAPSI, nos dia 19\/03\/158 e 22\/03\/18 estar\u00e1 realizando Oficina de Gerenciamento de Estudos para os alunos ingressantes nos cursos t\u00e9cnicos Integrados, visando contribuir para a organiza\u00e7\u00e3o e planejamento das atividades acad\u00eamicas. Contamos com a participa\u00e7\u00e3o de todos.<\/p>\n","protected":false},"author":95,"featured_media":0,"comment_status":"open","ping_status":"open","sticky":false,"template":"","format":"standard","meta":[],"categories":[64,24,65],"tags":[],"_links":{"self":[{"href":"https:\/\/www.ifbaiano.edu.br\/unidades\/lapa\/wp-json\/wp\/v2\/posts\/10210"}],"collection":[{"href":"https:\/\/www.ifbaiano.edu.br\/unidades\/lapa\/wp-json\/wp\/v2\/posts"}],"about":[{"href":"https:\/\/www.ifbaiano.edu.br\/unidades\/lapa\/wp-json\/wp\/v2\/types\/post"}],"author":[{"embeddable":true,"href":"https:\/\/www.ifbaiano.edu.br\/unidades\/lapa\/wp-json\/wp\/v2\/users\/95"}],"replies":[{"embeddable":true,"href":"https:\/\/www.ifbaiano.edu.br\/unidades\/lapa\/wp-json\/wp\/v2\/comments?post=10210"}],"version-history":[{"count":1,"href":"https:\/\/www.ifbaiano.edu.br\/unidades\/lapa\/wp-json\/wp\/v2\/posts\/10210\/revisions"}],"predecessor-version":[{"id":10212,"href":"https:\/\/www.ifbaiano.edu.br\/unidades\/lapa\/wp-json\/wp\/v2\/posts\/10210\/revisions\/10212"}],"wp:attachment":[{"href":"https:\/\/www.ifbaiano.edu.br\/unidades\/lapa\/wp-json\/wp\/v2\/media?parent=10210"}],"wp:term":[{"taxonomy":"category","embeddable":true,"href":"https:\/\/www.ifbaiano.edu.br\/unidades\/lapa\/wp-json\/wp\/v2\/categories?post=10210"},{"taxonomy":"post_tag","embeddable":true,"href":"https:\/\/www.ifbaiano.edu.br\/unidades\/lapa\/wp-json\/wp\/v2\/tags?post=10210"}],"curies":[{"name":"wp","href":"https:\/\/api.w.org\/{rel}","templated":true}]}}