{"id":10220,"date":"2018-03-22T13:52:43","date_gmt":"2018-03-22T16:52:43","guid":{"rendered":"http:\/\/www.ifbaiano.edu.br\/unidades\/lapa\/?p=10220"},"modified":"2018-03-22T14:30:25","modified_gmt":"2018-03-22T17:30:25","slug":"posse-do-diretor-geral-do-campus-bom-jesus-da-lapa-2018","status":"publish","type":"post","link":"https:\/\/www.ifbaiano.edu.br\/unidades\/lapa\/2018\/03\/22\/posse-do-diretor-geral-do-campus-bom-jesus-da-lapa-2018\/","title":{"rendered":"Posse do Diretor Geral do Campus Bom Jesus da Lapa &#8211; 2018"},"content":{"rendered":"<p style=\"text-align: justify\">Na \u00faltima ter\u00e7a-feira, 20 de mar\u00e7o, no per\u00edodo da tarde, aconteceu a posse dos diretores gerais do Instituto Federal Baiano (IF Baiano) dos Campi Alagoinhas, Bom Jesus da Lapa, Catu, Governador Mangabeira, Guanambi, Santa In\u00eas, Senhor do Bonfim, Uru\u00e7uca e Valen\u00e7a no audit\u00f3rio do Instituto Federal da Bahia (IFBA), Reitoria, no bairro do Canela.<\/p>\n<p style=\"text-align: justify\">Na oportunidade, o reitor pro tempore do IF Baiano, Geovane Nascimento, o reitor do IFBA, Renato Anuncia\u00e7\u00e3o, o professor Nelson Vieira (representante do antigo grupo de diretores e ex-diretor do Campus Santa In\u00eas) e a professora Sandra Cerqueira (representante do novo grupo de diretores e nova diretora do Campus Catu) discursaram para os presentes, entre eles servidores dos campi.<\/p>\n<p><strong>Novos diretores:<\/strong><\/p>\n<p>Alagoinhas: Professor Jos\u00e9 Renato Oliveira Mascarenhas<br \/>\nBom Jesus da Lapa: Professor Ge\u00e2ngelo de Matos Rosa<\/p>\n<p>Catu: Professora Sandra Cerqueira de Jesus<\/p>\n<p>Governador Mangabeira: Professora L\u00edvia Tosta dos Santos<\/p>\n<p>Guanambi: Professor Carlito Jos\u00e9 de Barros Filho<\/p>\n<p>Santa In\u00eas: Professor Abdon Santos Nogueira<\/p>\n<p>Senhor do Bonfim: Professor Ala\u00e9cio Santos Ribeiro<\/p>\n<p>Uru\u00e7uca: Professor Daniel Carlos Pereira de Oliveira<\/p>\n<p>Valen\u00e7a: Professor Geovane Lima Guimar\u00e3es<\/p>\n<p><img decoding=\"async\" loading=\"lazy\" class=\"alignnone size-full\" src=\"http:\/\/ifbaiano.edu.br\/portal\/wp-content\/uploads\/2018\/03\/DSC_0337.jpg\" alt=\"Posse do Diretor Geral do Campus Bom Jesus da Lapa - 2018\" width=\"800\" height=\"406\" \/><br \/>\nAo lado direito da foto encontra-se o professor Ge\u00e2ngelo de Matos Rosa, novo Diretor do Campus Bom Jesus da Lapa.<\/p>\n<p>Fonte: adaptado de http:\/\/ifbaiano.edu.br\/portal\/blog\/2018\/03\/22\/posse-coletiva-de-nove-diretores-gerais-do-if-baiano\/<\/p>\n","protected":false},"excerpt":{"rendered":"<p>Na \u00faltima ter\u00e7a-feira, 20 de mar\u00e7o, no per\u00edodo da tarde, aconteceu a posse dos diretores gerais do Instituto Federal Baiano (IF Baiano) dos Campi Alagoinhas, Bom Jesus da Lapa, Catu, Governador Mangabeira, Guanambi, Santa In\u00eas, Senhor do Bonfim, Uru\u00e7uca e Valen\u00e7a no audit\u00f3rio do Instituto Federal da Bahia (IFBA), Reitoria, no bairro do Canela. Na [&hellip;]<\/p>\n","protected":false},"author":95,"featured_media":0,"comment_status":"open","ping_status":"open","sticky":false,"template":"","format":"standard","meta":[],"categories":[64,24,65],"tags":[],"_links":{"self":[{"href":"https:\/\/www.ifbaiano.edu.br\/unidades\/lapa\/wp-json\/wp\/v2\/posts\/10220"}],"collection":[{"href":"https:\/\/www.ifbaiano.edu.br\/unidades\/lapa\/wp-json\/wp\/v2\/posts"}],"about":[{"href":"https:\/\/www.ifbaiano.edu.br\/unidades\/lapa\/wp-json\/wp\/v2\/types\/post"}],"author":[{"embeddable":true,"href":"https:\/\/www.ifbaiano.edu.br\/unidades\/lapa\/wp-json\/wp\/v2\/users\/95"}],"replies":[{"embeddable":true,"href":"https:\/\/www.ifbaiano.edu.br\/unidades\/lapa\/wp-json\/wp\/v2\/comments?post=10220"}],"version-history":[{"count":18,"href":"https:\/\/www.ifbaiano.edu.br\/unidades\/lapa\/wp-json\/wp\/v2\/posts\/10220\/revisions"}],"predecessor-version":[{"id":10238,"href":"https:\/\/www.ifbaiano.edu.br\/unidades\/lapa\/wp-json\/wp\/v2\/posts\/10220\/revisions\/10238"}],"wp:attachment":[{"href":"https:\/\/www.ifbaiano.edu.br\/unidades\/lapa\/wp-json\/wp\/v2\/media?parent=10220"}],"wp:term":[{"taxonomy":"category","embeddable":true,"href":"https:\/\/www.ifbaiano.edu.br\/unidades\/lapa\/wp-json\/wp\/v2\/categories?post=10220"},{"taxonomy":"post_tag","embeddable":true,"href":"https:\/\/www.ifbaiano.edu.br\/unidades\/lapa\/wp-json\/wp\/v2\/tags?post=10220"}],"curies":[{"name":"wp","href":"https:\/\/api.w.org\/{rel}","templated":true}]}}