{"id":10332,"date":"2018-04-05T17:01:08","date_gmt":"2018-04-05T20:01:08","guid":{"rendered":"http:\/\/www.ifbaiano.edu.br\/unidades\/lapa\/?p=10332"},"modified":"2018-04-05T17:05:27","modified_gmt":"2018-04-05T20:05:27","slug":"nova-gestao-apresenta-equipe-de-trabalho","status":"publish","type":"post","link":"https:\/\/www.ifbaiano.edu.br\/unidades\/lapa\/2018\/04\/05\/nova-gestao-apresenta-equipe-de-trabalho\/","title":{"rendered":"Nova Gest\u00e3o Apresenta Equipe de Trabalho"},"content":{"rendered":"<p>Na manh\u00e3 da \u00faltima quarta-feira (04\/04\/2018) a nova gest\u00e3o do campus do IF Baiano em Bom Jesus da Lapa na pessoal do sr. diretor G\u00eaangelo de Matos Rosa, apresentou sua equipe de trabalho para os pr\u00f3ximos 4 anos. Segue fotos do evento que contou com a participa\u00e7\u00e3o da comunidade estudantil, al\u00e9m de representantes religiosos.<\/p>\n<table border=\"0\">\n<tbody>\n<tr>\n<td><a href=\"http:\/\/www.ifbaiano.edu.br\/unidades\/lapa\/files\/2018\/04\/Foto-1.jpg\"><img decoding=\"async\" loading=\"lazy\" class=\"aligncenter size-full wp-image-10337\" src=\"http:\/\/www.ifbaiano.edu.br\/unidades\/lapa\/files\/2018\/04\/Foto-1.jpg\" width=\"787\" height=\"107\" \/><\/a><\/td>\n<td><\/td>\n<td><a href=\"http:\/\/www.ifbaiano.edu.br\/unidades\/lapa\/files\/2018\/04\/Foto-2.jpg\"><img decoding=\"async\" loading=\"lazy\" class=\"aligncenter size-medium wp-image-10338\" src=\"http:\/\/www.ifbaiano.edu.br\/unidades\/lapa\/files\/2018\/04\/Foto-2.jpg\" width=\"787\" height=\"107\" \/><\/a><\/td>\n<td><\/td>\n<td><a href=\"http:\/\/www.ifbaiano.edu.br\/unidades\/lapa\/files\/2018\/04\/Foto-3.jpg\"><img decoding=\"async\" loading=\"lazy\" class=\"aligncenter size-medium wp-image-10335\" src=\"http:\/\/www.ifbaiano.edu.br\/unidades\/lapa\/files\/2018\/04\/Foto-3.jpg\" width=\"787\" height=\"107\" \/><\/a><\/td>\n<\/tr>\n<tr>\n<td><\/td>\n<td><\/td>\n<td><a href=\"http:\/\/www.ifbaiano.edu.br\/unidades\/lapa\/files\/2018\/04\/Foto-5.jpg\"><img decoding=\"async\" loading=\"lazy\" class=\"aligncenter size-medium wp-image-10338\" src=\"http:\/\/www.ifbaiano.edu.br\/unidades\/lapa\/files\/2018\/04\/Foto-5.jpg\" width=\"787\" height=\"107\" \/><\/a><\/td>\n<td><\/td>\n<td><a href=\"http:\/\/www.ifbaiano.edu.br\/unidades\/lapa\/files\/2018\/04\/Foto-6.jpg\"><img decoding=\"async\" loading=\"lazy\" class=\"aligncenter size-full wp-image-10333\" src=\"http:\/\/www.ifbaiano.edu.br\/unidades\/lapa\/files\/2018\/04\/Foto-6.jpg\" width=\"787\" height=\"107\" \/><\/a><\/td>\n<\/tr>\n<\/tbody>\n<\/table>\n","protected":false},"excerpt":{"rendered":"<p>Na manh\u00e3 da \u00faltima quarta-feira (04\/04\/2018) a nova gest\u00e3o do campus do IF Baiano em Bom Jesus da Lapa na pessoal do sr. diretor G\u00eaangelo de Matos Rosa, apresentou sua equipe de trabalho para os pr\u00f3ximos 4 anos. Segue fotos do evento que contou com a participa\u00e7\u00e3o da comunidade estudantil, al\u00e9m de representantes religiosos.<\/p>\n","protected":false},"author":84,"featured_media":0,"comment_status":"open","ping_status":"open","sticky":false,"template":"","format":"standard","meta":[],"categories":[64,24,65],"tags":[],"_links":{"self":[{"href":"https:\/\/www.ifbaiano.edu.br\/unidades\/lapa\/wp-json\/wp\/v2\/posts\/10332"}],"collection":[{"href":"https:\/\/www.ifbaiano.edu.br\/unidades\/lapa\/wp-json\/wp\/v2\/posts"}],"about":[{"href":"https:\/\/www.ifbaiano.edu.br\/unidades\/lapa\/wp-json\/wp\/v2\/types\/post"}],"author":[{"embeddable":true,"href":"https:\/\/www.ifbaiano.edu.br\/unidades\/lapa\/wp-json\/wp\/v2\/users\/84"}],"replies":[{"embeddable":true,"href":"https:\/\/www.ifbaiano.edu.br\/unidades\/lapa\/wp-json\/wp\/v2\/comments?post=10332"}],"version-history":[{"count":6,"href":"https:\/\/www.ifbaiano.edu.br\/unidades\/lapa\/wp-json\/wp\/v2\/posts\/10332\/revisions"}],"predecessor-version":[{"id":10344,"href":"https:\/\/www.ifbaiano.edu.br\/unidades\/lapa\/wp-json\/wp\/v2\/posts\/10332\/revisions\/10344"}],"wp:attachment":[{"href":"https:\/\/www.ifbaiano.edu.br\/unidades\/lapa\/wp-json\/wp\/v2\/media?parent=10332"}],"wp:term":[{"taxonomy":"category","embeddable":true,"href":"https:\/\/www.ifbaiano.edu.br\/unidades\/lapa\/wp-json\/wp\/v2\/categories?post=10332"},{"taxonomy":"post_tag","embeddable":true,"href":"https:\/\/www.ifbaiano.edu.br\/unidades\/lapa\/wp-json\/wp\/v2\/tags?post=10332"}],"curies":[{"name":"wp","href":"https:\/\/api.w.org\/{rel}","templated":true}]}}