{"id":10345,"date":"2018-04-06T21:26:26","date_gmt":"2018-04-07T00:26:26","guid":{"rendered":"http:\/\/www.ifbaiano.edu.br\/unidades\/lapa\/?p=10345"},"modified":"2018-04-06T21:26:54","modified_gmt":"2018-04-07T00:26:54","slug":"curso-de-nivelamento-em-matematica-visa-oferecer-aos-estudantes-de-engenharia-agronomica-do-campus-bom-jesus-da-lapa-a-ampliacao-das-oportunidades-para-uma-aprendizagem-satisfatoria","status":"publish","type":"post","link":"https:\/\/www.ifbaiano.edu.br\/unidades\/lapa\/2018\/04\/06\/curso-de-nivelamento-em-matematica-visa-oferecer-aos-estudantes-de-engenharia-agronomica-do-campus-bom-jesus-da-lapa-a-ampliacao-das-oportunidades-para-uma-aprendizagem-satisfatoria\/","title":{"rendered":"Curso de Nivelamento em Matem\u00e1tica visa oferecer aos estudantes de Engenharia Agron\u00f4mica do Campus Bom Jesus da Lapa a amplia\u00e7\u00e3o das oportunidades para uma aprendizagem satisfat\u00f3ria"},"content":{"rendered":"<p style=\"text-align: justify\">O curso &#8220;Pr\u00e9 C\u00e1lculo: estudos elementares das variadas fun\u00e7\u00f5es e geometria anal\u00edtica&#8221; faz parte do Programa de Nivelamento, aprovado pela Resolu\u00e7\u00e3o n\u00ba 21, de\u00a0<span id=\"OBJ_PREFIX_DWT101_com_zimbra_date\" class=\"Object\"><span id=\"OBJ_PREFIX_DWT109_com_zimbra_date\" class=\"Object\">20 de agosto<\/span><\/span>de 2015. Espera-se que os cursistas, no decorrer das aulas, aprendam os conceitos e significados em rela\u00e7\u00e3o \u00e0s variadas Fun\u00e7\u00f5es e \u00e0 Geometria Anal\u00edtica, adquirindo autonomia para resolver situa\u00e7\u00f5es problema ligados \u00e0 Matem\u00e1tica e Agronomia. Ao final, busca-se uma aprendizagem satisfat\u00f3ria por partes dos alunos, deixando-os mais estimulados para a aplica\u00e7\u00e3o dos c\u00e1lculos alg\u00e9bricos na \u00e1rea da engenharia, principalmente pelo uso dos softwares GrafEq e Winplot.<\/p>\n<p>Per\u00edodo de inscri\u00e7\u00e3o:\u00a0<span id=\"OBJ_PREFIX_DWT102_com_zimbra_date\" class=\"Object\"><span id=\"OBJ_PREFIX_DWT110_com_zimbra_date\" class=\"Object\">6\/04\/2018<\/span><\/span>\u00a0a\u00a0<span id=\"OBJ_PREFIX_DWT103_com_zimbra_date\" class=\"Object\"><span id=\"OBJ_PREFIX_DWT111_com_zimbra_date\" class=\"Object\">10\/04\/2018<\/span><\/span>\u00a0(Na sala da Equipe Pedag\u00f3gica)<br \/>\nPer\u00edodo de realiza\u00e7\u00e3o:\u00a0<span id=\"OBJ_PREFIX_DWT104_com_zimbra_date\" class=\"Object\"><span id=\"OBJ_PREFIX_DWT112_com_zimbra_date\" class=\"Object\">12\/04\/2018<\/span><\/span>\u00a0a\u00a0<span id=\"OBJ_PREFIX_DWT105_com_zimbra_date\" class=\"Object\"><span id=\"OBJ_PREFIX_DWT113_com_zimbra_date\" class=\"Object\">23\/08\/2018<\/span><\/span><br \/>\nCarga Hor\u00e1ria: 60h<br \/>\nProf. Ministrante: Edi\u00eanio Farias<br \/>\nP\u00fablico alvo: Estudantes do Curso de Engenharia Agron\u00f4mica<br \/>\nApoio: Assessoria T\u00e9cnico-Pedag\u00f3gica<\/p>\n<p>Grace Itana Cruz de Oliveira<br \/>\nT\u00e9cnica em Assuntos Educacionais<\/p>\n<p style=\"text-align: justify\"><a href=\"http:\/\/www.ifbaiano.edu.br\/unidades\/lapa\/files\/2018\/04\/cartaz_curso_site.png\"><img decoding=\"async\" loading=\"lazy\" class=\"aligncenter size-full wp-image-10347\" src=\"http:\/\/www.ifbaiano.edu.br\/unidades\/lapa\/files\/2018\/04\/cartaz_curso_site.png\" alt=\"cartaz_curso_site\" width=\"1018\" height=\"408\" \/><\/a><\/p>\n<p style=\"text-align: justify\">\n","protected":false},"excerpt":{"rendered":"<p>O curso &#8220;Pr\u00e9 C\u00e1lculo: estudos elementares das variadas fun\u00e7\u00f5es e geometria anal\u00edtica&#8221; faz parte do Programa de Nivelamento, aprovado pela Resolu\u00e7\u00e3o n\u00ba 21, de\u00a020 de agostode 2015. Espera-se que os cursistas, no decorrer das aulas, aprendam os conceitos e significados em rela\u00e7\u00e3o \u00e0s variadas Fun\u00e7\u00f5es e \u00e0 Geometria Anal\u00edtica, adquirindo autonomia para resolver situa\u00e7\u00f5es problema [&hellip;]<\/p>\n","protected":false},"author":84,"featured_media":0,"comment_status":"open","ping_status":"open","sticky":false,"template":"","format":"standard","meta":[],"categories":[64,24,65],"tags":[],"_links":{"self":[{"href":"https:\/\/www.ifbaiano.edu.br\/unidades\/lapa\/wp-json\/wp\/v2\/posts\/10345"}],"collection":[{"href":"https:\/\/www.ifbaiano.edu.br\/unidades\/lapa\/wp-json\/wp\/v2\/posts"}],"about":[{"href":"https:\/\/www.ifbaiano.edu.br\/unidades\/lapa\/wp-json\/wp\/v2\/types\/post"}],"author":[{"embeddable":true,"href":"https:\/\/www.ifbaiano.edu.br\/unidades\/lapa\/wp-json\/wp\/v2\/users\/84"}],"replies":[{"embeddable":true,"href":"https:\/\/www.ifbaiano.edu.br\/unidades\/lapa\/wp-json\/wp\/v2\/comments?post=10345"}],"version-history":[{"count":2,"href":"https:\/\/www.ifbaiano.edu.br\/unidades\/lapa\/wp-json\/wp\/v2\/posts\/10345\/revisions"}],"predecessor-version":[{"id":10349,"href":"https:\/\/www.ifbaiano.edu.br\/unidades\/lapa\/wp-json\/wp\/v2\/posts\/10345\/revisions\/10349"}],"wp:attachment":[{"href":"https:\/\/www.ifbaiano.edu.br\/unidades\/lapa\/wp-json\/wp\/v2\/media?parent=10345"}],"wp:term":[{"taxonomy":"category","embeddable":true,"href":"https:\/\/www.ifbaiano.edu.br\/unidades\/lapa\/wp-json\/wp\/v2\/categories?post=10345"},{"taxonomy":"post_tag","embeddable":true,"href":"https:\/\/www.ifbaiano.edu.br\/unidades\/lapa\/wp-json\/wp\/v2\/tags?post=10345"}],"curies":[{"name":"wp","href":"https:\/\/api.w.org\/{rel}","templated":true}]}}