{"id":10385,"date":"2018-04-10T09:42:01","date_gmt":"2018-04-10T12:42:01","guid":{"rendered":"http:\/\/www.ifbaiano.edu.br\/unidades\/lapa\/?p=10385"},"modified":"2018-04-10T09:44:18","modified_gmt":"2018-04-10T12:44:18","slug":"curso-pre-analitica-conceitos-em-quimica-geral-e-quimica-inorganica","status":"publish","type":"post","link":"https:\/\/www.ifbaiano.edu.br\/unidades\/lapa\/2018\/04\/10\/curso-pre-analitica-conceitos-em-quimica-geral-e-quimica-inorganica\/","title":{"rendered":"Curso Pr\u00e9-Anal\u00edtica: Conceitos em Qu\u00edmica Geral e Qu\u00edmica Inorg\u00e2nica"},"content":{"rendered":"<p style=\"text-align: justify\">O curso \u201cPr\u00e9-Anal\u00edtica: Conceitos em Qu\u00edmica Geral e Qu\u00edmica Inorg\u00e2nica\u201d \u00e9 um curso complementar oferecido aos discentes da Engenharia Agron\u00f4mica e tem por objetivo promover mais um espa\u00e7o de aprendizado em qu\u00edmica e propiciar nivelamento dos discentes a respeito de conte\u00fados importantes ao longo do curso. O presente curso faz parte do Programa de Nivelamento, aprovado pela Resolu\u00e7\u00e3o n\u00ba 21, de\u00a0<span id=\"OBJ_PREFIX_DWT1568_com_zimbra_date\" class=\"Object\"><span id=\"OBJ_PREFIX_DWT1573_com_zimbra_date\" class=\"Object\">20 de agosto<\/span><\/span>\u00a0de 2015.<\/p>\n<p>Per\u00edodo de inscri\u00e7\u00e3o:\u00a0<span id=\"OBJ_PREFIX_DWT1569_com_zimbra_date\" class=\"Object\"><span id=\"OBJ_PREFIX_DWT1574_com_zimbra_date\" class=\"Object\">10\/04\/2018<\/span><\/span>\u00a0a\u00a0<span id=\"OBJ_PREFIX_DWT1570_com_zimbra_date\" class=\"Object\"><span id=\"OBJ_PREFIX_DWT1575_com_zimbra_date\" class=\"Object\">17\/04\/2018<\/span><\/span>\u00a0(Na sala da Equipe Pedag\u00f3gica)<br \/>\nPer\u00edodo de realiza\u00e7\u00e3o:\u00a0<span id=\"OBJ_PREFIX_DWT1571_com_zimbra_date\" class=\"Object\"><span id=\"OBJ_PREFIX_DWT1576_com_zimbra_date\" class=\"Object\">19\/04\/2018<\/span><\/span>\u00a0a\u00a0<span id=\"OBJ_PREFIX_DWT1572_com_zimbra_date\" class=\"Object\"><span id=\"OBJ_PREFIX_DWT1577_com_zimbra_date\" class=\"Object\">23\/08\/2018<\/span><\/span><br \/>\nCarga Hor\u00e1ria: 60h<br \/>\nProf. Ministrante: Marcelo Leite Pereira<br \/>\nP\u00fablico alvo: Discentes do Curso de Engenharia Agron\u00f4mica<br \/>\nApoio: Assessoria T\u00e9cnico-Pedag\u00f3gica<\/p>\n<p>&nbsp;<\/p>\n<p><a href=\"http:\/\/www.ifbaiano.edu.br\/unidades\/lapa\/files\/2018\/04\/Slide1.jpg\"><img decoding=\"async\" loading=\"lazy\" class=\"aligncenter size-full wp-image-10386\" src=\"http:\/\/www.ifbaiano.edu.br\/unidades\/lapa\/files\/2018\/04\/Slide1.jpg\" alt=\"Slide1\" width=\"960\" height=\"720\" \/><\/a><\/p>\n","protected":false},"excerpt":{"rendered":"<p>O curso \u201cPr\u00e9-Anal\u00edtica: Conceitos em Qu\u00edmica Geral e Qu\u00edmica Inorg\u00e2nica\u201d \u00e9 um curso complementar oferecido aos discentes da Engenharia Agron\u00f4mica e tem por objetivo promover mais um espa\u00e7o de aprendizado em qu\u00edmica e propiciar nivelamento dos discentes a respeito de conte\u00fados importantes ao longo do curso. O presente curso faz parte do Programa de Nivelamento, [&hellip;]<\/p>\n","protected":false},"author":84,"featured_media":0,"comment_status":"open","ping_status":"open","sticky":false,"template":"","format":"standard","meta":[],"categories":[64,24,65],"tags":[],"_links":{"self":[{"href":"https:\/\/www.ifbaiano.edu.br\/unidades\/lapa\/wp-json\/wp\/v2\/posts\/10385"}],"collection":[{"href":"https:\/\/www.ifbaiano.edu.br\/unidades\/lapa\/wp-json\/wp\/v2\/posts"}],"about":[{"href":"https:\/\/www.ifbaiano.edu.br\/unidades\/lapa\/wp-json\/wp\/v2\/types\/post"}],"author":[{"embeddable":true,"href":"https:\/\/www.ifbaiano.edu.br\/unidades\/lapa\/wp-json\/wp\/v2\/users\/84"}],"replies":[{"embeddable":true,"href":"https:\/\/www.ifbaiano.edu.br\/unidades\/lapa\/wp-json\/wp\/v2\/comments?post=10385"}],"version-history":[{"count":2,"href":"https:\/\/www.ifbaiano.edu.br\/unidades\/lapa\/wp-json\/wp\/v2\/posts\/10385\/revisions"}],"predecessor-version":[{"id":10388,"href":"https:\/\/www.ifbaiano.edu.br\/unidades\/lapa\/wp-json\/wp\/v2\/posts\/10385\/revisions\/10388"}],"wp:attachment":[{"href":"https:\/\/www.ifbaiano.edu.br\/unidades\/lapa\/wp-json\/wp\/v2\/media?parent=10385"}],"wp:term":[{"taxonomy":"category","embeddable":true,"href":"https:\/\/www.ifbaiano.edu.br\/unidades\/lapa\/wp-json\/wp\/v2\/categories?post=10385"},{"taxonomy":"post_tag","embeddable":true,"href":"https:\/\/www.ifbaiano.edu.br\/unidades\/lapa\/wp-json\/wp\/v2\/tags?post=10385"}],"curies":[{"name":"wp","href":"https:\/\/api.w.org\/{rel}","templated":true}]}}