{"id":10397,"date":"2018-04-12T16:56:04","date_gmt":"2018-04-12T19:56:04","guid":{"rendered":"http:\/\/www.ifbaiano.edu.br\/unidades\/lapa\/?p=10397"},"modified":"2018-04-12T16:56:04","modified_gmt":"2018-04-12T19:56:04","slug":"campus-bom-jesus-da-lapa-promove-cursos-voltados-a-iniciacao-cientifica-de-estudantes","status":"publish","type":"post","link":"https:\/\/www.ifbaiano.edu.br\/unidades\/lapa\/2018\/04\/12\/campus-bom-jesus-da-lapa-promove-cursos-voltados-a-iniciacao-cientifica-de-estudantes\/","title":{"rendered":"Campus Bom Jesus da Lapa promove cursos voltados \u00e0 inicia\u00e7\u00e3o cient\u00edfica de estudantes"},"content":{"rendered":"<p style=\"text-align: justify\">A Diretoria Acad\u00eamica, por meio das Coordena\u00e7\u00f5es de Pesquisa e Extens\u00e3o do Campus Bom Jesus da Lapa, desenvolveu, nas \u00faltimas 2 semanas, dois importantes cursos para estimular as pr\u00e1ticas voltadas \u00e0 inicia\u00e7\u00e3o cient\u00edfica no \u00e2mbito do Campus: Curso de Elabora\u00e7\u00e3o de Projetos (Carga hor\u00e1ria de 12 horas) e Curso de Cria\u00e7\u00e3o e Gest\u00e3o de Curr\u00edculo Lattes (08 horas). O curso de elabora\u00e7\u00e3o de projetos trabalhou a diferencia\u00e7\u00e3o entre os conceitos de pesquisa e extens\u00e3o, apresentando as perspectivas e tend\u00eancias no IF Baiano. Al\u00e9m disso, os estudantes, com o uso da plataforma Google Sala de Aula, iniciaram a elabora\u00e7\u00e3o de projetos, sob a supervis\u00e3o dos ministrantes, no sentido de compreenderem a estrutura, os fundamentos te\u00f3ricos e metodol\u00f3gicos e os cuidados que devem ser observados na reda\u00e7\u00e3o de cada item dos projetos. Em rela\u00e7\u00e3o ao curso de Cria\u00e7\u00e3o e Gest\u00e3o de Curr\u00edculo Lattes, os cursistas puderam realizar o cadastro na plataforma lattes, conhecer suas principais funcionalidades e compreender como o sistema deve ser alimentado. Ao longo do ano, as coordena\u00e7\u00f5es realizar\u00e3o outras iniciativas dessa natureza.<\/p>\n<table border=\"0\">\n<tbody>\n<tr>\n<td><a href=\"http:\/\/www.ifbaiano.edu.br\/unidades\/lapa\/files\/2018\/04\/Curso-Curr\u00edculo-Lattes.jpg\"><img decoding=\"async\" loading=\"lazy\" class=\"aligncenter size-full wp-image-7972\" src=\"http:\/\/www.ifbaiano.edu.br\/unidades\/lapa\/files\/2018\/04\/Curso-Curr\u00edculo-Lattes.jpg\" width=\"787\" height=\"107\" \/><\/a><\/td>\n<td><\/td>\n<td><a href=\"http:\/\/www.ifbaiano.edu.br\/unidades\/lapa\/files\/2018\/04\/Curso-Elabora\u00e7\u00e3o-de-Projetos-2.jpg\"><img decoding=\"async\" loading=\"lazy\" class=\"aligncenter size-full wp-image-7972\" src=\"http:\/\/www.ifbaiano.edu.br\/unidades\/lapa\/files\/2018\/04\/Curso-Elabora\u00e7\u00e3o-de-Projetos-2.jpg\" width=\"787\" height=\"107\" \/><\/a><\/td>\n<td><\/td>\n<td><a href=\"http:\/\/www.ifbaiano.edu.br\/unidades\/lapa\/files\/2018\/04\/Curso-Elabora\u00e7\u00e3o-de-Projetos.jpg\"><img decoding=\"async\" loading=\"lazy\" class=\"aligncenter size-full wp-image-7972\" src=\"http:\/\/www.ifbaiano.edu.br\/unidades\/lapa\/files\/2018\/04\/Curso-Elabora\u00e7\u00e3o-de-Projetos.jpg\" width=\"787\" height=\"107\" \/><\/a><\/td>\n<\/tr>\n<\/tbody>\n<\/table>\n","protected":false},"excerpt":{"rendered":"<p>A Diretoria Acad\u00eamica, por meio das Coordena\u00e7\u00f5es de Pesquisa e Extens\u00e3o do Campus Bom Jesus da Lapa, desenvolveu, nas \u00faltimas 2 semanas, dois importantes cursos para estimular as pr\u00e1ticas voltadas \u00e0 inicia\u00e7\u00e3o cient\u00edfica no \u00e2mbito do Campus: Curso de Elabora\u00e7\u00e3o de Projetos (Carga hor\u00e1ria de 12 horas) e Curso de Cria\u00e7\u00e3o e Gest\u00e3o de Curr\u00edculo [&hellip;]<\/p>\n","protected":false},"author":84,"featured_media":0,"comment_status":"open","ping_status":"open","sticky":false,"template":"","format":"standard","meta":[],"categories":[64,24,65],"tags":[],"_links":{"self":[{"href":"https:\/\/www.ifbaiano.edu.br\/unidades\/lapa\/wp-json\/wp\/v2\/posts\/10397"}],"collection":[{"href":"https:\/\/www.ifbaiano.edu.br\/unidades\/lapa\/wp-json\/wp\/v2\/posts"}],"about":[{"href":"https:\/\/www.ifbaiano.edu.br\/unidades\/lapa\/wp-json\/wp\/v2\/types\/post"}],"author":[{"embeddable":true,"href":"https:\/\/www.ifbaiano.edu.br\/unidades\/lapa\/wp-json\/wp\/v2\/users\/84"}],"replies":[{"embeddable":true,"href":"https:\/\/www.ifbaiano.edu.br\/unidades\/lapa\/wp-json\/wp\/v2\/comments?post=10397"}],"version-history":[{"count":2,"href":"https:\/\/www.ifbaiano.edu.br\/unidades\/lapa\/wp-json\/wp\/v2\/posts\/10397\/revisions"}],"predecessor-version":[{"id":10402,"href":"https:\/\/www.ifbaiano.edu.br\/unidades\/lapa\/wp-json\/wp\/v2\/posts\/10397\/revisions\/10402"}],"wp:attachment":[{"href":"https:\/\/www.ifbaiano.edu.br\/unidades\/lapa\/wp-json\/wp\/v2\/media?parent=10397"}],"wp:term":[{"taxonomy":"category","embeddable":true,"href":"https:\/\/www.ifbaiano.edu.br\/unidades\/lapa\/wp-json\/wp\/v2\/categories?post=10397"},{"taxonomy":"post_tag","embeddable":true,"href":"https:\/\/www.ifbaiano.edu.br\/unidades\/lapa\/wp-json\/wp\/v2\/tags?post=10397"}],"curies":[{"name":"wp","href":"https:\/\/api.w.org\/{rel}","templated":true}]}}