{"id":10403,"date":"2018-04-16T09:40:12","date_gmt":"2018-04-16T12:40:12","guid":{"rendered":"http:\/\/www.ifbaiano.edu.br\/unidades\/lapa\/?p=10403"},"modified":"2018-04-16T09:53:30","modified_gmt":"2018-04-16T12:53:30","slug":"if-lapa-desenvolve-o-projeto-velho-chico-em-videoarte","status":"publish","type":"post","link":"https:\/\/www.ifbaiano.edu.br\/unidades\/lapa\/2018\/04\/16\/if-lapa-desenvolve-o-projeto-velho-chico-em-videoarte\/","title":{"rendered":"IF Lapa desenvolve o projeto &#8216;Velho Chico em V\u00eddeoArte&#8217;"},"content":{"rendered":"<p>A presente proposta extensionista, aprovada pela Chamada Interna Proex n\u00ba 02\/2017, busca produzir uma v\u00eddeoarte sobre as potencialidades art\u00edsticas e as viv\u00eancias socioculturais do munic\u00edpio de Bom Jesus da Lapa, capaz de socializar e fortalecer as a\u00e7\u00f5es dos agentes de cultura do Territ\u00f3rio de Identidade Velho Chico (TVC). O projeto se desenvolver\u00e1 por meio de metodologia participativa, a fim de contribuir com o levantamento coletivo dos aspectos culturais da comunidade local. O desenvolvimento das a\u00e7\u00f5es do projeto contar\u00e1 com o apoio da Secretaria Municipal de Educa\u00e7\u00e3o e Cultural de Bom Jesus da Lapa e alunos(as) do curso de Inform\u00e1tica do IF Baiano\/Campus Bom Jesus da Lapa. A partir das reflex\u00f5es no campo das artes audiovisuais, a proposta\u00a0ter\u00e1 como produto final a cria\u00e7\u00e3o e socializa\u00e7\u00e3o de uma v\u00eddeoarte abordando a diversidade cultural de Bom Jesus da Lapa e, consequentemente, do TVC.<\/p>\n<p><strong>Rela\u00e7\u00e3o entre ensino, pesquisa e extens\u00e3o:<\/strong><\/p>\n<p>Para o fortalecimento do ensino-pesquisa-extens\u00e3o no IF Baiano e do aprimoramento da forma\u00e7\u00e3o de estudantes-extensionistas, o projeto promover\u00e1:<\/p>\n<p>&#8211; o fortalecimento da rela\u00e7\u00e3o do IF Baiano com institui\u00e7\u00e3o parceira e os agentes\/grupos culturais do TVC;<br \/>\n&#8211; o reconhecimento e valoriza\u00e7\u00e3o das potencialidades art\u00edsticas e das viv\u00eancias socioculturais do munic\u00edpio de Bom Jesus da Lapa;<br \/>\n&#8211; o fortalecimento dos movimentos culturais, tendo em vista a sustentabilidade, a difus\u00e3o art\u00edstica e a preserva\u00e7\u00e3o da mem\u00f3ria e da cultura do territ\u00f3rio;<br \/>\n&#8211; a percep\u00e7\u00e3o da import\u00e2ncia do Curso T\u00e9cnico do Curso de Inform\u00e1tica para o desenvolvimento e aprimoramento da arte contempor\u00e2nea;<\/p>\n<p><strong>Contrapartida do\u00a0<em>Campus<\/em>\u00a0Bom Jesus da Lapa:<\/strong><\/p>\n<p>O IF Baiano\/Campus Bom Jesus da Lapa disp\u00f5e de ve\u00edculo institucional, equipamento de inform\u00e1tica e servi\u00e7o de internet para apoio nas atividades do projeto. Para a\u00e7\u00f5es espec\u00edficas na \u00e1rea de tecnologia da comunica\u00e7\u00e3o e informa\u00e7\u00e3o, conta com o servi\u00e7o de apoio t\u00e9cnico de funcion\u00e1rios efetivos. As instala\u00e7\u00f5es f\u00edsicas (salas e laborat\u00f3rios de inform\u00e1tica) que podem ser utilizadas para o aperfei\u00e7oamento e capacita\u00e7\u00e3o t\u00e9cnica, al\u00e9m de contar com um audit\u00f3rio com capacidade de 150 pessoas para semin\u00e1rios e apresenta\u00e7\u00f5es de cunho cient\u00edfico e cultural.<\/p>\n<p><strong>Coordenador geral do projeto<\/strong>: Edi\u00eanio Vieira Farias<\/p>\n<p><strong>Estudantes bolsistas:<\/strong>\u00a0Givanilson Pereira de Jesus, Solange Ferreira dos Anjos (volunt\u00e1ria) e Warley C\u00e9sar Oliveira dos Santos<\/p>\n<p><strong>Membros da equipe executora:<\/strong> Cl\u00e9lia Gomes dos Santos (IF Baiano), Michele Oliveira de Matos (SEMED) e Junio Batista Cust\u00f3dio (IF Baiano).<\/p>\n<p><strong>Produtos a serem gerados:<\/strong><\/p>\n<table style=\"border-collapse: collapse\">\n<tbody>\n<tr>\n<td style=\"border: 1px solid black\"><strong>Item<\/strong><\/td>\n<td style=\"border: 1px solid black\"><strong>Tipo<\/strong>\u00a0(<strong>artigos, p\u00f4steres, cartilhas, revistas, etc.)<\/strong><\/td>\n<td style=\"border: 1px solid black\"><strong>T\u00edtulo do produto<\/strong><\/td>\n<\/tr>\n<tr>\n<td style=\"border: 1px solid black\">01<\/td>\n<td style=\"border: 1px solid black\">Videoarte<\/td>\n<td style=\"border: 1px solid black\">O Velho Chico em videoarte: a diversidade cultural imaginada pela linguagem po\u00e9tica audiovisual.<\/td>\n<\/tr>\n<tr>\n<td style=\"border: 1px solid black\">02<\/td>\n<td style=\"border: 1px solid black\">P\u00f4ster<\/td>\n<td style=\"border: 1px solid black\">A diversidade cultural de Bom Jesus da Lapa: a realidade sociocultural autorrepresentada.<\/td>\n<\/tr>\n<tr>\n<td style=\"border: 1px solid black\">03<\/td>\n<td style=\"border: 1px solid black\">Artigo<\/td>\n<td style=\"border: 1px solid black\">A produ\u00e7\u00e3o da videoarte na escola como estrat\u00e9gia de investiga\u00e7\u00e3o de realidades socioculturais.<\/td>\n<\/tr>\n<\/tbody>\n<\/table>\n","protected":false},"excerpt":{"rendered":"<p>A presente proposta extensionista, aprovada pela Chamada Interna Proex n\u00ba 02\/2017, busca produzir uma v\u00eddeoarte sobre as potencialidades art\u00edsticas e as viv\u00eancias socioculturais do munic\u00edpio de Bom Jesus da Lapa, capaz de socializar e fortalecer as a\u00e7\u00f5es dos agentes de cultura do Territ\u00f3rio de Identidade Velho Chico (TVC). O projeto se desenvolver\u00e1 por meio de [&hellip;]<\/p>\n","protected":false},"author":95,"featured_media":0,"comment_status":"open","ping_status":"open","sticky":false,"template":"","format":"standard","meta":[],"categories":[64,24,65],"tags":[],"_links":{"self":[{"href":"https:\/\/www.ifbaiano.edu.br\/unidades\/lapa\/wp-json\/wp\/v2\/posts\/10403"}],"collection":[{"href":"https:\/\/www.ifbaiano.edu.br\/unidades\/lapa\/wp-json\/wp\/v2\/posts"}],"about":[{"href":"https:\/\/www.ifbaiano.edu.br\/unidades\/lapa\/wp-json\/wp\/v2\/types\/post"}],"author":[{"embeddable":true,"href":"https:\/\/www.ifbaiano.edu.br\/unidades\/lapa\/wp-json\/wp\/v2\/users\/95"}],"replies":[{"embeddable":true,"href":"https:\/\/www.ifbaiano.edu.br\/unidades\/lapa\/wp-json\/wp\/v2\/comments?post=10403"}],"version-history":[{"count":4,"href":"https:\/\/www.ifbaiano.edu.br\/unidades\/lapa\/wp-json\/wp\/v2\/posts\/10403\/revisions"}],"predecessor-version":[{"id":10407,"href":"https:\/\/www.ifbaiano.edu.br\/unidades\/lapa\/wp-json\/wp\/v2\/posts\/10403\/revisions\/10407"}],"wp:attachment":[{"href":"https:\/\/www.ifbaiano.edu.br\/unidades\/lapa\/wp-json\/wp\/v2\/media?parent=10403"}],"wp:term":[{"taxonomy":"category","embeddable":true,"href":"https:\/\/www.ifbaiano.edu.br\/unidades\/lapa\/wp-json\/wp\/v2\/categories?post=10403"},{"taxonomy":"post_tag","embeddable":true,"href":"https:\/\/www.ifbaiano.edu.br\/unidades\/lapa\/wp-json\/wp\/v2\/tags?post=10403"}],"curies":[{"name":"wp","href":"https:\/\/api.w.org\/{rel}","templated":true}]}}