{"id":10431,"date":"2018-05-09T17:09:39","date_gmt":"2018-05-09T20:09:39","guid":{"rendered":"http:\/\/www.ifbaiano.edu.br\/unidades\/lapa\/?p=10431"},"modified":"2018-05-09T17:09:39","modified_gmt":"2018-05-09T20:09:39","slug":"campus-bom-jesus-da-lapa-compoe-grupo-de-trabalho-para-construcao-de-projeto-de-curso-voltado-para-povos-quilombolas","status":"publish","type":"post","link":"https:\/\/www.ifbaiano.edu.br\/unidades\/lapa\/2018\/05\/09\/campus-bom-jesus-da-lapa-compoe-grupo-de-trabalho-para-construcao-de-projeto-de-curso-voltado-para-povos-quilombolas\/","title":{"rendered":"Campus Bom Jesus da Lapa comp\u00f5e grupo de trabalho para constru\u00e7\u00e3o de projeto de curso voltado para povos quilombolas"},"content":{"rendered":"<p><img decoding=\"async\" loading=\"lazy\" class=\"alignnone size-full wp-image-10432\" src=\"http:\/\/www.ifbaiano.edu.br\/unidades\/lapa\/files\/2018\/05\/Grupo-Trabalho-Quilombola.jpeg\" alt=\"Grupo Trabalho Quilombola\" width=\"1280\" height=\"960\" \/><\/p>\n<div>Dando continuidade a uma agenda de trabalho institu\u00edda em janeiro de 2017, com a realiza\u00e7\u00e3o do I Encontro Interterritorial Quilombola e Audi\u00eancia P\u00fablica para a Educa\u00e7\u00e3o Quilombola, o Campus Bom Jesus da Lapa instituiu grupo de trabalho respons\u00e1vel pela constru\u00e7\u00e3o de uma proposta de curso superior em\u00a0Engenharia Agron\u00f4mica a ser submetida ao Edital do Programa Nacional de Educa\u00e7\u00e3o em \u00e1reas de Reforma Agr\u00e1ria, no pr\u00f3ximo m\u00eas.<\/div>\n<div><\/div>\n<div>A referida proposta assenta-se na luta dos povos quilombolas dos quatro territ\u00f3rios presentes no evento: Bacia do Rio Corrente, Velho Chico, Chapada Diamantina e Sert\u00e3o Produtivo. O movimento \u00e9 constitu\u00eddo de uma a\u00e7\u00e3o articulada com o Conselho Regional Quilombola (CRQ) e a Secretaria Municipal de Promo\u00e7\u00e3o da Igualdade Racial, envolvendo o IF Baiano &#8211; Campus Bom Jesus da Lapa, a Universidade do Estado da Bahia e a Universidade Federal do Oeste da Bahia (UFOB).<\/div>\n<p>&nbsp;<\/p>\n<div>O curso definido atende aos anseios levantados na audi\u00eancia quilombola, al\u00e9m de se apresentar como a proposta mais compat\u00edvel com a expertise do Campus Bom Jesus da Lapa. A comiss\u00e3o respons\u00e1vel pela elabora\u00e7\u00e3o do projeto congrega servidores das institui\u00e7\u00f5es envolvidas, militantes e agentes sociais ligados ao movimento quilombola dos territ\u00f3rios envolvidos.<\/div>\n<p>&nbsp;<\/p>\n<div><strong>Fonte<\/strong>: Comiss\u00e3o de Implanta\u00e7\u00e3o<\/div>\n","protected":false},"excerpt":{"rendered":"<p>Dando continuidade a uma agenda de trabalho institu\u00edda em janeiro de 2017, com a realiza\u00e7\u00e3o do I Encontro Interterritorial Quilombola e Audi\u00eancia P\u00fablica para a Educa\u00e7\u00e3o Quilombola, o Campus Bom Jesus da Lapa instituiu grupo de trabalho respons\u00e1vel pela constru\u00e7\u00e3o de uma proposta de curso superior em\u00a0Engenharia Agron\u00f4mica a ser submetida ao Edital do Programa [&hellip;]<\/p>\n","protected":false},"author":100,"featured_media":0,"comment_status":"open","ping_status":"open","sticky":false,"template":"","format":"standard","meta":[],"categories":[64,65],"tags":[85],"_links":{"self":[{"href":"https:\/\/www.ifbaiano.edu.br\/unidades\/lapa\/wp-json\/wp\/v2\/posts\/10431"}],"collection":[{"href":"https:\/\/www.ifbaiano.edu.br\/unidades\/lapa\/wp-json\/wp\/v2\/posts"}],"about":[{"href":"https:\/\/www.ifbaiano.edu.br\/unidades\/lapa\/wp-json\/wp\/v2\/types\/post"}],"author":[{"embeddable":true,"href":"https:\/\/www.ifbaiano.edu.br\/unidades\/lapa\/wp-json\/wp\/v2\/users\/100"}],"replies":[{"embeddable":true,"href":"https:\/\/www.ifbaiano.edu.br\/unidades\/lapa\/wp-json\/wp\/v2\/comments?post=10431"}],"version-history":[{"count":1,"href":"https:\/\/www.ifbaiano.edu.br\/unidades\/lapa\/wp-json\/wp\/v2\/posts\/10431\/revisions"}],"predecessor-version":[{"id":10433,"href":"https:\/\/www.ifbaiano.edu.br\/unidades\/lapa\/wp-json\/wp\/v2\/posts\/10431\/revisions\/10433"}],"wp:attachment":[{"href":"https:\/\/www.ifbaiano.edu.br\/unidades\/lapa\/wp-json\/wp\/v2\/media?parent=10431"}],"wp:term":[{"taxonomy":"category","embeddable":true,"href":"https:\/\/www.ifbaiano.edu.br\/unidades\/lapa\/wp-json\/wp\/v2\/categories?post=10431"},{"taxonomy":"post_tag","embeddable":true,"href":"https:\/\/www.ifbaiano.edu.br\/unidades\/lapa\/wp-json\/wp\/v2\/tags?post=10431"}],"curies":[{"name":"wp","href":"https:\/\/api.w.org\/{rel}","templated":true}]}}