{"id":10467,"date":"2018-05-19T07:14:39","date_gmt":"2018-05-19T10:14:39","guid":{"rendered":"http:\/\/www.ifbaiano.edu.br\/unidades\/lapa\/?p=10467"},"modified":"2018-05-19T10:26:02","modified_gmt":"2018-05-19T13:26:02","slug":"abertas-inscricoes-para-participacao-no-mosaico-cultural-velho-chico","status":"publish","type":"post","link":"https:\/\/www.ifbaiano.edu.br\/unidades\/lapa\/2018\/05\/19\/abertas-inscricoes-para-participacao-no-mosaico-cultural-velho-chico\/","title":{"rendered":"Abertas Inscri\u00e7\u00f5es para participa\u00e7\u00e3o no Mosaico Cultural Velho Chico"},"content":{"rendered":"<p><a href=\"https:\/\/docs.google.com\/forms\/d\/e\/1FAIpQLSdpZMRrRSkEI0Jz69QU_C93i8EPJ2d7L1DAIAT5UDX6hxsN7w\/viewform\" target=\"_blank\"><img decoding=\"async\" loading=\"lazy\" class=\"aligncenter size-full wp-image-10468\" src=\"http:\/\/www.ifbaiano.edu.br\/unidades\/lapa\/files\/2018\/05\/arte.jpeg\" alt=\"arte\" width=\"1280\" height=\"916\" \/><\/a><br \/><\/br><\/p>\n<p style=\"text-align: justify\">A Mostra Cultural 2018 prop\u00f5e um mergulho cultural atrav\u00e9s de apresenta\u00e7\u00f5es, oficinas e exposi\u00e7\u00f5es ligadas \u00e0 arte e \u00e0 cultura do Territ\u00f3rio Velho Chico. \u00a0Atrav\u00e9s da diversidade sociocultural do territ\u00f3rio, a Mostra busca proporcionar a intera\u00e7\u00e3o entre a comunidade escolar e a comunidade externa, promover a troca de experi\u00eancia entre servidores e estudantes, estimulando o desenvolvimento cultural, hist\u00f3rico e a sensibilidade art\u00edstica.<\/p>\n<p>A mostra ser\u00e1 realizada no dia 08 de junho de 2018 (sexta-feira) das 08:00 \u00e0s 17:30 no IF Baiano &#8211; Campus Bom Jesus da Lapa.<\/p>\n<p>As inscri\u00e7\u00f5es para apresenta\u00e7\u00e3o ou participa\u00e7\u00e3o em oficinas ser\u00e1 de 18 de maio a primeiro de junho de 2018.<\/p>\n<p>Para conhecer as oficinas dispon\u00edveis ou para inscrever sua apresenta\u00e7\u00e3o cultural acessem o seguinte link:<\/p>\n<p style=\"text-align: justify\"><a href=\"https:\/\/docs.google.com\/forms\/d\/e\/1FAIpQLSdpZMRrRSkEI0Jz69QU_C93i8EPJ2d7L1DAIAT5UDX6hxsN7w\/viewform\" target=\"_blank\">INSCRI\u00c7\u00d5ES AQUI<\/a><\/p>\n<p>&nbsp;<\/p>\n","protected":false},"excerpt":{"rendered":"<p>A Mostra Cultural 2018 prop\u00f5e um mergulho cultural atrav\u00e9s de apresenta\u00e7\u00f5es, oficinas e exposi\u00e7\u00f5es ligadas \u00e0 arte e \u00e0 cultura do Territ\u00f3rio Velho Chico. \u00a0Atrav\u00e9s da diversidade sociocultural do territ\u00f3rio, a Mostra busca proporcionar a intera\u00e7\u00e3o entre a comunidade escolar e a comunidade externa, promover a troca de experi\u00eancia entre servidores e estudantes, estimulando o [&hellip;]<\/p>\n","protected":false},"author":84,"featured_media":0,"comment_status":"open","ping_status":"open","sticky":false,"template":"","format":"standard","meta":[],"categories":[64,24,65],"tags":[],"_links":{"self":[{"href":"https:\/\/www.ifbaiano.edu.br\/unidades\/lapa\/wp-json\/wp\/v2\/posts\/10467"}],"collection":[{"href":"https:\/\/www.ifbaiano.edu.br\/unidades\/lapa\/wp-json\/wp\/v2\/posts"}],"about":[{"href":"https:\/\/www.ifbaiano.edu.br\/unidades\/lapa\/wp-json\/wp\/v2\/types\/post"}],"author":[{"embeddable":true,"href":"https:\/\/www.ifbaiano.edu.br\/unidades\/lapa\/wp-json\/wp\/v2\/users\/84"}],"replies":[{"embeddable":true,"href":"https:\/\/www.ifbaiano.edu.br\/unidades\/lapa\/wp-json\/wp\/v2\/comments?post=10467"}],"version-history":[{"count":4,"href":"https:\/\/www.ifbaiano.edu.br\/unidades\/lapa\/wp-json\/wp\/v2\/posts\/10467\/revisions"}],"predecessor-version":[{"id":10477,"href":"https:\/\/www.ifbaiano.edu.br\/unidades\/lapa\/wp-json\/wp\/v2\/posts\/10467\/revisions\/10477"}],"wp:attachment":[{"href":"https:\/\/www.ifbaiano.edu.br\/unidades\/lapa\/wp-json\/wp\/v2\/media?parent=10467"}],"wp:term":[{"taxonomy":"category","embeddable":true,"href":"https:\/\/www.ifbaiano.edu.br\/unidades\/lapa\/wp-json\/wp\/v2\/categories?post=10467"},{"taxonomy":"post_tag","embeddable":true,"href":"https:\/\/www.ifbaiano.edu.br\/unidades\/lapa\/wp-json\/wp\/v2\/tags?post=10467"}],"curies":[{"name":"wp","href":"https:\/\/api.w.org\/{rel}","templated":true}]}}