{"id":10508,"date":"2018-05-21T16:30:34","date_gmt":"2018-05-21T19:30:34","guid":{"rendered":"http:\/\/www.ifbaiano.edu.br\/unidades\/lapa\/?p=10508"},"modified":"2018-05-21T16:32:29","modified_gmt":"2018-05-21T19:32:29","slug":"campus-lapa-promove-palestra-sobre-aspectos-legais-do-funcionalismo-publico","status":"publish","type":"post","link":"https:\/\/www.ifbaiano.edu.br\/unidades\/lapa\/2018\/05\/21\/campus-lapa-promove-palestra-sobre-aspectos-legais-do-funcionalismo-publico\/","title":{"rendered":"Campus Lapa promove palestra sobre aspectos legais do funcionalismo p\u00fablico"},"content":{"rendered":"<p>A Dire\u00e7\u00e3o Geral do Campus Bom Jesus da Lapa em parceria com a Coordena\u00e7\u00e3o de Extens\u00e3o, promoveu no dia 16 de maio de 2018 a palestra sobre o tema: \u201c<b>Aspectos legais do funcionalismo p\u00fablico: direitos e deveres imputados aos seus agentes<\/b>\u201d, ministrada pelo Dr. Edvaldo Ramos de Ara\u00fajo, Presidente da OAB (Subse\u00e7\u00e3o Bom Jesus da Lapa).<br \/>\nA palestra foi realizada no audit\u00f3rio do Campus e teve como pauta:<\/p>\n<p>&#8211; Breve abordagem sobre os direitos e deveres imputados aos agentes p\u00fablicos;<br \/>\n&#8211; O ass\u00e9dio no ambiente de trabalho e as suas implica\u00e7\u00f5es (os diferentes tipos de ass\u00e9dio, consequ\u00eancias e mecanismos de combate\/formas de repara\u00e7\u00e3o);<br \/>\n&#8211; Esclarecimentos de d\u00favidas e questionamentos dos servidores presentes.<\/p>\n\n\t\t<style type=\"text\/css\">\n\t\t\t#gallery-1 {\n\t\t\t\tmargin: auto;\n\t\t\t}\n\t\t\t#gallery-1 .gallery-item {\n\t\t\t\tfloat: left;\n\t\t\t\tmargin-top: 10px;\n\t\t\t\ttext-align: center;\n\t\t\t\twidth: 33%;\n\t\t\t}\n\t\t\t#gallery-1 img {\n\t\t\t\tborder: 2px solid #cfcfcf;\n\t\t\t}\n\t\t\t#gallery-1 .gallery-caption {\n\t\t\t\tmargin-left: 0;\n\t\t\t}\n\t\t\t\/* see gallery_shortcode() in wp-includes\/media.php *\/\n\t\t<\/style>\n\t\t<div id='gallery-1' class='gallery galleryid-10508 gallery-columns-3 gallery-size-thumbnail'><dl class='gallery-item'>\n\t\t\t<dt class='gallery-icon landscape'>\n\t\t\t\t<a href='https:\/\/www.ifbaiano.edu.br\/unidades\/lapa\/2018\/05\/21\/campus-lapa-promove-palestra-sobre-aspectos-legais-do-funcionalismo-publico\/dsc01850\/'><img width=\"150\" height=\"84\" src=\"https:\/\/www.ifbaiano.edu.br\/unidades\/lapa\/files\/2018\/05\/DSC01850.jpg\" class=\"attachment-thumbnail size-thumbnail\" alt=\"\" decoding=\"async\" loading=\"lazy\" \/><\/a>\n\t\t\t<\/dt><\/dl><dl class='gallery-item'>\n\t\t\t<dt class='gallery-icon landscape'>\n\t\t\t\t<a href='https:\/\/www.ifbaiano.edu.br\/unidades\/lapa\/2018\/05\/21\/campus-lapa-promove-palestra-sobre-aspectos-legais-do-funcionalismo-publico\/dsc01847\/'><img width=\"150\" height=\"84\" src=\"https:\/\/www.ifbaiano.edu.br\/unidades\/lapa\/files\/2018\/05\/DSC01847.jpg\" class=\"attachment-thumbnail size-thumbnail\" alt=\"\" decoding=\"async\" loading=\"lazy\" \/><\/a>\n\t\t\t<\/dt><\/dl><dl class='gallery-item'>\n\t\t\t<dt class='gallery-icon landscape'>\n\t\t\t\t<a href='https:\/\/www.ifbaiano.edu.br\/unidades\/lapa\/2018\/05\/21\/campus-lapa-promove-palestra-sobre-aspectos-legais-do-funcionalismo-publico\/img-20180521-wa0002\/'><img width=\"150\" height=\"84\" src=\"https:\/\/www.ifbaiano.edu.br\/unidades\/lapa\/files\/2018\/05\/IMG-20180521-WA0002.jpg\" class=\"attachment-thumbnail size-thumbnail\" alt=\"\" decoding=\"async\" loading=\"lazy\" \/><\/a>\n\t\t\t<\/dt><\/dl><br style=\"clear: both\" \/>\n\t\t<\/div>\n\n","protected":false},"excerpt":{"rendered":"<p>A Dire\u00e7\u00e3o Geral do Campus Bom Jesus da Lapa em parceria com a Coordena\u00e7\u00e3o de Extens\u00e3o, promoveu no dia 16 de maio de 2018 a palestra sobre o tema: \u201cAspectos legais do funcionalismo p\u00fablico: direitos e deveres imputados aos seus agentes\u201d, ministrada pelo Dr. Edvaldo Ramos de Ara\u00fajo, Presidente da OAB (Subse\u00e7\u00e3o Bom Jesus da [&hellip;]<\/p>\n","protected":false},"author":95,"featured_media":0,"comment_status":"open","ping_status":"open","sticky":false,"template":"","format":"standard","meta":[],"categories":[64,24,65],"tags":[],"_links":{"self":[{"href":"https:\/\/www.ifbaiano.edu.br\/unidades\/lapa\/wp-json\/wp\/v2\/posts\/10508"}],"collection":[{"href":"https:\/\/www.ifbaiano.edu.br\/unidades\/lapa\/wp-json\/wp\/v2\/posts"}],"about":[{"href":"https:\/\/www.ifbaiano.edu.br\/unidades\/lapa\/wp-json\/wp\/v2\/types\/post"}],"author":[{"embeddable":true,"href":"https:\/\/www.ifbaiano.edu.br\/unidades\/lapa\/wp-json\/wp\/v2\/users\/95"}],"replies":[{"embeddable":true,"href":"https:\/\/www.ifbaiano.edu.br\/unidades\/lapa\/wp-json\/wp\/v2\/comments?post=10508"}],"version-history":[{"count":3,"href":"https:\/\/www.ifbaiano.edu.br\/unidades\/lapa\/wp-json\/wp\/v2\/posts\/10508\/revisions"}],"predecessor-version":[{"id":10514,"href":"https:\/\/www.ifbaiano.edu.br\/unidades\/lapa\/wp-json\/wp\/v2\/posts\/10508\/revisions\/10514"}],"wp:attachment":[{"href":"https:\/\/www.ifbaiano.edu.br\/unidades\/lapa\/wp-json\/wp\/v2\/media?parent=10508"}],"wp:term":[{"taxonomy":"category","embeddable":true,"href":"https:\/\/www.ifbaiano.edu.br\/unidades\/lapa\/wp-json\/wp\/v2\/categories?post=10508"},{"taxonomy":"post_tag","embeddable":true,"href":"https:\/\/www.ifbaiano.edu.br\/unidades\/lapa\/wp-json\/wp\/v2\/tags?post=10508"}],"curies":[{"name":"wp","href":"https:\/\/api.w.org\/{rel}","templated":true}]}}