{"id":10554,"date":"2018-05-25T11:41:18","date_gmt":"2018-05-25T14:41:18","guid":{"rendered":"http:\/\/www.ifbaiano.edu.br\/unidades\/lapa\/?p=10554"},"modified":"2018-06-05T09:13:27","modified_gmt":"2018-06-05T12:13:27","slug":"campus-bom-jesus-da-lapa-publica-edital-de-selecao-de-monitores","status":"publish","type":"post","link":"https:\/\/www.ifbaiano.edu.br\/unidades\/lapa\/2018\/05\/25\/campus-bom-jesus-da-lapa-publica-edital-de-selecao-de-monitores\/","title":{"rendered":"Campus Bom Jesus da Lapa publica edital de sele\u00e7\u00e3o de monitores"},"content":{"rendered":"<p><img decoding=\"async\" loading=\"lazy\" class=\"aligncenter size-full wp-image-10673\" src=\"http:\/\/www.ifbaiano.edu.br\/unidades\/lapa\/files\/2018\/05\/Cartaz-Monitoria-2018.jpg\" alt=\"Cartaz-Monitoria-2018\" width=\"960\" height=\"720\" \/><\/p>\n<p>&nbsp;<\/p>\n<p>O Campus Bom Jesus da Lapa torna p\u00fablico o Edital 12\/2018, que tem como objeto a sele\u00e7\u00e3o de monitores bolsistas e volunt\u00e1rios para atuarem nos cursos t\u00e9cnicos de n\u00edvel m\u00e9dio e curso superior.<\/p>\n<p>As inscri\u00e7\u00f5es ser\u00e3o realizadas no per\u00edodo de 29 de maio a 7 de junho de 2018, mediante o preenchimento de uma Ficha de Inscri\u00e7\u00e3o, dispon\u00edvel na sala da equipe pedag\u00f3gica do Campus. Para se inscrever, o pr\u00e9-requisito \u00e9 j\u00e1 ter cursado, com aprova\u00e7\u00e3o, a disciplina escolhida. A sele\u00e7\u00e3o observar\u00e1 o desempenho acad\u00eamico e a desenvoltura do candidato em uma entrevista que ser\u00e1 realizada conforme prazo estabelecido no cronograma. Ao todo, est\u00e3o sendo disponibilizadas 17 bolsas e o cadastro reserva, conforme item 6 do Edital.<\/p>\n<p><a href=\"http:\/\/www.ifbaiano.edu.br\/unidades\/lapa\/files\/2018\/05\/edital-monitoria-2018.pdf\" target=\"_blank\">ACESSEM AQUI O EDITAL<\/a><\/p>\n<p>Fonte: Comiss\u00e3o Respons\u00e1vel pelo processo de monitoria<\/p>\n<p>&nbsp;<\/p>\n","protected":false},"excerpt":{"rendered":"<p>&nbsp; O Campus Bom Jesus da Lapa torna p\u00fablico o Edital 12\/2018, que tem como objeto a sele\u00e7\u00e3o de monitores bolsistas e volunt\u00e1rios para atuarem nos cursos t\u00e9cnicos de n\u00edvel m\u00e9dio e curso superior. As inscri\u00e7\u00f5es ser\u00e3o realizadas no per\u00edodo de 29 de maio a 7 de junho de 2018, mediante o preenchimento de uma [&hellip;]<\/p>\n","protected":false},"author":95,"featured_media":0,"comment_status":"open","ping_status":"open","sticky":false,"template":"","format":"standard","meta":[],"categories":[64,24,65],"tags":[],"_links":{"self":[{"href":"https:\/\/www.ifbaiano.edu.br\/unidades\/lapa\/wp-json\/wp\/v2\/posts\/10554"}],"collection":[{"href":"https:\/\/www.ifbaiano.edu.br\/unidades\/lapa\/wp-json\/wp\/v2\/posts"}],"about":[{"href":"https:\/\/www.ifbaiano.edu.br\/unidades\/lapa\/wp-json\/wp\/v2\/types\/post"}],"author":[{"embeddable":true,"href":"https:\/\/www.ifbaiano.edu.br\/unidades\/lapa\/wp-json\/wp\/v2\/users\/95"}],"replies":[{"embeddable":true,"href":"https:\/\/www.ifbaiano.edu.br\/unidades\/lapa\/wp-json\/wp\/v2\/comments?post=10554"}],"version-history":[{"count":7,"href":"https:\/\/www.ifbaiano.edu.br\/unidades\/lapa\/wp-json\/wp\/v2\/posts\/10554\/revisions"}],"predecessor-version":[{"id":10679,"href":"https:\/\/www.ifbaiano.edu.br\/unidades\/lapa\/wp-json\/wp\/v2\/posts\/10554\/revisions\/10679"}],"wp:attachment":[{"href":"https:\/\/www.ifbaiano.edu.br\/unidades\/lapa\/wp-json\/wp\/v2\/media?parent=10554"}],"wp:term":[{"taxonomy":"category","embeddable":true,"href":"https:\/\/www.ifbaiano.edu.br\/unidades\/lapa\/wp-json\/wp\/v2\/categories?post=10554"},{"taxonomy":"post_tag","embeddable":true,"href":"https:\/\/www.ifbaiano.edu.br\/unidades\/lapa\/wp-json\/wp\/v2\/tags?post=10554"}],"curies":[{"name":"wp","href":"https:\/\/api.w.org\/{rel}","templated":true}]}}