{"id":10565,"date":"2018-05-25T16:34:26","date_gmt":"2018-05-25T19:34:26","guid":{"rendered":"http:\/\/www.ifbaiano.edu.br\/unidades\/lapa\/?p=10565"},"modified":"2018-05-25T16:36:46","modified_gmt":"2018-05-25T19:36:46","slug":"nota-informativa-012018dg","status":"publish","type":"post","link":"https:\/\/www.ifbaiano.edu.br\/unidades\/lapa\/2018\/05\/25\/nota-informativa-012018dg\/","title":{"rendered":"NOTA INFORMATIVA &#8211; 01\/2018\/DG &#8211; Altera\u00e7\u00e3o das datas do Calend\u00e1rio Acad\u00eamico 2018.2"},"content":{"rendered":"<p>A Diretoria Geral do Campus Bom Jesus da Lapa divulga Altera\u00e7\u00e3o das datas do Calend\u00e1rio Acad\u00eamico 2018.2 \u2013 <strong>Cursos Subsequentes<\/strong>.<\/p>\n<p><a href=\"http:\/\/www.ifbaiano.edu.br\/unidades\/lapa\/files\/2018\/05\/NOTA-01-2018-INFORMA-ALTERACAO-DATAS-NO-CALENDARIO-ACADEMICO-2018_2-CURSOS-SUBSEQUENTES.pdf\" target=\"_blank\">CLIQUE AQUI PARA VISUALIZAR A PUBLICA\u00c7\u00c3O<\/a><\/p>\n<p>&nbsp;<\/p>\n","protected":false},"excerpt":{"rendered":"<p>A Diretoria Geral do Campus Bom Jesus da Lapa divulga Altera\u00e7\u00e3o das datas do Calend\u00e1rio Acad\u00eamico 2018.2 \u2013 Cursos Subsequentes. CLIQUE AQUI PARA VISUALIZAR A PUBLICA\u00c7\u00c3O &nbsp;<\/p>\n","protected":false},"author":95,"featured_media":0,"comment_status":"open","ping_status":"open","sticky":false,"template":"","format":"standard","meta":[],"categories":[64,24,65],"tags":[],"_links":{"self":[{"href":"https:\/\/www.ifbaiano.edu.br\/unidades\/lapa\/wp-json\/wp\/v2\/posts\/10565"}],"collection":[{"href":"https:\/\/www.ifbaiano.edu.br\/unidades\/lapa\/wp-json\/wp\/v2\/posts"}],"about":[{"href":"https:\/\/www.ifbaiano.edu.br\/unidades\/lapa\/wp-json\/wp\/v2\/types\/post"}],"author":[{"embeddable":true,"href":"https:\/\/www.ifbaiano.edu.br\/unidades\/lapa\/wp-json\/wp\/v2\/users\/95"}],"replies":[{"embeddable":true,"href":"https:\/\/www.ifbaiano.edu.br\/unidades\/lapa\/wp-json\/wp\/v2\/comments?post=10565"}],"version-history":[{"count":4,"href":"https:\/\/www.ifbaiano.edu.br\/unidades\/lapa\/wp-json\/wp\/v2\/posts\/10565\/revisions"}],"predecessor-version":[{"id":10570,"href":"https:\/\/www.ifbaiano.edu.br\/unidades\/lapa\/wp-json\/wp\/v2\/posts\/10565\/revisions\/10570"}],"wp:attachment":[{"href":"https:\/\/www.ifbaiano.edu.br\/unidades\/lapa\/wp-json\/wp\/v2\/media?parent=10565"}],"wp:term":[{"taxonomy":"category","embeddable":true,"href":"https:\/\/www.ifbaiano.edu.br\/unidades\/lapa\/wp-json\/wp\/v2\/categories?post=10565"},{"taxonomy":"post_tag","embeddable":true,"href":"https:\/\/www.ifbaiano.edu.br\/unidades\/lapa\/wp-json\/wp\/v2\/tags?post=10565"}],"curies":[{"name":"wp","href":"https:\/\/api.w.org\/{rel}","templated":true}]}}