{"id":10571,"date":"2018-05-25T16:46:28","date_gmt":"2018-05-25T19:46:28","guid":{"rendered":"http:\/\/www.ifbaiano.edu.br\/unidades\/lapa\/?p=10571"},"modified":"2018-05-25T16:46:28","modified_gmt":"2018-05-25T19:46:28","slug":"suspensao-das-atividades-pedagogicas-e-administrativas-no-dia-280518","status":"publish","type":"post","link":"https:\/\/www.ifbaiano.edu.br\/unidades\/lapa\/2018\/05\/25\/suspensao-das-atividades-pedagogicas-e-administrativas-no-dia-280518\/","title":{"rendered":"Suspens\u00e3o das Atividades Pedag\u00f3gicas e Administrativas no dia 28\/05\/18"},"content":{"rendered":"<p>Informamos que em raz\u00e3o da falta de transporte ocasionada pela indisponibilidade de combust\u00edveis nos postos de abastecimento de Bom Jesus da Lapa e regi\u00e3o, em consequ\u00eancias da paralisa\u00e7\u00e3o nacional dos rodovi\u00e1rios, o Diretor-Geral deste <em>Campus<\/em> <strong>deliberou pela suspens\u00e3o das atividades Pedag\u00f3gicas e Administrativas<\/strong> nos turnos matutino, vespertino e noturno do dia 28 de maio de 2018 (segunda-feira). Havendo a normaliza\u00e7\u00e3o da situa\u00e7\u00e3o, retornaremos \u00e0s nossas atividades no dia 29 de maio de 2018 (ter\u00e7a-feira), mediante comunicado a ser divulgado no site do Campus e e-mail institucional, no dia 28 de maio de 2018.<\/p>\n<p><a href=\"http:\/\/www.ifbaiano.edu.br\/unidades\/lapa\/files\/2018\/05\/Mem-Circular-02-2018-SUSPENSAO-DAS-ATIVIDADES-PEDAGOGICAS-E-ADMINISTRATIVAS.pdf\" target=\"_blank\">Clique Aqui para visualizar o Memorando Circular 02\/2018\/DG<\/a><\/p>\n<p>&nbsp;<\/p>\n","protected":false},"excerpt":{"rendered":"<p>Informamos que em raz\u00e3o da falta de transporte ocasionada pela indisponibilidade de combust\u00edveis nos postos de abastecimento de Bom Jesus da Lapa e regi\u00e3o, em consequ\u00eancias da paralisa\u00e7\u00e3o nacional dos rodovi\u00e1rios, o Diretor-Geral deste Campus deliberou pela suspens\u00e3o das atividades Pedag\u00f3gicas e Administrativas nos turnos matutino, vespertino e noturno do dia 28 de maio de [&hellip;]<\/p>\n","protected":false},"author":95,"featured_media":0,"comment_status":"open","ping_status":"open","sticky":false,"template":"","format":"standard","meta":[],"categories":[64,24,65],"tags":[],"_links":{"self":[{"href":"https:\/\/www.ifbaiano.edu.br\/unidades\/lapa\/wp-json\/wp\/v2\/posts\/10571"}],"collection":[{"href":"https:\/\/www.ifbaiano.edu.br\/unidades\/lapa\/wp-json\/wp\/v2\/posts"}],"about":[{"href":"https:\/\/www.ifbaiano.edu.br\/unidades\/lapa\/wp-json\/wp\/v2\/types\/post"}],"author":[{"embeddable":true,"href":"https:\/\/www.ifbaiano.edu.br\/unidades\/lapa\/wp-json\/wp\/v2\/users\/95"}],"replies":[{"embeddable":true,"href":"https:\/\/www.ifbaiano.edu.br\/unidades\/lapa\/wp-json\/wp\/v2\/comments?post=10571"}],"version-history":[{"count":1,"href":"https:\/\/www.ifbaiano.edu.br\/unidades\/lapa\/wp-json\/wp\/v2\/posts\/10571\/revisions"}],"predecessor-version":[{"id":10573,"href":"https:\/\/www.ifbaiano.edu.br\/unidades\/lapa\/wp-json\/wp\/v2\/posts\/10571\/revisions\/10573"}],"wp:attachment":[{"href":"https:\/\/www.ifbaiano.edu.br\/unidades\/lapa\/wp-json\/wp\/v2\/media?parent=10571"}],"wp:term":[{"taxonomy":"category","embeddable":true,"href":"https:\/\/www.ifbaiano.edu.br\/unidades\/lapa\/wp-json\/wp\/v2\/categories?post=10571"},{"taxonomy":"post_tag","embeddable":true,"href":"https:\/\/www.ifbaiano.edu.br\/unidades\/lapa\/wp-json\/wp\/v2\/tags?post=10571"}],"curies":[{"name":"wp","href":"https:\/\/api.w.org\/{rel}","templated":true}]}}