{"id":10606,"date":"2018-05-28T11:54:48","date_gmt":"2018-05-28T14:54:48","guid":{"rendered":"http:\/\/www.ifbaiano.edu.br\/unidades\/lapa\/?p=10606"},"modified":"2018-05-28T11:56:26","modified_gmt":"2018-05-28T14:56:26","slug":"manutencao-da-suspensao-das-atividades-pedagogicas-e-administrativas-no-campus-bom-jesus-da-lapa","status":"publish","type":"post","link":"https:\/\/www.ifbaiano.edu.br\/unidades\/lapa\/2018\/05\/28\/manutencao-da-suspensao-das-atividades-pedagogicas-e-administrativas-no-campus-bom-jesus-da-lapa\/","title":{"rendered":"Manuten\u00e7\u00e3o da Suspens\u00e3o das Atividades Pedag\u00f3gicas e Administrativas no Campus Bom Jesus da Lapa"},"content":{"rendered":"<p>A Dire\u00e7\u00e3o Geral do <em>Campus<\/em> Bom Jesus da Lapa vem informar, \u00e0 Comunidade Acad\u00eamica, a <strong>Manuten\u00e7\u00e3o da Suspens\u00e3o das Atividades Pedag\u00f3gicas e Administrativas no <em>Campus<\/em> Bom Jesus da Lapa<\/strong>, em raz\u00e3o das consequ\u00eancias da paralisa\u00e7\u00e3o nacional dos caminhoneiros que ocasionou, dentre outras:<\/p>\n<p>a) indisponibilidade de combust\u00edveis nos postos de abastecimento de Bom Jesus da Lapa e regi\u00e3o;<br \/>\nb) suspens\u00e3o dos transportes escolares que fazem os deslocamentos dos alunos, dos servidores e diminui\u00e7\u00e3o da frota de \u00f4nibus intermunicipais em decorr\u00eancia da falta de combust\u00edveis;<br \/>\nc) dificuldades de abastecimento de g\u00eaneros aliment\u00edcios e demais insumos, por parte dos fornecedores, para o refeit\u00f3rio do Campus.<\/p>\n<p>Havendo a normaliza\u00e7\u00e3o da situa\u00e7\u00e3o, retornaremos \u00e0s nossas atividades mediante comunicado a ser divulgado no site do Campus e e-mail institucional.<\/p>\n<p><a href=\"http:\/\/www.ifbaiano.edu.br\/unidades\/lapa\/files\/2018\/05\/NOTA_INFORMATIVA_N_02.pdf\" target=\"_blank\">Clique aqui para visualizar a NOTA INFORMATIVA N\u00ba 02\/2018\/DG<\/a><\/p>\n<p>&nbsp;<\/p>\n","protected":false},"excerpt":{"rendered":"<p>A Dire\u00e7\u00e3o Geral do Campus Bom Jesus da Lapa vem informar, \u00e0 Comunidade Acad\u00eamica, a Manuten\u00e7\u00e3o da Suspens\u00e3o das Atividades Pedag\u00f3gicas e Administrativas no Campus Bom Jesus da Lapa, em raz\u00e3o das consequ\u00eancias da paralisa\u00e7\u00e3o nacional dos caminhoneiros que ocasionou, dentre outras: a) indisponibilidade de combust\u00edveis nos postos de abastecimento de Bom Jesus da Lapa [&hellip;]<\/p>\n","protected":false},"author":95,"featured_media":0,"comment_status":"open","ping_status":"open","sticky":false,"template":"","format":"standard","meta":[],"categories":[64,24,65],"tags":[],"_links":{"self":[{"href":"https:\/\/www.ifbaiano.edu.br\/unidades\/lapa\/wp-json\/wp\/v2\/posts\/10606"}],"collection":[{"href":"https:\/\/www.ifbaiano.edu.br\/unidades\/lapa\/wp-json\/wp\/v2\/posts"}],"about":[{"href":"https:\/\/www.ifbaiano.edu.br\/unidades\/lapa\/wp-json\/wp\/v2\/types\/post"}],"author":[{"embeddable":true,"href":"https:\/\/www.ifbaiano.edu.br\/unidades\/lapa\/wp-json\/wp\/v2\/users\/95"}],"replies":[{"embeddable":true,"href":"https:\/\/www.ifbaiano.edu.br\/unidades\/lapa\/wp-json\/wp\/v2\/comments?post=10606"}],"version-history":[{"count":1,"href":"https:\/\/www.ifbaiano.edu.br\/unidades\/lapa\/wp-json\/wp\/v2\/posts\/10606\/revisions"}],"predecessor-version":[{"id":10608,"href":"https:\/\/www.ifbaiano.edu.br\/unidades\/lapa\/wp-json\/wp\/v2\/posts\/10606\/revisions\/10608"}],"wp:attachment":[{"href":"https:\/\/www.ifbaiano.edu.br\/unidades\/lapa\/wp-json\/wp\/v2\/media?parent=10606"}],"wp:term":[{"taxonomy":"category","embeddable":true,"href":"https:\/\/www.ifbaiano.edu.br\/unidades\/lapa\/wp-json\/wp\/v2\/categories?post=10606"},{"taxonomy":"post_tag","embeddable":true,"href":"https:\/\/www.ifbaiano.edu.br\/unidades\/lapa\/wp-json\/wp\/v2\/tags?post=10606"}],"curies":[{"name":"wp","href":"https:\/\/api.w.org\/{rel}","templated":true}]}}