{"id":10610,"date":"2018-06-01T09:59:21","date_gmt":"2018-06-01T12:59:21","guid":{"rendered":"http:\/\/www.ifbaiano.edu.br\/unidades\/lapa\/?p=10610"},"modified":"2018-06-01T10:03:56","modified_gmt":"2018-06-01T13:03:56","slug":"retorno-as-atividades-pedagogicas-e-administrativas-no-campus-bom-jesus-da-lapa","status":"publish","type":"post","link":"https:\/\/www.ifbaiano.edu.br\/unidades\/lapa\/2018\/06\/01\/retorno-as-atividades-pedagogicas-e-administrativas-no-campus-bom-jesus-da-lapa\/","title":{"rendered":"Retorno \u00e0s Atividades Pedag\u00f3gicas e Administrativas no Campus Bom Jesus da Lapa."},"content":{"rendered":"<p>A Dire\u00e7\u00e3o Geral do Campus Bom Jesus da Lapa vem informar, \u00e0 Comunidade Acad\u00eamica, que as atividades pedag\u00f3gicas e administrativas ser\u00e3o retomadas no Campus Bom Jesus da Lapa, nesta segunda-feira, 04 de junho de 2018.<\/p>\n<p>A reposi\u00e7\u00e3o dos dias letivos ser\u00e1 discutida com a Comunidade Acad\u00eamica e, posteriormente, divulgada.<br \/>\n<a href=\"http:\/\/www.ifbaiano.edu.br\/unidades\/lapa\/files\/2018\/06\/NOTA-INFORMATIVA-N\u00ba-03-Retorno-\u00e0s-atividades-pedag\u00f3gicas-e-administrativas.pdf\" target=\"_blank\">NOTA INFORMATIVA N\u00ba 03 &#8211; Retorno \u00e0s atividades pedag\u00f3gicas e administrativas<\/a><\/p>\n","protected":false},"excerpt":{"rendered":"<p>A Dire\u00e7\u00e3o Geral do Campus Bom Jesus da Lapa vem informar, \u00e0 Comunidade Acad\u00eamica, que as atividades pedag\u00f3gicas e administrativas ser\u00e3o retomadas no Campus Bom Jesus da Lapa, nesta segunda-feira, 04 de junho de 2018. A reposi\u00e7\u00e3o dos dias letivos ser\u00e1 discutida com a Comunidade Acad\u00eamica e, posteriormente, divulgada. NOTA INFORMATIVA N\u00ba 03 &#8211; Retorno [&hellip;]<\/p>\n","protected":false},"author":100,"featured_media":0,"comment_status":"open","ping_status":"open","sticky":false,"template":"","format":"standard","meta":[],"categories":[64,24,65],"tags":[],"_links":{"self":[{"href":"https:\/\/www.ifbaiano.edu.br\/unidades\/lapa\/wp-json\/wp\/v2\/posts\/10610"}],"collection":[{"href":"https:\/\/www.ifbaiano.edu.br\/unidades\/lapa\/wp-json\/wp\/v2\/posts"}],"about":[{"href":"https:\/\/www.ifbaiano.edu.br\/unidades\/lapa\/wp-json\/wp\/v2\/types\/post"}],"author":[{"embeddable":true,"href":"https:\/\/www.ifbaiano.edu.br\/unidades\/lapa\/wp-json\/wp\/v2\/users\/100"}],"replies":[{"embeddable":true,"href":"https:\/\/www.ifbaiano.edu.br\/unidades\/lapa\/wp-json\/wp\/v2\/comments?post=10610"}],"version-history":[{"count":3,"href":"https:\/\/www.ifbaiano.edu.br\/unidades\/lapa\/wp-json\/wp\/v2\/posts\/10610\/revisions"}],"predecessor-version":[{"id":10614,"href":"https:\/\/www.ifbaiano.edu.br\/unidades\/lapa\/wp-json\/wp\/v2\/posts\/10610\/revisions\/10614"}],"wp:attachment":[{"href":"https:\/\/www.ifbaiano.edu.br\/unidades\/lapa\/wp-json\/wp\/v2\/media?parent=10610"}],"wp:term":[{"taxonomy":"category","embeddable":true,"href":"https:\/\/www.ifbaiano.edu.br\/unidades\/lapa\/wp-json\/wp\/v2\/categories?post=10610"},{"taxonomy":"post_tag","embeddable":true,"href":"https:\/\/www.ifbaiano.edu.br\/unidades\/lapa\/wp-json\/wp\/v2\/tags?post=10610"}],"curies":[{"name":"wp","href":"https:\/\/api.w.org\/{rel}","templated":true}]}}