{"id":10659,"date":"2018-06-04T11:45:34","date_gmt":"2018-06-04T14:45:34","guid":{"rendered":"http:\/\/www.ifbaiano.edu.br\/unidades\/lapa\/?p=10659"},"modified":"2018-06-04T11:45:34","modified_gmt":"2018-06-04T14:45:34","slug":"prorrogadas-as-inscricoes-do-pro-extensao-2018","status":"publish","type":"post","link":"https:\/\/www.ifbaiano.edu.br\/unidades\/lapa\/2018\/06\/04\/prorrogadas-as-inscricoes-do-pro-extensao-2018\/","title":{"rendered":"Prorrogadas as inscri\u00e7\u00f5es do Pr\u00f3-Extens\u00e3o 2018"},"content":{"rendered":"<p>A coordena\u00e7\u00e3o de extens\u00e3o do Campus Bom Jesus da Lapa torna p\u00fablica a prorroga\u00e7\u00e3o do prazo de inscri\u00e7\u00f5es de projetos na Chamada Interna 01\/2018 &#8211; Pr\u00f3-Extens\u00e3o. O novo prazo vai at\u00e9 o dia 18 de junho. Confiram a nota divulgada pela comiss\u00e3o no seguinte link:<\/p>\n<p><a href=\"http:\/\/ifbaiano.edu.br\/portal\/extensao\/wp-content\/uploads\/sites\/4\/2018\/05\/Nota-Informativa_Prorroga%C3%A7%C3%A3o-submiss%C3%B5es_Pr%C3%B3_Extens%C3%A3o-2018-nova.pdf\" target=\"_blank\">http:\/\/ifbaiano.edu.br\/portal\/extensao\/wp-content\/uploads\/sites\/4\/2018\/05\/Nota-Informativa_Prorroga%C3%A7%C3%A3o-submiss%C3%B5es_Pr%C3%B3_Extens%C3%A3o-2018-nova.pdf<\/a><\/p>\n<p>&nbsp;<\/p>\n","protected":false},"excerpt":{"rendered":"<p>A coordena\u00e7\u00e3o de extens\u00e3o do Campus Bom Jesus da Lapa torna p\u00fablica a prorroga\u00e7\u00e3o do prazo de inscri\u00e7\u00f5es de projetos na Chamada Interna 01\/2018 &#8211; Pr\u00f3-Extens\u00e3o. O novo prazo vai at\u00e9 o dia 18 de junho. Confiram a nota divulgada pela comiss\u00e3o no seguinte link: http:\/\/ifbaiano.edu.br\/portal\/extensao\/wp-content\/uploads\/sites\/4\/2018\/05\/Nota-Informativa_Prorroga%C3%A7%C3%A3o-submiss%C3%B5es_Pr%C3%B3_Extens%C3%A3o-2018-nova.pdf &nbsp;<\/p>\n","protected":false},"author":95,"featured_media":0,"comment_status":"open","ping_status":"open","sticky":false,"template":"","format":"standard","meta":[],"categories":[64,24,65],"tags":[],"_links":{"self":[{"href":"https:\/\/www.ifbaiano.edu.br\/unidades\/lapa\/wp-json\/wp\/v2\/posts\/10659"}],"collection":[{"href":"https:\/\/www.ifbaiano.edu.br\/unidades\/lapa\/wp-json\/wp\/v2\/posts"}],"about":[{"href":"https:\/\/www.ifbaiano.edu.br\/unidades\/lapa\/wp-json\/wp\/v2\/types\/post"}],"author":[{"embeddable":true,"href":"https:\/\/www.ifbaiano.edu.br\/unidades\/lapa\/wp-json\/wp\/v2\/users\/95"}],"replies":[{"embeddable":true,"href":"https:\/\/www.ifbaiano.edu.br\/unidades\/lapa\/wp-json\/wp\/v2\/comments?post=10659"}],"version-history":[{"count":1,"href":"https:\/\/www.ifbaiano.edu.br\/unidades\/lapa\/wp-json\/wp\/v2\/posts\/10659\/revisions"}],"predecessor-version":[{"id":10660,"href":"https:\/\/www.ifbaiano.edu.br\/unidades\/lapa\/wp-json\/wp\/v2\/posts\/10659\/revisions\/10660"}],"wp:attachment":[{"href":"https:\/\/www.ifbaiano.edu.br\/unidades\/lapa\/wp-json\/wp\/v2\/media?parent=10659"}],"wp:term":[{"taxonomy":"category","embeddable":true,"href":"https:\/\/www.ifbaiano.edu.br\/unidades\/lapa\/wp-json\/wp\/v2\/categories?post=10659"},{"taxonomy":"post_tag","embeddable":true,"href":"https:\/\/www.ifbaiano.edu.br\/unidades\/lapa\/wp-json\/wp\/v2\/tags?post=10659"}],"curies":[{"name":"wp","href":"https:\/\/api.w.org\/{rel}","templated":true}]}}