{"id":10663,"date":"2018-06-04T13:53:41","date_gmt":"2018-06-04T16:53:41","guid":{"rendered":"http:\/\/www.ifbaiano.edu.br\/unidades\/lapa\/?p=10663"},"modified":"2018-06-04T14:01:32","modified_gmt":"2018-06-04T17:01:32","slug":"ato-comemorativo-a-semana-do-meio-ambiente","status":"publish","type":"post","link":"https:\/\/www.ifbaiano.edu.br\/unidades\/lapa\/2018\/06\/04\/ato-comemorativo-a-semana-do-meio-ambiente\/","title":{"rendered":"Ato comemorativo \u00e0 Semana do Meio Ambiente"},"content":{"rendered":"<p><img decoding=\"async\" loading=\"lazy\" class=\"aligncenter size-full wp-image-10664\" src=\"http:\/\/www.ifbaiano.edu.br\/unidades\/lapa\/files\/2018\/06\/DIVULGACAO_MEIO_AMBIENTE.jpeg\" alt=\"DIVULGACAO_MEIO_AMBIENTE\" width=\"500\" height=\"701\" \/><br \/>\nAmanh\u00e3 dia 05 de junho comemoramos o Dia Mundial do Meio Ambiente. Reconhecendo a import\u00e2ncia desta tem\u00e1tica e considerando que o tema em quest\u00e3o deve nortear todas as nossas pr\u00e1ticas cotidianas estamos organizando uma programa\u00e7\u00e3o e convidamos todos os alunos, professores, t\u00e9cnicos e demais interessados para se fazerem presentes.<\/p>\n<p>Ratificamos a necessidade de garantir a presen\u00e7a dos nossos alunos dos cursos t\u00e9cnicos integrados, subsequentes e superior, tendo em vista que esta atividade faz parte do calend\u00e1rio acad\u00eamico e est\u00e1 sendo programada para atender toda a comunidade acad\u00eamica do IF Baiano, campus Bom Jesus da Lapa.<\/p>\n<p><strong><u>Comemora\u00e7\u00e3o do Dia Mundial do Meio Ambiente<\/u><\/strong><br \/>\n<strong>Quando:<\/strong>\u00a005 de Junho de 2018<br \/>\n<strong>Que horas:<\/strong>\u00a010:00h<br \/>\n<strong>Onde:<\/strong>\u00a0Audit\u00f3rio do Campus Bom Jesus da Lapa<\/p>\n<p>&nbsp;<\/p>\n","protected":false},"excerpt":{"rendered":"<p>Amanh\u00e3 dia 05 de junho comemoramos o Dia Mundial do Meio Ambiente. Reconhecendo a import\u00e2ncia desta tem\u00e1tica e considerando que o tema em quest\u00e3o deve nortear todas as nossas pr\u00e1ticas cotidianas estamos organizando uma programa\u00e7\u00e3o e convidamos todos os alunos, professores, t\u00e9cnicos e demais interessados para se fazerem presentes. Ratificamos a necessidade de garantir a [&hellip;]<\/p>\n","protected":false},"author":95,"featured_media":0,"comment_status":"open","ping_status":"open","sticky":false,"template":"","format":"standard","meta":[],"categories":[64,24,65],"tags":[],"_links":{"self":[{"href":"https:\/\/www.ifbaiano.edu.br\/unidades\/lapa\/wp-json\/wp\/v2\/posts\/10663"}],"collection":[{"href":"https:\/\/www.ifbaiano.edu.br\/unidades\/lapa\/wp-json\/wp\/v2\/posts"}],"about":[{"href":"https:\/\/www.ifbaiano.edu.br\/unidades\/lapa\/wp-json\/wp\/v2\/types\/post"}],"author":[{"embeddable":true,"href":"https:\/\/www.ifbaiano.edu.br\/unidades\/lapa\/wp-json\/wp\/v2\/users\/95"}],"replies":[{"embeddable":true,"href":"https:\/\/www.ifbaiano.edu.br\/unidades\/lapa\/wp-json\/wp\/v2\/comments?post=10663"}],"version-history":[{"count":8,"href":"https:\/\/www.ifbaiano.edu.br\/unidades\/lapa\/wp-json\/wp\/v2\/posts\/10663\/revisions"}],"predecessor-version":[{"id":10672,"href":"https:\/\/www.ifbaiano.edu.br\/unidades\/lapa\/wp-json\/wp\/v2\/posts\/10663\/revisions\/10672"}],"wp:attachment":[{"href":"https:\/\/www.ifbaiano.edu.br\/unidades\/lapa\/wp-json\/wp\/v2\/media?parent=10663"}],"wp:term":[{"taxonomy":"category","embeddable":true,"href":"https:\/\/www.ifbaiano.edu.br\/unidades\/lapa\/wp-json\/wp\/v2\/categories?post=10663"},{"taxonomy":"post_tag","embeddable":true,"href":"https:\/\/www.ifbaiano.edu.br\/unidades\/lapa\/wp-json\/wp\/v2\/tags?post=10663"}],"curies":[{"name":"wp","href":"https:\/\/api.w.org\/{rel}","templated":true}]}}