{"id":10681,"date":"2018-06-05T17:32:08","date_gmt":"2018-06-05T20:32:08","guid":{"rendered":"http:\/\/www.ifbaiano.edu.br\/unidades\/lapa\/?p=10681"},"modified":"2018-06-05T17:32:08","modified_gmt":"2018-06-05T20:32:08","slug":"campus-bom-jesus-da-lapa-tem-a-honra-de-convida-lo-a-para-a-mostra-cultural-2018","status":"publish","type":"post","link":"https:\/\/www.ifbaiano.edu.br\/unidades\/lapa\/2018\/06\/05\/campus-bom-jesus-da-lapa-tem-a-honra-de-convida-lo-a-para-a-mostra-cultural-2018\/","title":{"rendered":"Campus Bom Jesus da Lapa tem a honra de convid\u00e1-lo (a) para a Mostra Cultural 2018"},"content":{"rendered":"<p><img decoding=\"async\" loading=\"lazy\" class=\"aligncenter size-full wp-image-10682\" src=\"http:\/\/www.ifbaiano.edu.br\/unidades\/lapa\/files\/2018\/06\/CONVITE-mostra-cultural-velho-chico.jpg\" alt=\"CONVITE-mostra-cultural-velho-chico\" width=\"960\" height=\"720\" \/><\/p>\n<p>O IF Baiano &#8211; Campus Bom Jesus da Lapa tem a honra de convid\u00e1-lo (a) para a Mostra Cultural 2018, que prop\u00f5e um mergulho cultural atrav\u00e9s de apresenta\u00e7\u00f5es, oficinas e exposi\u00e7\u00f5es ligadas \u00e0 arte e \u00e0 cultura do Territ\u00f3rio Velho Chico. \u00a0Atrav\u00e9s da diversidade sociocultural do territ\u00f3rio, a Mostra busca proporcionar a intera\u00e7\u00e3o entre a comunidade escolar e a comunidade externa, promover a troca de experi\u00eancia entre servidores e estudantes, estimulando o desenvolvimento cultural, hist\u00f3rico e a sensibilidade art\u00edstica.<\/p>\n","protected":false},"excerpt":{"rendered":"<p>O IF Baiano &#8211; Campus Bom Jesus da Lapa tem a honra de convid\u00e1-lo (a) para a Mostra Cultural 2018, que prop\u00f5e um mergulho cultural atrav\u00e9s de apresenta\u00e7\u00f5es, oficinas e exposi\u00e7\u00f5es ligadas \u00e0 arte e \u00e0 cultura do Territ\u00f3rio Velho Chico. \u00a0Atrav\u00e9s da diversidade sociocultural do territ\u00f3rio, a Mostra busca proporcionar a intera\u00e7\u00e3o entre a [&hellip;]<\/p>\n","protected":false},"author":95,"featured_media":0,"comment_status":"open","ping_status":"open","sticky":false,"template":"","format":"standard","meta":[],"categories":[64,24,65],"tags":[],"_links":{"self":[{"href":"https:\/\/www.ifbaiano.edu.br\/unidades\/lapa\/wp-json\/wp\/v2\/posts\/10681"}],"collection":[{"href":"https:\/\/www.ifbaiano.edu.br\/unidades\/lapa\/wp-json\/wp\/v2\/posts"}],"about":[{"href":"https:\/\/www.ifbaiano.edu.br\/unidades\/lapa\/wp-json\/wp\/v2\/types\/post"}],"author":[{"embeddable":true,"href":"https:\/\/www.ifbaiano.edu.br\/unidades\/lapa\/wp-json\/wp\/v2\/users\/95"}],"replies":[{"embeddable":true,"href":"https:\/\/www.ifbaiano.edu.br\/unidades\/lapa\/wp-json\/wp\/v2\/comments?post=10681"}],"version-history":[{"count":1,"href":"https:\/\/www.ifbaiano.edu.br\/unidades\/lapa\/wp-json\/wp\/v2\/posts\/10681\/revisions"}],"predecessor-version":[{"id":10683,"href":"https:\/\/www.ifbaiano.edu.br\/unidades\/lapa\/wp-json\/wp\/v2\/posts\/10681\/revisions\/10683"}],"wp:attachment":[{"href":"https:\/\/www.ifbaiano.edu.br\/unidades\/lapa\/wp-json\/wp\/v2\/media?parent=10681"}],"wp:term":[{"taxonomy":"category","embeddable":true,"href":"https:\/\/www.ifbaiano.edu.br\/unidades\/lapa\/wp-json\/wp\/v2\/categories?post=10681"},{"taxonomy":"post_tag","embeddable":true,"href":"https:\/\/www.ifbaiano.edu.br\/unidades\/lapa\/wp-json\/wp\/v2\/tags?post=10681"}],"curies":[{"name":"wp","href":"https:\/\/api.w.org\/{rel}","templated":true}]}}