{"id":10707,"date":"2018-06-14T18:12:56","date_gmt":"2018-06-14T21:12:56","guid":{"rendered":"http:\/\/www.ifbaiano.edu.br\/unidades\/lapa\/?p=10707"},"modified":"2018-06-14T18:36:56","modified_gmt":"2018-06-14T21:36:56","slug":"programa-de-monitoria-2018-publicacao-de-edital-de-retificacao","status":"publish","type":"post","link":"https:\/\/www.ifbaiano.edu.br\/unidades\/lapa\/2018\/06\/14\/programa-de-monitoria-2018-publicacao-de-edital-de-retificacao\/","title":{"rendered":"Programa de Monitoria 2018 &#8211; Publicada retifica\u00e7\u00e3o ao Edital n\u00ba 12 de 25\/05\/2018"},"content":{"rendered":"<p>O Diretor Geral do IF Baiano &#8211; Campus Bom Jesus da Lapa torna p\u00fablico RETIFICA\u00c7\u00c3O ao edital n\u00ba 12 de 25 de maio de 2018 referente ao processo seletivo para monitores bolsistas e volunt\u00e1rios dos cursos t\u00e9cnicos de n\u00edvel m\u00e9dio e curso de gradua\u00e7\u00e3o.<\/p>\n<p><a href=\"http:\/\/www.ifbaiano.edu.br\/unidades\/lapa\/files\/2018\/06\/RETIFICACAO-EDITAL.pdf\" target=\"_blank\">EDITAL DE RETIFICA\u00c7\u00c3O<\/a><\/p>\n<p><a href=\"http:\/\/www.ifbaiano.edu.br\/unidades\/lapa\/processo_seletivo\/\">P\u00c1GINA DO PROCESSO SELETIVO<\/a><\/p>\n<p>&nbsp;<\/p>\n","protected":false},"excerpt":{"rendered":"<p>O Diretor Geral do IF Baiano &#8211; Campus Bom Jesus da Lapa torna p\u00fablico RETIFICA\u00c7\u00c3O ao edital n\u00ba 12 de 25 de maio de 2018 referente ao processo seletivo para monitores bolsistas e volunt\u00e1rios dos cursos t\u00e9cnicos de n\u00edvel m\u00e9dio e curso de gradua\u00e7\u00e3o. EDITAL DE RETIFICA\u00c7\u00c3O P\u00c1GINA DO PROCESSO SELETIVO &nbsp;<\/p>\n","protected":false},"author":95,"featured_media":0,"comment_status":"open","ping_status":"open","sticky":false,"template":"","format":"standard","meta":[],"categories":[34,64,24,65],"tags":[],"_links":{"self":[{"href":"https:\/\/www.ifbaiano.edu.br\/unidades\/lapa\/wp-json\/wp\/v2\/posts\/10707"}],"collection":[{"href":"https:\/\/www.ifbaiano.edu.br\/unidades\/lapa\/wp-json\/wp\/v2\/posts"}],"about":[{"href":"https:\/\/www.ifbaiano.edu.br\/unidades\/lapa\/wp-json\/wp\/v2\/types\/post"}],"author":[{"embeddable":true,"href":"https:\/\/www.ifbaiano.edu.br\/unidades\/lapa\/wp-json\/wp\/v2\/users\/95"}],"replies":[{"embeddable":true,"href":"https:\/\/www.ifbaiano.edu.br\/unidades\/lapa\/wp-json\/wp\/v2\/comments?post=10707"}],"version-history":[{"count":4,"href":"https:\/\/www.ifbaiano.edu.br\/unidades\/lapa\/wp-json\/wp\/v2\/posts\/10707\/revisions"}],"predecessor-version":[{"id":10719,"href":"https:\/\/www.ifbaiano.edu.br\/unidades\/lapa\/wp-json\/wp\/v2\/posts\/10707\/revisions\/10719"}],"wp:attachment":[{"href":"https:\/\/www.ifbaiano.edu.br\/unidades\/lapa\/wp-json\/wp\/v2\/media?parent=10707"}],"wp:term":[{"taxonomy":"category","embeddable":true,"href":"https:\/\/www.ifbaiano.edu.br\/unidades\/lapa\/wp-json\/wp\/v2\/categories?post=10707"},{"taxonomy":"post_tag","embeddable":true,"href":"https:\/\/www.ifbaiano.edu.br\/unidades\/lapa\/wp-json\/wp\/v2\/tags?post=10707"}],"curies":[{"name":"wp","href":"https:\/\/api.w.org\/{rel}","templated":true}]}}