{"id":10714,"date":"2018-06-14T18:20:14","date_gmt":"2018-06-14T21:20:14","guid":{"rendered":"http:\/\/www.ifbaiano.edu.br\/unidades\/lapa\/?p=10714"},"modified":"2018-06-15T10:15:43","modified_gmt":"2018-06-15T13:15:43","slug":"programa-de-monitoria-2018-resultado-preliminar","status":"publish","type":"post","link":"https:\/\/www.ifbaiano.edu.br\/unidades\/lapa\/2018\/06\/14\/programa-de-monitoria-2018-resultado-preliminar\/","title":{"rendered":"Programa de Monitoria 2018 &#8211; Resultado Preliminar"},"content":{"rendered":"<p>O Diretor Geral do IF Baiano &#8211; Campus Bom Jesus da Lapa e a Comiss\u00e3o Permanente do Programa de Monitoria de Ensino 2018, tornam p\u00fablico o Resultado Preliminar de sele\u00e7\u00e3o de monitores de ensino para os cursos da Educa\u00e7\u00e3o Profissional T\u00e9cnica de N\u00edvel M\u00e9dio e de Gradua\u00e7\u00e3o, para o ano letivo 2018, conforme Edital n\u00ba 12, de 25 de maio de 2018.<\/p>\n<p><a href=\"http:\/\/www.ifbaiano.edu.br\/unidades\/lapa\/files\/2016\/07\/Divulgacao-de-resultado-preliminar-pos-retificacao.pdf\" target=\"_blank\">RESULTADO PRELIMINAR P\u00d3S RETIFICA\u00c7\u00c3O<\/a><\/p>\n<p><a href=\"http:\/\/www.ifbaiano.edu.br\/unidades\/lapa\/files\/2018\/06\/RESULTADO-PRELIMINAR-MONITORIA-DE-ENSINO-2018.pdf\" target=\"_blank\">RESULTADO PRELIMINAR<\/a><\/p>\n<p><a href=\"http:\/\/www.ifbaiano.edu.br\/unidades\/lapa\/processo_seletivo\/\">P\u00c1GINA DO PROCESSO SELETIVO<\/a><\/p>\n<p>&nbsp;<\/p>\n","protected":false},"excerpt":{"rendered":"<p>O Diretor Geral do IF Baiano &#8211; Campus Bom Jesus da Lapa e a Comiss\u00e3o Permanente do Programa de Monitoria de Ensino 2018, tornam p\u00fablico o Resultado Preliminar de sele\u00e7\u00e3o de monitores de ensino para os cursos da Educa\u00e7\u00e3o Profissional T\u00e9cnica de N\u00edvel M\u00e9dio e de Gradua\u00e7\u00e3o, para o ano letivo 2018, conforme Edital n\u00ba [&hellip;]<\/p>\n","protected":false},"author":95,"featured_media":0,"comment_status":"open","ping_status":"open","sticky":false,"template":"","format":"standard","meta":[],"categories":[34,64,24,65],"tags":[],"_links":{"self":[{"href":"https:\/\/www.ifbaiano.edu.br\/unidades\/lapa\/wp-json\/wp\/v2\/posts\/10714"}],"collection":[{"href":"https:\/\/www.ifbaiano.edu.br\/unidades\/lapa\/wp-json\/wp\/v2\/posts"}],"about":[{"href":"https:\/\/www.ifbaiano.edu.br\/unidades\/lapa\/wp-json\/wp\/v2\/types\/post"}],"author":[{"embeddable":true,"href":"https:\/\/www.ifbaiano.edu.br\/unidades\/lapa\/wp-json\/wp\/v2\/users\/95"}],"replies":[{"embeddable":true,"href":"https:\/\/www.ifbaiano.edu.br\/unidades\/lapa\/wp-json\/wp\/v2\/comments?post=10714"}],"version-history":[{"count":3,"href":"https:\/\/www.ifbaiano.edu.br\/unidades\/lapa\/wp-json\/wp\/v2\/posts\/10714\/revisions"}],"predecessor-version":[{"id":10723,"href":"https:\/\/www.ifbaiano.edu.br\/unidades\/lapa\/wp-json\/wp\/v2\/posts\/10714\/revisions\/10723"}],"wp:attachment":[{"href":"https:\/\/www.ifbaiano.edu.br\/unidades\/lapa\/wp-json\/wp\/v2\/media?parent=10714"}],"wp:term":[{"taxonomy":"category","embeddable":true,"href":"https:\/\/www.ifbaiano.edu.br\/unidades\/lapa\/wp-json\/wp\/v2\/categories?post=10714"},{"taxonomy":"post_tag","embeddable":true,"href":"https:\/\/www.ifbaiano.edu.br\/unidades\/lapa\/wp-json\/wp\/v2\/tags?post=10714"}],"curies":[{"name":"wp","href":"https:\/\/api.w.org\/{rel}","templated":true}]}}