{"id":10724,"date":"2018-06-15T17:25:54","date_gmt":"2018-06-15T20:25:54","guid":{"rendered":"http:\/\/www.ifbaiano.edu.br\/unidades\/lapa\/?p=10724"},"modified":"2018-06-15T17:26:49","modified_gmt":"2018-06-15T20:26:49","slug":"ato-comemorativo-ao-dia-do-meio-ambiente","status":"publish","type":"post","link":"https:\/\/www.ifbaiano.edu.br\/unidades\/lapa\/2018\/06\/15\/ato-comemorativo-ao-dia-do-meio-ambiente\/","title":{"rendered":"Ato Comemorativo ao dia do Meio Ambiente"},"content":{"rendered":"<p>No dia 05 de junho, foi realizado no audit\u00f3rio do Campus o Ato comemorativo \u00e0 Semana do meio Ambiente. Na ocasi\u00e3o, houve a participa\u00e7\u00e3o do presidente do Comit\u00ea da Bacia Hidrogr\u00e1fica do Rio Corrente e ge\u00f3grafo Sr. Jo\u00e3o Batista, al\u00e9m do representante da Comiss\u00e3o da Pastoral da Terra e Engenheiro Agr\u00f4nomo Sr. Samuel Brito. Foi tema central a discuss\u00e3o das identidades constru\u00eddas atrav\u00e9s da rela\u00e7\u00e3o &#8220;Natureza e Sociedade: Meu eu no ambiente em que me encontro&#8221;. A atividade contou com a presen\u00e7a dos discentes dos cursos integrados, subsequentes e superior, como tamb\u00e9m dos servidores. A comiss\u00e3o do evento referente \u00e0 semana do Meio Ambiente destaca que est\u00e3o previstas novas a\u00e7\u00f5es referentes a esta t\u00e3o importante data comemorativa entre os dias 07 e 18 de julho.<\/p>\n<p>&nbsp;<\/p>\n\n\t\t<style type=\"text\/css\">\n\t\t\t#gallery-1 {\n\t\t\t\tmargin: auto;\n\t\t\t}\n\t\t\t#gallery-1 .gallery-item {\n\t\t\t\tfloat: left;\n\t\t\t\tmargin-top: 10px;\n\t\t\t\ttext-align: center;\n\t\t\t\twidth: 33%;\n\t\t\t}\n\t\t\t#gallery-1 img {\n\t\t\t\tborder: 2px solid #cfcfcf;\n\t\t\t}\n\t\t\t#gallery-1 .gallery-caption {\n\t\t\t\tmargin-left: 0;\n\t\t\t}\n\t\t\t\/* see gallery_shortcode() in wp-includes\/media.php *\/\n\t\t<\/style>\n\t\t<div id='gallery-1' class='gallery galleryid-10724 gallery-columns-3 gallery-size-thumbnail'><dl class='gallery-item'>\n\t\t\t<dt class='gallery-icon landscape'>\n\t\t\t\t<a href='https:\/\/www.ifbaiano.edu.br\/unidades\/lapa\/2018\/06\/15\/ato-comemorativo-ao-dia-do-meio-ambiente\/img_2444\/'><img width=\"150\" height=\"100\" src=\"https:\/\/www.ifbaiano.edu.br\/unidades\/lapa\/files\/2018\/06\/IMG_2444.jpg\" class=\"attachment-thumbnail size-thumbnail\" alt=\"\" decoding=\"async\" loading=\"lazy\" \/><\/a>\n\t\t\t<\/dt><\/dl><dl class='gallery-item'>\n\t\t\t<dt class='gallery-icon landscape'>\n\t\t\t\t<a href='https:\/\/www.ifbaiano.edu.br\/unidades\/lapa\/2018\/06\/15\/ato-comemorativo-ao-dia-do-meio-ambiente\/img_2456\/'><img width=\"150\" height=\"100\" src=\"https:\/\/www.ifbaiano.edu.br\/unidades\/lapa\/files\/2018\/06\/IMG_2456.jpg\" class=\"attachment-thumbnail size-thumbnail\" alt=\"\" decoding=\"async\" loading=\"lazy\" \/><\/a>\n\t\t\t<\/dt><\/dl><dl class='gallery-item'>\n\t\t\t<dt class='gallery-icon landscape'>\n\t\t\t\t<a href='https:\/\/www.ifbaiano.edu.br\/unidades\/lapa\/2018\/06\/15\/ato-comemorativo-ao-dia-do-meio-ambiente\/img_2470\/'><img width=\"150\" height=\"100\" src=\"https:\/\/www.ifbaiano.edu.br\/unidades\/lapa\/files\/2018\/06\/IMG_2470.jpg\" class=\"attachment-thumbnail size-thumbnail\" alt=\"\" decoding=\"async\" loading=\"lazy\" \/><\/a>\n\t\t\t<\/dt><\/dl><br style=\"clear: both\" \/><dl class='gallery-item'>\n\t\t\t<dt class='gallery-icon landscape'>\n\t\t\t\t<a href='https:\/\/www.ifbaiano.edu.br\/unidades\/lapa\/2018\/06\/15\/ato-comemorativo-ao-dia-do-meio-ambiente\/img_2483\/'><img width=\"150\" height=\"100\" src=\"https:\/\/www.ifbaiano.edu.br\/unidades\/lapa\/files\/2018\/06\/IMG_2483.jpg\" class=\"attachment-thumbnail size-thumbnail\" alt=\"\" decoding=\"async\" loading=\"lazy\" \/><\/a>\n\t\t\t<\/dt><\/dl><dl class='gallery-item'>\n\t\t\t<dt class='gallery-icon landscape'>\n\t\t\t\t<a href='https:\/\/www.ifbaiano.edu.br\/unidades\/lapa\/2018\/06\/15\/ato-comemorativo-ao-dia-do-meio-ambiente\/img_2510\/'><img width=\"150\" height=\"100\" src=\"https:\/\/www.ifbaiano.edu.br\/unidades\/lapa\/files\/2018\/06\/IMG_2510.jpg\" class=\"attachment-thumbnail size-thumbnail\" alt=\"\" decoding=\"async\" loading=\"lazy\" \/><\/a>\n\t\t\t<\/dt><\/dl><dl class='gallery-item'>\n\t\t\t<dt class='gallery-icon landscape'>\n\t\t\t\t<a href='https:\/\/www.ifbaiano.edu.br\/unidades\/lapa\/2018\/06\/15\/ato-comemorativo-ao-dia-do-meio-ambiente\/img_2520-2\/'><img width=\"150\" height=\"100\" src=\"https:\/\/www.ifbaiano.edu.br\/unidades\/lapa\/files\/2018\/06\/IMG_2520.jpg\" class=\"attachment-thumbnail size-thumbnail\" alt=\"\" decoding=\"async\" loading=\"lazy\" \/><\/a>\n\t\t\t<\/dt><\/dl><br style=\"clear: both\" \/>\n\t\t<\/div>\n\n<p>&nbsp;<\/p>\n","protected":false},"excerpt":{"rendered":"<p>No dia 05 de junho, foi realizado no audit\u00f3rio do Campus o Ato comemorativo \u00e0 Semana do meio Ambiente. Na ocasi\u00e3o, houve a participa\u00e7\u00e3o do presidente do Comit\u00ea da Bacia Hidrogr\u00e1fica do Rio Corrente e ge\u00f3grafo Sr. Jo\u00e3o Batista, al\u00e9m do representante da Comiss\u00e3o da Pastoral da Terra e Engenheiro Agr\u00f4nomo Sr. Samuel Brito. Foi [&hellip;]<\/p>\n","protected":false},"author":95,"featured_media":0,"comment_status":"open","ping_status":"open","sticky":false,"template":"","format":"standard","meta":[],"categories":[64,24,65],"tags":[],"_links":{"self":[{"href":"https:\/\/www.ifbaiano.edu.br\/unidades\/lapa\/wp-json\/wp\/v2\/posts\/10724"}],"collection":[{"href":"https:\/\/www.ifbaiano.edu.br\/unidades\/lapa\/wp-json\/wp\/v2\/posts"}],"about":[{"href":"https:\/\/www.ifbaiano.edu.br\/unidades\/lapa\/wp-json\/wp\/v2\/types\/post"}],"author":[{"embeddable":true,"href":"https:\/\/www.ifbaiano.edu.br\/unidades\/lapa\/wp-json\/wp\/v2\/users\/95"}],"replies":[{"embeddable":true,"href":"https:\/\/www.ifbaiano.edu.br\/unidades\/lapa\/wp-json\/wp\/v2\/comments?post=10724"}],"version-history":[{"count":2,"href":"https:\/\/www.ifbaiano.edu.br\/unidades\/lapa\/wp-json\/wp\/v2\/posts\/10724\/revisions"}],"predecessor-version":[{"id":10732,"href":"https:\/\/www.ifbaiano.edu.br\/unidades\/lapa\/wp-json\/wp\/v2\/posts\/10724\/revisions\/10732"}],"wp:attachment":[{"href":"https:\/\/www.ifbaiano.edu.br\/unidades\/lapa\/wp-json\/wp\/v2\/media?parent=10724"}],"wp:term":[{"taxonomy":"category","embeddable":true,"href":"https:\/\/www.ifbaiano.edu.br\/unidades\/lapa\/wp-json\/wp\/v2\/categories?post=10724"},{"taxonomy":"post_tag","embeddable":true,"href":"https:\/\/www.ifbaiano.edu.br\/unidades\/lapa\/wp-json\/wp\/v2\/tags?post=10724"}],"curies":[{"name":"wp","href":"https:\/\/api.w.org\/{rel}","templated":true}]}}