{"id":10744,"date":"2018-06-18T15:34:00","date_gmt":"2018-06-18T18:34:00","guid":{"rendered":"http:\/\/www.ifbaiano.edu.br\/unidades\/lapa\/?p=10744"},"modified":"2018-06-18T15:36:30","modified_gmt":"2018-06-18T18:36:30","slug":"dia-de-campo-sobre-producao-de-silagem-de-alta-qualidade-de-milho-e-sorgo","status":"publish","type":"post","link":"https:\/\/www.ifbaiano.edu.br\/unidades\/lapa\/2018\/06\/18\/dia-de-campo-sobre-producao-de-silagem-de-alta-qualidade-de-milho-e-sorgo\/","title":{"rendered":"Dia de Campo sobre Produ\u00e7\u00e3o de Silagem de Alta Qualidade de milho e sorgo"},"content":{"rendered":"<p><img decoding=\"async\" loading=\"lazy\" class=\"aligncenter size-full wp-image-10743\" src=\"http:\/\/www.ifbaiano.edu.br\/unidades\/lapa\/files\/2018\/06\/FOLDER-DIA-DE-CAMPO-AGROCERES.png\" alt=\"FOLDER-DIA-DE-CAMPO-AGROCERES\" width=\"1754\" height=\"1240\" \/><\/p>\n<p>&nbsp;<\/p>\n<p>A Diretoria Acad\u00eamica por meio da Prof\u00aa. Dra. Taissa de Souza Canaes, coordenadora do Curso de Forma\u00e7\u00e3o Continuada &#8220;Produ\u00e7\u00e3o de Pequenos Ruminantes&#8221;, parte do Projeto de Extens\u00e3o &#8220;De olho no rebanho caprino&#8221;, edital pr\u00f3-extens\u00e3o 03\/2017 e a Coordena\u00e7\u00e3o de Extens\u00e3o do IF Baiano, Campus Bom Jesus da Lapa convidam a todos para o Dia de Campo sobre Produ\u00e7\u00e3o de Silagem de Alta Qualidade de milho e sorgo com as seguintes tem\u00e1ticas:<\/p>\n<p>&#8211; Aspectos nutricionais de uma silagem de boa qualidade, ponto de colheita e qualidade;<br \/>\n&#8211; Compara\u00e7\u00e3o de sementes de milho e sorgo de maior produtividade e sementes mais tolerantes ao estresse h\u00eddrico (adequadas \u00e0 regi\u00e3o);<br \/>\n&#8211; Plantabilidade (parte pr\u00e1tica, plantio na \u00e1rea do IF);<br \/>\n&#8211; Aduba\u00e7\u00e3o na cultura do milho e sorgo para silagem;<br \/>\n&#8211; Sementes super-precoce.<\/p>\n<p>As inscri\u00e7\u00f5es s\u00e3o limitadas, e dever\u00e3o ser realizadas atrav\u00e9s do preenchimento do formul\u00e1rio de inscri\u00e7\u00e3o que dever\u00e1 ser entregues na sala da extens\u00e3o.<\/p>\n<p><a href=\"http:\/\/www.ifbaiano.edu.br\/unidades\/lapa\/files\/2018\/06\/FORMULARIO-INSCRICAO-dia-de-campo.pdf\" target=\"_blank\">CLIQUE AQUI PARA VISUALIZAR O FORMUL\u00c1RIO DE INSCRI\u00c7\u00c3O<\/a><\/p>\n<p>&nbsp;<\/p>\n","protected":false},"excerpt":{"rendered":"<p>&nbsp; A Diretoria Acad\u00eamica por meio da Prof\u00aa. Dra. Taissa de Souza Canaes, coordenadora do Curso de Forma\u00e7\u00e3o Continuada &#8220;Produ\u00e7\u00e3o de Pequenos Ruminantes&#8221;, parte do Projeto de Extens\u00e3o &#8220;De olho no rebanho caprino&#8221;, edital pr\u00f3-extens\u00e3o 03\/2017 e a Coordena\u00e7\u00e3o de Extens\u00e3o do IF Baiano, Campus Bom Jesus da Lapa convidam a todos para o Dia [&hellip;]<\/p>\n","protected":false},"author":95,"featured_media":0,"comment_status":"open","ping_status":"open","sticky":false,"template":"","format":"standard","meta":[],"categories":[64,24,65],"tags":[],"_links":{"self":[{"href":"https:\/\/www.ifbaiano.edu.br\/unidades\/lapa\/wp-json\/wp\/v2\/posts\/10744"}],"collection":[{"href":"https:\/\/www.ifbaiano.edu.br\/unidades\/lapa\/wp-json\/wp\/v2\/posts"}],"about":[{"href":"https:\/\/www.ifbaiano.edu.br\/unidades\/lapa\/wp-json\/wp\/v2\/types\/post"}],"author":[{"embeddable":true,"href":"https:\/\/www.ifbaiano.edu.br\/unidades\/lapa\/wp-json\/wp\/v2\/users\/95"}],"replies":[{"embeddable":true,"href":"https:\/\/www.ifbaiano.edu.br\/unidades\/lapa\/wp-json\/wp\/v2\/comments?post=10744"}],"version-history":[{"count":2,"href":"https:\/\/www.ifbaiano.edu.br\/unidades\/lapa\/wp-json\/wp\/v2\/posts\/10744\/revisions"}],"predecessor-version":[{"id":10746,"href":"https:\/\/www.ifbaiano.edu.br\/unidades\/lapa\/wp-json\/wp\/v2\/posts\/10744\/revisions\/10746"}],"wp:attachment":[{"href":"https:\/\/www.ifbaiano.edu.br\/unidades\/lapa\/wp-json\/wp\/v2\/media?parent=10744"}],"wp:term":[{"taxonomy":"category","embeddable":true,"href":"https:\/\/www.ifbaiano.edu.br\/unidades\/lapa\/wp-json\/wp\/v2\/categories?post=10744"},{"taxonomy":"post_tag","embeddable":true,"href":"https:\/\/www.ifbaiano.edu.br\/unidades\/lapa\/wp-json\/wp\/v2\/tags?post=10744"}],"curies":[{"name":"wp","href":"https:\/\/api.w.org\/{rel}","templated":true}]}}